{"id":10011,"date":"2018-05-07T07:00:00","date_gmt":"2018-05-07T06:00:00","guid":{"rendered":"https:\/\/swisstabletennis.ch\/neu\/team-wm-2018-bilanz-2\/"},"modified":"2018-05-07T07:00:00","modified_gmt":"2018-05-07T06:00:00","slug":"team-wm-2018-bilanz-2","status":"publish","type":"post","link":"https:\/\/www.swisstabletennis.ch\/fr\/team-wm-2018-bilanz-2\/","title":{"rendered":"Team-WM 2018 &#8211; Bilanz"},"content":{"rendered":"<p class=\"titel\"><strong><a class=\"jcepopup noicon\" href=\"https:\/\/www.swisstabletennis.ch\/wp-content\/uploads\/2018\/05\/WhatsApp_Image_2018-04-29_at_18.29.521.jpeg\" data-mediabox=\"1\"><img decoding=\"async\" class=\" alignleft size-full wp-image-10008\" style=\"margin-right: 20px; margin-bottom: 10px; float: left;\" src=\"https:\/\/www.swisstabletennis.ch\/wp-content\/uploads\/2018\/05\/WhatsApp_Image_2018-04-29_at_18.29.521.jpeg\" alt=\"WhatsApp Image 2018 04 29 at 18.29.521\" width=\"520\" srcset=\"https:\/\/www.swisstabletennis.ch\/wp-content\/uploads\/2018\/05\/WhatsApp_Image_2018-04-29_at_18.29.521.jpeg 1280w, https:\/\/www.swisstabletennis.ch\/wp-content\/uploads\/2018\/05\/WhatsApp_Image_2018-04-29_at_18.29.521-600x338.jpeg 600w\" sizes=\"(max-width: 1280px) 100vw, 1280px\" \/><\/a><\/strong>Objectif atteint, mais pas plus<\/p>\n<p><span class=\"untertitel\">Les CM par \u00e9quipes se terminaient dimanche en Su\u00e8de. Il est donc temps de tirer un bilan succinct.<\/span><\/p>\n<p>&nbsp;<\/p>\n<p><!--more--><\/p>\n<p>Texte : Annina H\u00e4usli \/ photo : zvg<\/p>\n<p>&nbsp;<\/p>\n<p>Lors des CM par \u00e9quipes de cette ann\u00e9e, les Suissesses et Suisses terminaient \u00e0 la 33<sup>\u00e8me<\/sup>, respectivement \u00e0 la 53<sup>\u00e8me<\/sup> place. D\u2019un c\u00f4t\u00e9, ils peuvent \u00eatre satisfaits de ces r\u00e9sultats puisqu\u2019ils ont atteint les objectifs fix\u00e9s. Avec du recul, on peut toutefois dire qu\u2019on aurait aussi pu faire un peu mieux.<\/p>\n<p>&nbsp;<\/p>\n<p><strong>Un \u0153il qui rit et un \u0153il qui pleure<\/strong><\/p>\n<p>&nbsp;<\/p>\n<p>Lionel, C\u00e9dric et Lars atteignaient leur objectif de terminer la phase de poule \u00e0 la premi\u00e8re place de leur groupe. Ils sortaient des matchs de poule avec une seule d\u00e9faite et \u00e9taient exempt\u00e9s de jouer le premier tour du tableau principal. Ils \u00e9taient donc repos\u00e9s et frais pour affronter la Malaisie qui avait \u00e9limin\u00e9 l\u2019Ouzb\u00e9kistan la veille. D\u00e8s le premier match, les choses n\u2019\u00e9taient pas simples pour les Suisses. Le meilleur Suisse sur papier, Lionel Weber, perdit en effet ses deux matchs contre la Malaisie. \u00abJ\u2019\u00e9tais dans un mauvais jour\u00bb, explique le B\u00e2lois visiblement d\u00e9\u00e7u. \u00abMais nous pouvons n\u00e9anmoins \u00eatre satisfaits de notre prestation puisque nous avons atteint notre objectif principal.\u00bb Dans l\u2019ensemble, la troisi\u00e8me division \u00e9tait tr\u00e8s \u00e9quilibr\u00e9e et de nombreuses \u00e9quipes \u00e9taient sur un pied d\u2019\u00e9galit\u00e9. \u00abOn pouvait le constater aussi par le fait que notre adversaire du groupe, la Lituanie, a remport\u00e9 la division alors qu\u2019ils s\u2019\u00e9taient presque fait \u00e9liminer lors des matchs de poule\u00bb, ajoute Lionel.<\/p>\n<p>&nbsp;<\/p>\n<p>C\u00e9dric Tschanz, qui participait \u00e0 ses premiers CM par \u00e9quipes de l\u2019\u00e9lite, revient donc avec beaucoup de beaux souvenirs en Suisse. \u00abPour moi, les CM \u00e9taient un \u00e9v\u00e9nement inoubliable. C\u2019\u00e9tait vraiment une magnifique et incroyable exp\u00e9rience qui m\u2019a permis d\u2019apprendre beaucoup pour moi mais aussi pour mon jeu personnel.\u00bb Il est aussi tr\u00e8s satisfait de sa performance sportive.<\/p>\n<p>&nbsp;<\/p>\n<p>En terminant \u00e0 la 3<sup>\u00e8me<\/sup> place du groupe et avec la qualification pour la premi\u00e8re moiti\u00e9 du tableau, les Dames atteignaient \u00e9galement leur objectif minimal. Rahel Aschwanden concernant le r\u00e9sultat : \u00abLa 33<sup>\u00e8me<\/sup> place est en ordre. D\u2019un autre c\u00f4t\u00e9, on aurait certainement pu faire mieux\u00bb.&nbsp; Car : \u00abMon triceps a malheureusement l\u00e2ch\u00e9. Par ailleurs, je pensais qu\u2019il allait \u00eatre plus simple de revenir de mes blessures\u00bb, regrette Rahel.<\/p>\n<p>&nbsp;<\/p>\n<p><strong>La Chine de nouveau en t\u00eate<\/strong><\/p>\n<p>&nbsp;<\/p>\n<p>Chez les Messieurs tout comme chez les Dames, les CM par \u00e9quipes \u00e9taient remport\u00e9s par la Chine. La deuxi\u00e8me place \u00e9tait d\u00e9croch\u00e9e par le Japon pour les Dames et par l\u2019Allemagne pour les Messieurs. \u00c0 noter \u00e9galement que les \u00e9quipes de la Cor\u00e9e du Nord et de la Cor\u00e9e du Sud qui auraient d\u00fb s\u2019affronter en quarts de finale ne disputaient pas ce match mais s\u2019alignaient ensemble comme \u00e9quipe de la Cor\u00e9e pour disputer la demi-finale. De plus amples informations sont disponibles ici : <a href=\"https:\/\/www.ittf.com\/tournament\/2876\/liebherr-2018-world-team-table-tennis-championships\/#information\">https:\/\/www.ittf.com\/tournament\/2876\/liebherr-2018-world-team-table-tennis-championships\/#information<\/a><\/p>\n<p>&nbsp;<\/p>\n","protected":false},"excerpt":{"rendered":"<p>Objectif atteint, mais pas plus Les CM par \u00e9quipes se terminaient dimanche en Su\u00e8de. Il est donc temps de tirer&hellip;<\/p>\n","protected":false},"author":8,"featured_media":10008,"comment_status":"","ping_status":"closed","sticky":false,"template":"","format":"standard","meta":{"_monsterinsights_skip_tracking":false,"_monsterinsights_sitenote_active":false,"_monsterinsights_sitenote_note":"","_monsterinsights_sitenote_category":0,"footnotes":""},"categories":[118],"tags":[],"class_list":["post-10011","post","type-post","status-publish","format-standard","has-post-thumbnail","hentry","category-sport-d-elite"],"_links":{"self":[{"href":"https:\/\/www.swisstabletennis.ch\/fr\/wp-json\/wp\/v2\/posts\/10011","targetHints":{"allow":["GET"]}}],"collection":[{"href":"https:\/\/www.swisstabletennis.ch\/fr\/wp-json\/wp\/v2\/posts"}],"about":[{"href":"https:\/\/www.swisstabletennis.ch\/fr\/wp-json\/wp\/v2\/types\/post"}],"author":[{"embeddable":true,"href":"https:\/\/www.swisstabletennis.ch\/fr\/wp-json\/wp\/v2\/users\/8"}],"replies":[{"embeddable":true,"href":"https:\/\/www.swisstabletennis.ch\/fr\/wp-json\/wp\/v2\/comments?post=10011"}],"version-history":[{"count":0,"href":"https:\/\/www.swisstabletennis.ch\/fr\/wp-json\/wp\/v2\/posts\/10011\/revisions"}],"wp:featuredmedia":[{"embeddable":true,"href":"https:\/\/www.swisstabletennis.ch\/fr\/wp-json\/wp\/v2\/media\/10008"}],"wp:attachment":[{"href":"https:\/\/www.swisstabletennis.ch\/fr\/wp-json\/wp\/v2\/media?parent=10011"}],"wp:term":[{"taxonomy":"category","embeddable":true,"href":"https:\/\/www.swisstabletennis.ch\/fr\/wp-json\/wp\/v2\/categories?post=10011"},{"taxonomy":"post_tag","embeddable":true,"href":"https:\/\/www.swisstabletennis.ch\/fr\/wp-json\/wp\/v2\/tags?post=10011"}],"curies":[{"name":"wp","href":"https:\/\/api.w.org\/{rel}","templated":true}]}}