{"id":10023,"date":"2018-05-11T07:00:00","date_gmt":"2018-05-11T06:00:00","guid":{"rendered":"https:\/\/swisstabletennis.ch\/neu\/portrait-elias-hardmeier\/"},"modified":"2022-06-24T08:57:01","modified_gmt":"2022-06-24T07:57:01","slug":"portrait-elias-hardmeier","status":"publish","type":"post","link":"https:\/\/www.swisstabletennis.ch\/fr\/portrait-elias-hardmeier\/","title":{"rendered":"Portrait Elias Hardmeier"},"content":{"rendered":"<p class=\"titel\"><strong><a class=\"jcepopup noicon\" href=\"https:\/\/www.swisstabletennis.ch\/wp-content\/uploads\/2018\/05\/NW_SM_2018_So2_internet_105_von_122.jpg\" data-mediabox=\"1\" data-mediabox-title=\"Elias Hardmeier\"><img fetchpriority=\"high\" decoding=\"async\" class=\" alignleft size-full wp-image-10021\" style=\"margin-right: 20px; margin-bottom: 10px; float: left;\" src=\"https:\/\/www.swisstabletennis.ch\/wp-content\/uploads\/2018\/05\/NW_SM_2018_So2_internet_105_von_122.jpg\" alt=\"NW SM 2018 So2 internet 105 von 122\" width=\"520\" height=\"295\" \/><\/a><\/strong>Un talent avec le sens du rythme<\/p>\n<p><span class=\"untertitel\">La saison derni\u00e8re, Elias Hardmeier \u00e9tait le meilleur junior U15 et le 15 avril, il d\u00e9crochait le titre de Champion suisse U18. \u00c0 partir de l\u2019\u00e9t\u00e9 prochain, cet \u00e9l\u00e8ve d\u2019\u00e9cole secondaire de l\u2019Oberland zurichois combinera la formation et le tennis de table gr\u00e2ce \u00e0 un apprentissage d\u2019employ\u00e9 de commerce \u2013 sport.<\/span><\/p>\n<p><!--more--><\/p>\n<p>Texte : Stefan Kleiser \/ Photos : Ren\u00e9 Zwald<\/p>\n<p>&nbsp;<\/p>\n<p>Observer et apprendre. Les 3 et 4 f\u00e9vrier, Elias Hardmeier se rendait \u00e0 Montreux avec son coll\u00e8gue de club Lakith Jayanetti pour observer Timo Boll et Dimitrij Ovtcharov dans le cadre de l\u2019ITTF Europe Top 16 Cup. Actuellement, ces deux joueurs occupent les places deux et trois au classement mondial. \u00abJe n\u2019ai encore jamais vu jouer en direct des joueurs de ce niveau\u00bb, raconte l\u2019\u00e9l\u00e8ve de 15 ans. Son mod\u00e8le est toutefois le Chinois Fan Zhendong, num\u00e9ro un mondial. Mais il appr\u00e9ciait n\u00e9anmoins le spectacle \u00e0 Montreux : \u00abC\u2019\u00e9tait tr\u00e8s motivant\u00bb.<\/p>\n<p>&nbsp;<\/p>\n<p>Elias Hardmeier se lance m\u00eame sur le plan international. En avril, il occupait la 232<sup>\u00e8me<\/sup> place au World ranking des juniors. Le bond en avant n\u2019a donc pas encore eu lieu. Sur le plan national, c\u2019est par contre d\u00e9j\u00e0 fait. Il y a trois ans et demi, le joueur (alors \u00e2g\u00e9 de 12 ans) de R\u00e4llikon, hameau du Lac de Greifen entre Egg et M\u00f6nchaltorf, commen\u00e7ait la saison encore avec un classement de C6. En novembre 2015, Elias Hardmeier qui avait alors int\u00e9gr\u00e9 l\u2019\u00e9cole de sport \u00e0 Uster, battait pour la premi\u00e8re fois un adversaire class\u00e9 A lors des Championnats r\u00e9gionaux de l\u2019association de tennis de table de Suisse orientale.<\/p>\n<p>&nbsp;<\/p>\n<p><strong>Nouveau Champion U18 surprenant<\/strong><\/p>\n<p>&nbsp;<\/p>\n<p>La saison derni\u00e8re, Elias Hardmeier avait remport\u00e9 la m\u00e9daille d\u2019or en simple, en double et en mixte lors des Championnats suisses U15. Et pour sa premi\u00e8re participation aux Championnats d\u2019Europe Jeunesse, il s\u2019\u00e9tait qualifi\u00e9 pour les seizi\u00e8mes de finale o\u00f9 il s\u2019\u00e9tait inclin\u00e9 face \u00e0 l\u2019adversaire qui allait ensuite remporter le titre. Mais il avait aussi remport\u00e9 un set face au Russe Vladimir Sidorenko. Il avait beaucoup appris lors des CE Jeunesse au Portugal, explique Hardmeier, \u00abet j\u2019ai pu montrer ce que je sais faire\u00bb.<\/p>\n<p>&nbsp;<\/p>\n<p>Los des Championnats suisses de la rel\u00e8ve \u00e0 la mi-avril, il avait \u00e9galement montr\u00e9 du tr\u00e8s bon tennis de table. En battant Barish Moullet, Dorian Girod et Lo\u00efc Stoll, Elias Hardmeier cr\u00e9a la surprise et d\u00e9crocha la m\u00e9daille d\u2019or dans la cat\u00e9gorie U18. \u00abPour moi, c\u2019\u00e9tait aussi une surprise\u00bb, avoue-t-il. \u00abJe n\u2019aurais pas pens\u00e9 que d\u00e8s ma premi\u00e8re ann\u00e9e, je pourrais devenir Champion suisse en U18.\u00bb Mais il s\u2019\u00e9tait bien pr\u00e9par\u00e9 pour ce rendez-vous. \u00abDurant chaque entra\u00eenement, je pensais aux CS. Et je veux \u00e0 tout prix pouvoir participer aux CE Jeunesse. Pour y arriver, je devais obtenir une bonne place.\u00bb Lors de l\u2019\u00e9v\u00e9nement qui aura lieu en juillet en Roumanie, Hardmeier fait d\u00e9sormais probablement partie des t\u00eates de s\u00e9rie.<\/p>\n<p>&nbsp;<\/p>\n<p><strong>Le sportif musicien<\/strong><\/p>\n<p>&nbsp;<\/p>\n<p>C\u2019est il y a sept ans qu\u2019Elias Hardmeier d\u00e9couvrait le tennis de table. \u00ab\u00c0 la maison, nous avons jou\u00e9 sur une table en pierre. Mon Cousin faisait alors d\u00e9j\u00e0 partie d\u2019un club. Et il racontait toujours \u00e0 quel point il trouvait \u00e7a cool.\u00bb Hardmeier rejoignait donc \u00e9galement le club d\u2019Uster. Depuis, une bonne douzaine de coupes d\u00e9corent la chambre de l\u2019adolescent. En juin 2017, il remportait par exemple la victoire lors des International Youth Table Tennis Championships de Luxembourg o\u00f9 il avait pourtant \u00e9t\u00e9 men\u00e9 0:2 en finale contre l\u2019Allemand Carlos Dettling.<\/p>\n<p>&nbsp;<\/p>\n<p>\u00abMais ce ne sont pas seulement des coupes de tennis de table\u00bb, pr\u00e9cise Hardmeier. Des distinctions en musique font \u00e9galement partie de la collection. \u00abJ\u2019aurais aussi pu aller \u00e0 l\u2019\u00e9cole d\u2019art et de sport avec la clarinette. Mais je pr\u00e9f\u00e8re le sport, j\u2019aime bien bouger.\u00bb Il y a trois ans, Elias Hardmeier passait le test de niveau 5 avec succ\u00e8s avec la clarinette. Il explique qu\u2019il poss\u00e8de toujours cet instrument. \u00abMais je ne joue plus de la clarinette. J\u2019ai ainsi plus de temps pour le tennis de table.\u00bb<\/p>\n<p>&nbsp;<\/p>\n<p>Jusqu\u2019en sixi\u00e8me classe, Elias Hardmeier faisait aussi de la gymnastique aux agr\u00e8s et les anneaux \u00e9taient son engin pr\u00e9f\u00e9r\u00e9. Il ma\u00eetrisait la sortie salto et disputait aussi des comp\u00e9titions. \u00abCar cela fait bizarre de s\u2019entra\u00eener tout le temps sans se mesurer avec d\u2019autres. Finalement, tu n\u2019as aucune id\u00e9e o\u00f9 tu en es.\u00bb S\u2019entra\u00eener simplement par plaisir ? Elias Hardmeier ne peut pas s\u2019imaginer cette possibilit\u00e9. \u00abJe veux avoir du plaisir, m\u2019am\u00e9liorer et battre l\u2019adversaire.\u00bb<\/p>\n<p>&nbsp;<\/p>\n<p><strong>Se d\u00e9velopper \u00e0 Neuhausen<\/strong><\/p>\n<p>&nbsp;<\/p>\n<p>Aujourd\u2019hui, Elias Hardmeier est class\u00e9 A18 et il ne d\u00e9fend plus les couleurs d\u2019Uster en 2<sup>\u00e8me<\/sup> ligue comme il y a deux ans, mais celles de Neuhausen en ligue nationale B. Selon lui, il y a trouv\u00e9 sa place. Avec Lakith Jayanetti, Mauro Sch\u00e4rrer ainsi que Matti et Pekka Pelz, le club compte d\u2019autres juniors ambitieux qu\u2019il connaissait tous d\u00e9j\u00e0 avant de changer de club. \u00abJe peux me d\u00e9velopper avec eux. C\u2019est g\u00e9nial.\u00bb<\/p>\n<p>&nbsp;<\/p>\n<p>On ne retrouve Elias Hardmeier toutefois pas tous les jours dans la salle \u00e0 Schaffhouse. Afin de r\u00e9duire la distance des trajets pour se rendre \u00e0 l\u2019entra\u00eenement, il s\u2019entra\u00eene aussi \u00e0 Uster, Rapperswil-Jona, D\u00fcbendorf et Affoltern am Albis. Et son bilan personnel au Championnat de ligue nationale B o\u00f9 l\u2019on trouve de solides joueurs est positif. Au cours de cette saison, il \u00e9tait juste emb\u00eat\u00e9 par des maux de dos dus \u00e0 la croissance. \u00abJe ne pouvais m\u00eame plus m\u2019asseoir. Heureusement que les douleurs tr\u00e8s intenses duraient seulement deux semaines.\u00bb<\/p>\n<p>&nbsp;<\/p>\n<p>Apr\u00e8s avoir termin\u00e9 la KuSS en \u00e9t\u00e9, Elias Hardmeier ira \u00e0 l\u2019United School of Sports pour faire un apprentissage d\u2019employ\u00e9 de commerce. Afin de pouvoir faire des \u00e9tudes \u00e0 la Haute \u00e9cole plus tard, il combinera cet apprentissage avec l\u2019\u00e9cole professionnelle sup\u00e9rieure. D\u00e9but mars, il avait pass\u00e9 l\u2019examen d\u2019admission en fran\u00e7ais, anglais, math\u00e9matiques et allemand. Et le r\u00e9sultat ? \u00abJ\u2019ai r\u00e9ussi.\u00bb<\/p>\n<p>&nbsp;<\/p>\n<p><strong>Autres article dans cette \u00e9dition:<\/strong><\/p>\n<p><a href=\"https:\/\/www.swisstabletennis.ch\/mentales-training-im-tischtennis\/\" target=\"_blank\" rel=\"noopener\">Un livre r\u00e9ussi pour les joueurs et les coachs<\/a><\/p>\n<p><a href=\"https:\/\/www.swisstabletennis.ch\/finnen-sind-die-youtube-stars-des-tischtennis\/\" target=\"_blank\" rel=\"noopener\">Pongfinity: Les Finlandais sont les vedettes du tennis de table sur Youtube<\/a><\/p>\n<p>&nbsp;<\/p>\n","protected":false},"excerpt":{"rendered":"<p>Un talent avec le sens du rythme La saison derni\u00e8re, Elias Hardmeier \u00e9tait le meilleur junior U15 et le 15&hellip;<\/p>\n","protected":false},"author":8,"featured_media":10020,"comment_status":"closed","ping_status":"closed","sticky":false,"template":"","format":"standard","meta":{"_monsterinsights_skip_tracking":false,"_monsterinsights_sitenote_active":false,"_monsterinsights_sitenote_note":"","_monsterinsights_sitenote_category":0,"footnotes":""},"categories":[116],"tags":[],"class_list":["post-10023","post","type-post","status-publish","format-standard","has-post-thumbnail","hentry","category-news-kategorie-fr"],"_links":{"self":[{"href":"https:\/\/www.swisstabletennis.ch\/fr\/wp-json\/wp\/v2\/posts\/10023","targetHints":{"allow":["GET"]}}],"collection":[{"href":"https:\/\/www.swisstabletennis.ch\/fr\/wp-json\/wp\/v2\/posts"}],"about":[{"href":"https:\/\/www.swisstabletennis.ch\/fr\/wp-json\/wp\/v2\/types\/post"}],"author":[{"embeddable":true,"href":"https:\/\/www.swisstabletennis.ch\/fr\/wp-json\/wp\/v2\/users\/8"}],"replies":[{"embeddable":true,"href":"https:\/\/www.swisstabletennis.ch\/fr\/wp-json\/wp\/v2\/comments?post=10023"}],"version-history":[{"count":0,"href":"https:\/\/www.swisstabletennis.ch\/fr\/wp-json\/wp\/v2\/posts\/10023\/revisions"}],"wp:featuredmedia":[{"embeddable":true,"href":"https:\/\/www.swisstabletennis.ch\/fr\/wp-json\/wp\/v2\/media\/10020"}],"wp:attachment":[{"href":"https:\/\/www.swisstabletennis.ch\/fr\/wp-json\/wp\/v2\/media?parent=10023"}],"wp:term":[{"taxonomy":"category","embeddable":true,"href":"https:\/\/www.swisstabletennis.ch\/fr\/wp-json\/wp\/v2\/categories?post=10023"},{"taxonomy":"post_tag","embeddable":true,"href":"https:\/\/www.swisstabletennis.ch\/fr\/wp-json\/wp\/v2\/tags?post=10023"}],"curies":[{"name":"wp","href":"https:\/\/api.w.org\/{rel}","templated":true}]}}