{"id":10039,"date":"2018-05-16T07:00:00","date_gmt":"2018-05-16T06:00:00","guid":{"rendered":"https:\/\/swisstabletennis.ch\/neu\/qualifications-ce-par-equipes-les-dames-affronteront-le-portugal-a-geneve\/"},"modified":"2018-05-16T07:00:00","modified_gmt":"2018-05-16T06:00:00","slug":"qualifications-ce-par-equipes-les-dames-affronteront-le-portugal-a-geneve","status":"publish","type":"post","link":"https:\/\/www.swisstabletennis.ch\/fr\/qualifications-ce-par-equipes-les-dames-affronteront-le-portugal-a-geneve\/","title":{"rendered":"Qualifications CE par \u00e9quipes : les Dames affronteront le Portugal \u00e0 Gen\u00e8ve"},"content":{"rendered":"<p class=\"titel\"><strong><a class=\"jcepopup noicon\" href=\"https:\/\/www.swisstabletennis.ch\/wp-content\/uploads\/2018\/05\/Schweiz-WM-290418-ms-176.JPG\" data-mediabox=\"1\"><img decoding=\"async\" class=\" alignleft size-full wp-image-10000\" style=\"margin: 10px; float: left;\" src=\"https:\/\/www.swisstabletennis.ch\/wp-content\/uploads\/2018\/05\/Schweiz-WM-290418-ms-176.JPG\" alt=\"Schweiz WM 290418 ms 176\" width=\"520\" \/><\/a><\/strong>Qualifications CE par \u00e9quipes : les Dames affronteront le Portugal \u00e0 Gen\u00e8ve<\/p>\n<p><span class=\"untertitel\">Les CM par \u00e9quipes sont tout juste termin\u00e9s et voici que les \u00e9quipes nationales suisses disputent d\u00e9j\u00e0 les qualifications pour les CE par \u00e9quipes. Les Dames joueront leur premier match \u00e0 domicile \u00e0 Gen\u00e8ve contre le Portugal tandis que les Messieurs se rendront en \u00c9cosse.<\/span><\/p>\n<p>&nbsp;<\/p>\n<p><!--more--><\/p>\n<p>Texte : Annina H\u00e4usli \/ photo : Manfred Schillings<\/p>\n<p>&nbsp;<\/p>\n<p>Le prochain tour des qualifications pour les CE par \u00e9quipes se d\u00e9roulera mardi, 22 mai. Apr\u00e8s la d\u00e9faite essuy\u00e9e \u00e0 l\u2019ext\u00e9rieur contre les Autrichiennes, les Dames disputeront leur premier match \u00e0 domicile contre le Portugal. Les adversaires aligneront Fu Yu (WR 30), Leila Oliveira (WR 197) et Shao Jieni (WR 153) \u00e0 Gen\u00e8ve. Comme lors des CM par \u00e9quipes, Rachel Moret, Rahel Aschwanden et C\u00e9line Reust d\u00e9fendront les couleurs de la Suisse.<\/p>\n<p>&nbsp;&nbsp;&nbsp;&nbsp;&nbsp;&nbsp;&nbsp;&nbsp;&nbsp;&nbsp;&nbsp;&nbsp;&nbsp;&nbsp;&nbsp;&nbsp;&nbsp;&nbsp;&nbsp;&nbsp;&nbsp;&nbsp;&nbsp;&nbsp;&nbsp;&nbsp;&nbsp;&nbsp;&nbsp;&nbsp;&nbsp;&nbsp;&nbsp;&nbsp;&nbsp;&nbsp;&nbsp;&nbsp;<\/p>\n<p>Comme c\u2019\u00e9tait le cas pour le match \u00e0 domicile des Messieurs, la rencontre aura lieu dans le local de jeu du ZZ-Lancy, le match commencera \u00e0 19h00.<\/p>\n<p>&nbsp;<\/p>\n<p><strong>Les Messieurs contre l\u2019\u00c9cosse<\/strong><\/p>\n<p>&nbsp;<\/p>\n<p>Apr\u00e8s leur premi\u00e8re victoire contre la Finlande et des CM par \u00e9quipes r\u00e9ussis, les Messieurs disputeront leur premier match de poule \u00e0 l\u2019ext\u00e9rieur \u00e0 Glasgow contre les \u00c9cossais. Le match aura \u00e9galement lieu le 22 mai. Comme contre les Finlandais, la Suisse alignera Lionel Weber, Lars Posch et C\u00e9dric Tschanz.<\/p>\n<p>&nbsp;<\/p>\n<p>Le match des Messieurs commencera \u00e9galement \u00e0 19h00 (heure locale).<\/p>\n<p>&nbsp;<\/p>\n<p>Les deux rencontres pourront \u00eatre suivies via livescoring sur le site internet de l\u2019ETTU.<\/p>\n<\/p>\n<p>&nbsp;<\/p>\n<p>&nbsp;<\/p>\n","protected":false},"excerpt":{"rendered":"<p>Qualifications CE par \u00e9quipes : les Dames affronteront le Portugal \u00e0 Gen\u00e8ve Les CM par \u00e9quipes sont tout juste termin\u00e9s&hellip;<\/p>\n","protected":false},"author":8,"featured_media":10000,"comment_status":"","ping_status":"closed","sticky":false,"template":"","format":"standard","meta":{"_monsterinsights_skip_tracking":false,"_monsterinsights_sitenote_active":false,"_monsterinsights_sitenote_note":"","_monsterinsights_sitenote_category":0,"footnotes":""},"categories":[118],"tags":[],"class_list":["post-10039","post","type-post","status-publish","format-standard","has-post-thumbnail","hentry","category-sport-d-elite"],"_links":{"self":[{"href":"https:\/\/www.swisstabletennis.ch\/fr\/wp-json\/wp\/v2\/posts\/10039","targetHints":{"allow":["GET"]}}],"collection":[{"href":"https:\/\/www.swisstabletennis.ch\/fr\/wp-json\/wp\/v2\/posts"}],"about":[{"href":"https:\/\/www.swisstabletennis.ch\/fr\/wp-json\/wp\/v2\/types\/post"}],"author":[{"embeddable":true,"href":"https:\/\/www.swisstabletennis.ch\/fr\/wp-json\/wp\/v2\/users\/8"}],"replies":[{"embeddable":true,"href":"https:\/\/www.swisstabletennis.ch\/fr\/wp-json\/wp\/v2\/comments?post=10039"}],"version-history":[{"count":0,"href":"https:\/\/www.swisstabletennis.ch\/fr\/wp-json\/wp\/v2\/posts\/10039\/revisions"}],"wp:featuredmedia":[{"embeddable":true,"href":"https:\/\/www.swisstabletennis.ch\/fr\/wp-json\/wp\/v2\/media\/10000"}],"wp:attachment":[{"href":"https:\/\/www.swisstabletennis.ch\/fr\/wp-json\/wp\/v2\/media?parent=10039"}],"wp:term":[{"taxonomy":"category","embeddable":true,"href":"https:\/\/www.swisstabletennis.ch\/fr\/wp-json\/wp\/v2\/categories?post=10039"},{"taxonomy":"post_tag","embeddable":true,"href":"https:\/\/www.swisstabletennis.ch\/fr\/wp-json\/wp\/v2\/tags?post=10039"}],"curies":[{"name":"wp","href":"https:\/\/api.w.org\/{rel}","templated":true}]}}