{"id":10101,"date":"2018-06-13T11:00:00","date_gmt":"2018-06-13T10:00:00","guid":{"rendered":"https:\/\/swisstabletennis.ch\/neu\/retrospective-internationale-plusieurs-places-sur-le-podium-pour-les-joueurs-de-la-releve-suisse-a-l-etranger\/"},"modified":"2022-06-24T08:57:10","modified_gmt":"2022-06-24T07:57:10","slug":"retrospective-internationale-plusieurs-places-sur-le-podium-pour-les-joueurs-de-la-releve-suisse-a-l-etranger","status":"publish","type":"post","link":"https:\/\/www.swisstabletennis.ch\/fr\/retrospective-internationale-plusieurs-places-sur-le-podium-pour-les-joueurs-de-la-releve-suisse-a-l-etranger\/","title":{"rendered":"R\u00e9trospective internationale : plusieurs places sur le podium pour les joueurs de la rel\u00e8ve suisse \u00e0 l\u2019\u00e9tranger"},"content":{"rendered":"<p class=\"titel\"><strong><a class=\"jcepopup noicon\" href=\"https:\/\/www.swisstabletennis.ch\/wp-content\/uploads\/2018\/06\/28592381128_2dd8939452_o.jpg\" target=\"_blank\" rel=\"noopener\" data-mediabox=\"1\" data-mediabox-title=\"Dorian Girod in Kanada\"><img fetchpriority=\"high\" decoding=\"async\" class=\" alignleft size-full wp-image-10099\" style=\"margin-right: 20px; margin-bottom: 10px; float: left;\" src=\"https:\/\/www.swisstabletennis.ch\/wp-content\/uploads\/2018\/06\/28592381128_2dd8939452_o.jpg\" alt=\"28592381128 2dd8939452 o\" width=\"520\" height=\"364\" srcset=\"https:\/\/www.swisstabletennis.ch\/wp-content\/uploads\/2018\/06\/28592381128_2dd8939452_o.jpg 2475w, https:\/\/www.swisstabletennis.ch\/wp-content\/uploads\/2018\/06\/28592381128_2dd8939452_o-600x420.jpg 600w\" sizes=\"(max-width: 520px) 100vw, 520px\" \/><\/a><\/strong>R\u00e9trospective internationale : plusieurs places sur le podium pour les joueurs de la rel\u00e8ve suisse \u00e0 l\u2019\u00e9tranger<\/p>\n<p class=\"untertitel\">Au cours de ces derni\u00e8res semaines, les joueurs du cadre de la rel\u00e8ve participaient \u00e0 diff\u00e9rents tournois. Et certains obtenaient de tr\u00e8s bons r\u00e9sultats.<\/p>\n<p><!--more--><\/p>\n<p>&nbsp;<\/p>\n<p><strong>Spanish Open<\/strong><\/p>\n<p>Le Junior &amp; Cadet Open d\u2019Espagne avait lieu du 8 au 12 mai \u00e0 Girona en Espagne. Pedro Osiro, Dorian Girod et Elias Hardmeier y d\u00e9fendaient les couleurs suisses. Dorian \u00e9tait le seul \u00e0 se qualifier pour le tableau principal apr\u00e8s les matchs de poule. Il fut ensuite malheureusement \u00e9limin\u00e9 1:4 par le Fran\u00e7ais Jules Cacaille.<\/p>\n<p>&nbsp;<\/p>\n<p>Lors de la comp\u00e9tition par \u00e9quipes, ils battaient certes l\u2019\u00e9quipe roumano-finlandaise, mais perdaient contre l\u2019\u00e9quipe espagnole en manquait ainsi la qualification pour le tour principal.<\/p>\n<p>&nbsp;<\/p>\n<p><strong>Hasselt, Belgique<\/strong><\/p>\n<p>La traditionnelle International Youth Cup avait lieu du 19 au 21 mai \u00e0 Hasselt en Belgique. L\u00e0 encore, diff\u00e9rents joueurs de la rel\u00e8ve suisse \u00e9taient en lice. Dans sa cat\u00e9gorie, Elias Hardmeier arrivait jusqu\u2019en quarts de finale et Mauro Sch\u00e4rrer disputait les demi-finales dans sa cat\u00e9gorie. Quant \u00e0 Manuel Oppliger, il ne s\u2019inclina qu\u2019en finale dans sa cat\u00e9gorie d\u2019\u00e2ge.<\/p>\n<p>&nbsp;<\/p>\n<p>Dans le cadre de la comp\u00e9tition par \u00e9quipes, l\u2019\u00e9quipe de Rapid Luzern terminait \u00e0 l\u2019excellente deuxi\u00e8me place dans sa cat\u00e9gorie, tandis que les joueurs de la rel\u00e8ve de Neuhausen d\u00e9crochaient m\u00eame l\u2019or dans leur cat\u00e9gorie. Dans la cat\u00e9gorie Boys C Elite, les joueurs du cadre STT terminaient \u00e0 l\u2019excellente deuxi\u00e8me place.<\/p>\n<p>&nbsp;<\/p>\n<p><a href=\"http:\/\/www.ttchasselt.be\/\" target=\"_blank\" rel=\"noopener\">Tous les r\u00e9sultats d\u00e9taill\u00e9s sont disponibles ici.<\/a><\/p>\n<p>&nbsp;<\/p>\n<p><strong>Prague Grand Prix<\/strong><\/p>\n<p>Dix joueurs de la rel\u00e8ve suisse se rendaient \u00e0 Prague pour participer au Prague Grand Prix 2018 qui se d\u00e9roulait du 24 au 28 mai. Elias Hardmeier, Pedro Osiro, Barish Moullet, Lo\u00efc Stoll, Pascal N\u00e4ff, et Pekka Pelz qui s\u2019alignaient dans la cat\u00e9gorie Junior Boys obtenaient notamment d\u2019excellents r\u00e9sultats au cours de ce tournoi.<\/p>\n<p>&nbsp;<\/p>\n<p>Pedro, Elias et Barish, t\u00eates de s\u00e9rie no. 1, 2 et 3 du tournoi, passaient la phase de poule sans probl\u00e8me. Ensuite, ils allaient de victoire en victoire et l\u2019une des demi-finales \u00e9tait donc purement suisse en opposant Elias \u00e0 Barish. Dans le cadre de l\u2019autre demi-finale, Pedro affronta Blinka Michal. Elias s\u2019imposa 3:0 face \u00e0 Barish et Pedro remporta sa demi-finale \u00e9galement sans probl\u00e8me majeur. La finale se joua donc entre Pedro et Elias. L\u00e0 encore, Pedro assuma son r\u00f4le de favori en remportant ce duel suisse avec 11:6, 11:7 et 13:11.<\/p>\n<p>&nbsp;<\/p>\n<p>Lors de la comp\u00e9tition par \u00e9quipes, les deux finalistes Elias et Pedro jouaient ensemble dans la cat\u00e9gorie Junior Boys. Comme en simple, ils \u00e9taient les favoris et assumaient ce r\u00f4le parfaitement en se qualifiant pour la finale. Face \u00e0 leurs adversaires tch\u00e8ques, ils n\u2019avaient pas non plus de probl\u00e8mes majeurs et remportaient la comp\u00e9tition par \u00e9quipes souverainement. Dans la cat\u00e9gorie Cadet Boys, Lukas Ott et Mauro Sch\u00e4rrer se qualifiaient pour les demi-finales o\u00f9 ils s\u2019inclinaient de justesse 2:3.<\/p>\n<p><strong>&nbsp;<\/strong><\/p>\n<p><a href=\"http:\/\/gp2018.sjm-pinec.cz\/\" target=\"_blank\" rel=\"noopener\">Les r\u00e9sultats d\u00e9taill\u00e9s sont disponibles ici.<\/a><\/p>\n<p>&nbsp;<\/p>\n<p><strong>Canada (Open\/YOG)<\/strong><\/p>\n<p>Fin mai, l\u2019entra\u00eeneur national Samir Mulabdic se rendait au Canada avec Dorian Girod pour participer au Junior &amp; Cadet-Open qui se d\u00e9roulait du 28 au 31 mai et pour disputer ensuite aussi le tournoi de qualification pour les Jeux olympiques de la jeunesse.<\/p>\n<p>&nbsp;<\/p>\n<p>Lors du Junior &amp; Cadet-Open, il attirait m\u00eame l\u2019attention de l\u2019ITTF avec sa performance. L\u2019ITTF consacrait en effet un article sur son site internet au Genevois (<a href=\"https:\/\/www.ittf.com\/2018\/05\/31\/multilingual-dorian-girod-progresses-fluently-top-spot\/\">disponible ici en anglais<\/a>). Il passait la phase de poule et se qualifiait pour le tableau principal des 32 meilleurs o\u00f9 il s\u2019inclina \u00e0 l\u2019issue d\u2019un match tr\u00e8s disput\u00e9 contre Michael Minh Tran qui allait se qualifier pour la finale.<\/p>\n<p>&nbsp;<\/p>\n<p>L\u2019open de la jeunesse \u00e0 peine termin\u00e9, il disputait, au m\u00eame endroit, le tournoi de qualification pour les Youth Olympic Games \u00e0 Buenos Aires. Le 1<sup>er<\/sup> juin (1<sup>er<\/sup> jour), le tirage au sort \u00e9tait tr\u00e8s dur avec Dorian qui \u00e9tait \u00e9limin\u00e9 d\u00e9j\u00e0 au premier tour par le joueur qui allait par la suite remporter le tournoi. Le deuxi\u00e8me jour, il passait le premier tour et se qualifiait pour les quarts de finale o\u00f9 l\u2019aventure prit toutefois fin face \u00e0 la vedette locale Jeremy Hazin qui allait se qualifier pour la finale.<\/p>\n<p>&nbsp;<\/p>\n<p><strong>Autres Articles dans cette \u00e9dition:<\/strong><\/p>\n<p><a href=\"https:\/\/www.swisstabletennis.ch\/portraet-nina-tullii\/\" target=\"_blank\" rel=\"noopener\">Portrait Nina Tullii<\/a><br \/><a href=\"https:\/\/www.swisstabletennis.ch\/steinbachs-reise\/\" target=\"_blank\" rel=\"noopener\">\u00abSteinbachs Reise\u00bb: Le tennis de table, le reflet de la lutte de pouvoir<\/a><br \/><a href=\"https:\/\/www.swisstabletennis.ch\/trainings-tipp-vh-topspin\/\" target=\"_blank\" rel=\"noopener\">Conseil d\u2019entra\u00eenement : l\u2019apprentissage du topspin en coup droit<\/a><\/p><\/p>\n","protected":false},"excerpt":{"rendered":"<p>R\u00e9trospective internationale : plusieurs places sur le podium pour les joueurs de la rel\u00e8ve suisse \u00e0 l\u2019\u00e9tranger Au cours de&hellip;<\/p>\n","protected":false},"author":8,"featured_media":10098,"comment_status":"closed","ping_status":"closed","sticky":false,"template":"","format":"standard","meta":{"_monsterinsights_skip_tracking":false,"_monsterinsights_sitenote_active":false,"_monsterinsights_sitenote_note":"","_monsterinsights_sitenote_category":0,"footnotes":""},"categories":[114],"tags":[],"class_list":["post-10101","post","type-post","status-publish","format-standard","has-post-thumbnail","hentry","category-leistungssport-news"],"_links":{"self":[{"href":"https:\/\/www.swisstabletennis.ch\/fr\/wp-json\/wp\/v2\/posts\/10101","targetHints":{"allow":["GET"]}}],"collection":[{"href":"https:\/\/www.swisstabletennis.ch\/fr\/wp-json\/wp\/v2\/posts"}],"about":[{"href":"https:\/\/www.swisstabletennis.ch\/fr\/wp-json\/wp\/v2\/types\/post"}],"author":[{"embeddable":true,"href":"https:\/\/www.swisstabletennis.ch\/fr\/wp-json\/wp\/v2\/users\/8"}],"replies":[{"embeddable":true,"href":"https:\/\/www.swisstabletennis.ch\/fr\/wp-json\/wp\/v2\/comments?post=10101"}],"version-history":[{"count":0,"href":"https:\/\/www.swisstabletennis.ch\/fr\/wp-json\/wp\/v2\/posts\/10101\/revisions"}],"wp:featuredmedia":[{"embeddable":true,"href":"https:\/\/www.swisstabletennis.ch\/fr\/wp-json\/wp\/v2\/media\/10098"}],"wp:attachment":[{"href":"https:\/\/www.swisstabletennis.ch\/fr\/wp-json\/wp\/v2\/media?parent=10101"}],"wp:term":[{"taxonomy":"category","embeddable":true,"href":"https:\/\/www.swisstabletennis.ch\/fr\/wp-json\/wp\/v2\/categories?post=10101"},{"taxonomy":"post_tag","embeddable":true,"href":"https:\/\/www.swisstabletennis.ch\/fr\/wp-json\/wp\/v2\/tags?post=10101"}],"curies":[{"name":"wp","href":"https:\/\/api.w.org\/{rel}","templated":true}]}}