{"id":10128,"date":"2018-06-25T10:00:00","date_gmt":"2018-06-25T09:00:00","guid":{"rendered":"https:\/\/swisstabletennis.ch\/neu\/olympic-day-2018\/"},"modified":"2018-06-25T10:00:00","modified_gmt":"2018-06-25T09:00:00","slug":"olympic-day-2018","status":"publish","type":"post","link":"https:\/\/www.swisstabletennis.ch\/fr\/olympic-day-2018\/","title":{"rendered":"Olympic Day 2018"},"content":{"rendered":"<p class=\"titel\"><strong><a class=\"jcepopup noicon\" href=\"https:\/\/www.swisstabletennis.ch\/wp-content\/uploads\/2018\/06\/IMG_7382.JPG\" target=\"_blank\" rel=\"noopener\" data-mediabox=\"1\"><img fetchpriority=\"high\" decoding=\"async\" class=\" alignleft size-full wp-image-10120\" style=\"margin: 10px; float: left;\" src=\"https:\/\/www.swisstabletennis.ch\/wp-content\/uploads\/2018\/06\/IMG_7382.JPG\" alt=\"IMG 7382\" width=\"520\" height=\"355\" \/><\/a><\/strong>Un contact \u00e9troit avec les vedettes<\/p>\n<p class=\"untertitel\">Le CIO (Comit\u00e9 International Olympique) et son Pr\u00e9sident Thomas Bach marquaient le d\u00e9part ce vendredi 22 juin de la Journ\u00e9e Olympique annuelle au si\u00e8ge du CIO \u00e0 Lausanne. Pour cette occasion, et dans l\u2019optique de favoriser la paix dans la p\u00e9ninsule Cor\u00e9enne, et plus g\u00e9n\u00e9ralement en Asie, ils avaient invit\u00e9 certains des pongistes parmi les plus brillants pour une rencontre amicale.<\/p>\n<p>Cela a \u00e9t\u00e9 l\u2019occasion de voir des d\u00e9monstrations d\u2019\u00e9quipes m\u00e9langeant les nations, pour le plus grand plaisir de tous ceux qui y ont assist\u00e9.<em> <\/em><\/p>\n<p><!--more--><\/p>\n<p>&nbsp;<\/p>\n<p>Texte et photos: Jacques Troeder<\/p>\n<p>&nbsp;<\/p>\n<p>Et cela fut \u00e9galement, pour des membres de l\u2019Equipe suisse junior de Tennis de Table, d\u2019avoir la possibilit\u00e9 absolument unique d\u2019\u00e9changer des balles avec ces joueurs. Deux tables avaient \u00e9t\u00e9 install\u00e9es gr\u00e2ce au concours de Jordi Serra de l\u2019ITTF sur la route bordant le lac L\u00e9man (barr\u00e9e pour l\u2019occasion), et des tr\u00e8s nombreux \u00e9changes eurent lieu dans la bonne humeur mais quand m\u00eame dans la concentration\u2026<\/p>\n<p>&nbsp;<\/p>\n<p>Etaient pr\u00e9sents pour repr\u00e9senter la Chine, le Japon, et les deux Cor\u00e9es&nbsp;:<\/p>\n<ul>\n<li>La Chinoise M\u00e9daill\u00e9e d\u2019Or des Jeux de Rio 2016, DING Ning, ainsi que MA Long M\u00e9daill\u00e9 d\u2019Or \u00e9galement aux m\u00eame Jeux.<\/li>\n<li>La Sud-Cor\u00e9enne M\u00e9daill\u00e9e de Bronze des Jeux d\u2019Ath\u00e8nes and P\u00e9kin, et KIM Kyungah; le Sud-Cor\u00e9en M\u00e9daill\u00e9 d\u2019Or des Jeux d\u2019Ath\u00e8nes et membre du Comit\u00e9 Internationale Olympique RYU Seung Min;<\/li>\n<li>La Japonaise M\u00e9daill\u00e9e d\u2019Argent des Jeux de Londres 2012, Ai FUKUHARA ; et le plus jeune vainqueur d\u2019un tournoi ITTF World Tour \u00e0 seulement 14 ans, Tomokazu HARIMOTO;<\/li>\n<li>La M\u00e9daill\u00e9 de Bronze Nord-Cor\u00e9enne \u00e0 Rio en 2016, KIM Song I; ainsi que l\u2019Athl\u00e8te d\u2019Elite du tour ITTF, PAK Sin Hyok.<\/li>\n<\/ul>\n<p>La manifestation comprenait \u00e9galement un discours du Pr\u00e9sident Bach qui donna le d\u00e9part d\u2019une course organis\u00e9e par les autorit\u00e9s municipales. On notait \u00e9galement la pr\u00e9sence du Syndic de Lausanne Gr\u00e9goire Junod, du Conseiller d\u2019Etat Vaudois Philippe Leuba, et du Pr\u00e9sident de Swiss Table Tennis Nicolas Imhof. &nbsp;<\/p>\n<p>&nbsp;<\/p>\n<p>Ce n\u2019est d\u2019ailleurs pas la premi\u00e8re fois que le tennis de table participe au renforcement de la paix dans le monde. En 1971 d\u00e9j\u00e0, une rencontre de tennis de table d\u00e9boucha\u2026 sur l\u2019\u00e9tablissement de relations diplomatiques entre les Etats-Unis et la Chine. On trouvera ci-dessous les liens (Allemand et Fran\u00e7ais) qui racontent <a href=\"https:\/\/fr.wikipedia.org\/wiki\/Diplomatie_du_ping-pong\" target=\"_blank\" rel=\"noopener\">cette histoire \u00e9tonnante\u2026<\/a><\/p>\n<p>&nbsp;<\/p>\n<p><img decoding=\"async\" class=\" size-full wp-image-10122\" style=\"margin-right: auto; margin-bottom: 10px; display: block; margin-left: auto;\" src=\"https:\/\/www.swisstabletennis.ch\/wp-content\/uploads\/2018\/06\/IMG_7276.JPG\" alt=\"IMG 7276\" width=\"520\" height=\"347\" \/> (<\/p>\n<p><img decoding=\"async\" class=\" size-full wp-image-10124\" style=\"margin-right: auto; margin-bottom: 10px; display: block; margin-left: auto;\" src=\"https:\/\/www.swisstabletennis.ch\/wp-content\/uploads\/2018\/06\/IMG_7280.JPG\" alt=\"IMG 7280\" width=\"520\" height=\"357\" \/><img loading=\"lazy\" decoding=\"async\" class=\" size-full wp-image-10126\" style=\"margin-right: auto; margin-bottom: 10px; display: block; margin-left: auto;\" src=\"https:\/\/www.swisstabletennis.ch\/wp-content\/uploads\/2018\/06\/IMG_7288.JPG\" alt=\"IMG 7288\" width=\"520\" height=\"335\" \/><\/p>\n<p>&nbsp;<\/p>\n<p>&nbsp;<\/p>\n","protected":false},"excerpt":{"rendered":"<p>Un contact \u00e9troit avec les vedettes Le CIO (Comit\u00e9 International Olympique) et son Pr\u00e9sident Thomas Bach marquaient le d\u00e9part ce&hellip;<\/p>\n","protected":false},"author":8,"featured_media":10120,"comment_status":"","ping_status":"closed","sticky":false,"template":"","format":"standard","meta":{"_monsterinsights_skip_tracking":false,"_monsterinsights_sitenote_active":false,"_monsterinsights_sitenote_note":"","_monsterinsights_sitenote_category":0,"footnotes":""},"categories":[120],"tags":[],"class_list":["post-10128","post","type-post","status-publish","format-standard","has-post-thumbnail","hentry","category-stt-news-kategorie-fr"],"_links":{"self":[{"href":"https:\/\/www.swisstabletennis.ch\/fr\/wp-json\/wp\/v2\/posts\/10128","targetHints":{"allow":["GET"]}}],"collection":[{"href":"https:\/\/www.swisstabletennis.ch\/fr\/wp-json\/wp\/v2\/posts"}],"about":[{"href":"https:\/\/www.swisstabletennis.ch\/fr\/wp-json\/wp\/v2\/types\/post"}],"author":[{"embeddable":true,"href":"https:\/\/www.swisstabletennis.ch\/fr\/wp-json\/wp\/v2\/users\/8"}],"replies":[{"embeddable":true,"href":"https:\/\/www.swisstabletennis.ch\/fr\/wp-json\/wp\/v2\/comments?post=10128"}],"version-history":[{"count":0,"href":"https:\/\/www.swisstabletennis.ch\/fr\/wp-json\/wp\/v2\/posts\/10128\/revisions"}],"wp:featuredmedia":[{"embeddable":true,"href":"https:\/\/www.swisstabletennis.ch\/fr\/wp-json\/wp\/v2\/media\/10120"}],"wp:attachment":[{"href":"https:\/\/www.swisstabletennis.ch\/fr\/wp-json\/wp\/v2\/media?parent=10128"}],"wp:term":[{"taxonomy":"category","embeddable":true,"href":"https:\/\/www.swisstabletennis.ch\/fr\/wp-json\/wp\/v2\/categories?post=10128"},{"taxonomy":"post_tag","embeddable":true,"href":"https:\/\/www.swisstabletennis.ch\/fr\/wp-json\/wp\/v2\/tags?post=10128"}],"curies":[{"name":"wp","href":"https:\/\/api.w.org\/{rel}","templated":true}]}}