{"id":10133,"date":"2018-07-10T10:00:00","date_gmt":"2018-07-10T09:00:00","guid":{"rendered":"https:\/\/swisstabletennis.ch\/neu\/deux-postes-ouverts-au-dcc\/"},"modified":"2018-07-10T10:00:00","modified_gmt":"2018-07-10T09:00:00","slug":"deux-postes-ouverts-au-dcc","status":"publish","type":"post","link":"https:\/\/www.swisstabletennis.ch\/fr\/deux-postes-ouverts-au-dcc\/","title":{"rendered":"Deux postes ouverts au DCC"},"content":{"rendered":"<p class=\"titel\"><strong><a class=\"jcepopup noicon\" href=\"https:\/\/www.swisstabletennis.ch\/wp-content\/uploads\/2018\/07\/IMG_3080.JPG\" target=\"_blank\" rel=\"noopener\" data-mediabox=\"1\" data-mediabox-title=\"Le DCC \u00e0 l'AD printemps 2017\"><img fetchpriority=\"high\" decoding=\"async\" class=\" alignleft size-full wp-image-10130\" style=\"margin: 10px; float: left;\" src=\"https:\/\/www.swisstabletennis.ch\/wp-content\/uploads\/2018\/07\/IMG_3080.JPG\" alt=\"IMG 3080\" width=\"520\" height=\"390\" srcset=\"https:\/\/www.swisstabletennis.ch\/wp-content\/uploads\/2018\/07\/IMG_3080.JPG 1632w, https:\/\/www.swisstabletennis.ch\/wp-content\/uploads\/2018\/07\/IMG_3080-600x450.jpg 600w\" sizes=\"(max-width: 520px) 100vw, 520px\" \/><\/a><\/strong>Deux postes ouverts au DCC<\/p>\n<p class=\"untertitel\">Suite \u00e0 deux d\u00e9missions du DCC, les postes de Chef M&amp;C et de Chef Sport de loisirs sont \u00e0 pourvoir d\u00e8s le mois de septembre. Deux personnes motiv\u00e9es \u00e0 assumer ces fonctions sont d\u00e9sormais recherch\u00e9es.<\/p>\n<p><!--more--><\/p>\n<p>Robin Moret, Chef M&amp;C, a annonc\u00e9 sa d\u00e9mission du DCC pour l\u2019assembl\u00e9e des d\u00e9l\u00e9gu\u00e9s d\u2019automne. Johann Sellem (Chef Sport de loisirs) a d\u00e9missionn\u00e9 du comit\u00e9 d\u00e9j\u00e0 lors de la derni\u00e8re AD de printemps.&nbsp;<\/p>\n<p>&nbsp;<\/p>\n<p>Le DCC est par cons\u00e9quent \u00e0 la recherche de deux personnes motiv\u00e9es \u00e0 leur succ\u00e9der.<\/p>\n<p>&nbsp;<\/p>\n<p>Ci-dessous, les t\u00e2ches des deux postes sont bri\u00e8vement r\u00e9sum\u00e9es :<\/p>\n<p>&nbsp;<\/p>\n<p><strong>Chef Sport de loisirs (h\/f)<\/strong><\/p>\n<p>Le ou la Chef Sport de loisirs est responsable du d\u00e9veloppement, de la coordination et de la mise en \u0153uvre d\u2019activit\u00e9s dans le domaine du Sport de loisirs en collaboration avec la commission nationale du Sport de loisirs et avec l\u2019office central.<\/p>\n<p>&nbsp;<\/p>\n<p>Ses principales t\u00e2ches englobent l\u2019organisation et la direction des s\u00e9ances de la commission Sport de loisirs qui se r\u00e9unit environ quatre fois par ann\u00e9e. Par ailleurs, il\/elle d\u00e9veloppe, en collaboration avec la commission Sport de loisirs et avec l\u2019office central, un concept de Sport de loisirs qu\u2019il\/elle fait appliquer et adapter r\u00e9guli\u00e8rement sur la base d\u2019un contr\u00f4le.<\/p>\n<p>&nbsp;<\/p>\n<p>Le\/la titulaire de cette fonction doit avoir de bonnes connaissances (\u00e9crites et orales) au moins de l\u2019allemand et du fran\u00e7ais et disposer de comp\u00e9tences g\u00e9n\u00e9rales de gestion et de qualit\u00e9s de leadership.<\/p>\n<p>&nbsp;<\/p>\n<p><strong>Chef Marketing et Communication (h\/f)<\/strong><\/p>\n<p>Le ou la Chef Marketing et Communication est responsable du d\u00e9veloppement, de la coordination et de la mise en \u0153uvre de la strat\u00e9gie de marketing et de communication de Swiss Table Tennis. Au vu de l\u2019objectif de la f\u00e9d\u00e9ration de recruter plus de membres pour les clubs de tennis de table, il\/elle continue, en collaboration avec l\u2019office central, le d\u00e9veloppement du concept de communication de la f\u00e9d\u00e9ration et veille \u00e0 son application. Dans ce contexte, une importance particuli\u00e8re doit \u00eatre accord\u00e9e au choix et \u00e0 la d\u00e9finition des diff\u00e9rents canaux de communication afin d\u2019adresser cette communication \u00e0 un maximum de personnes.<\/p>\n<p>&nbsp;<\/p>\n<p>Le\/la titulaire de cette fonction doit disposer de bonnes connaissances d\u2019allemand et de fran\u00e7ais ainsi que d\u2019une exp\u00e9rience en mati\u00e8re de marketing et de communication, acquise, dans la mesure du possible, dans des organisations \u00e0 but non lucratif et\/ou avoir suivi des \u00e9tudes ou une formation continue dans le domaine du marketing et de la communication.<\/p>\n<p>&nbsp;<\/p>\n<p>Le\/la Chef Sport de loisirs et le\/la Chef Marketing &amp; Communication sont membres du comit\u00e9 central et du directoire du comit\u00e9 central (DCC) STT. Ils participent aux s\u00e9ances du DCC (environ huit par ann\u00e9e) ainsi qu\u2019aux quatre s\u00e9ances du comit\u00e9 central. Les deux fonctions sont r\u00e9mun\u00e9r\u00e9es par des indemnit\u00e9s de mission modestes ainsi que par le remboursement des frais.<\/p>\n<p>&nbsp;<\/p>\n<p>Les personnes int\u00e9ress\u00e9es peuvent s\u2019adresser \u00e0 Nicolas Imhof, pr\u00e9sident STT :<\/p>\n<p>nicolas.imhof@swisstabletennis.ch<\/p>\n<\/p>\n<p>&nbsp;<\/p>\n","protected":false},"excerpt":{"rendered":"<p>Deux postes ouverts au DCC Suite \u00e0 deux d\u00e9missions du DCC, les postes de Chef M&amp;C et de Chef Sport&hellip;<\/p>\n","protected":false},"author":8,"featured_media":10130,"comment_status":"","ping_status":"closed","sticky":false,"template":"","format":"standard","meta":{"_monsterinsights_skip_tracking":false,"_monsterinsights_sitenote_active":false,"_monsterinsights_sitenote_note":"","_monsterinsights_sitenote_category":0,"footnotes":""},"categories":[120],"tags":[],"class_list":["post-10133","post","type-post","status-publish","format-standard","has-post-thumbnail","hentry","category-stt-news-kategorie-fr"],"_links":{"self":[{"href":"https:\/\/www.swisstabletennis.ch\/fr\/wp-json\/wp\/v2\/posts\/10133","targetHints":{"allow":["GET"]}}],"collection":[{"href":"https:\/\/www.swisstabletennis.ch\/fr\/wp-json\/wp\/v2\/posts"}],"about":[{"href":"https:\/\/www.swisstabletennis.ch\/fr\/wp-json\/wp\/v2\/types\/post"}],"author":[{"embeddable":true,"href":"https:\/\/www.swisstabletennis.ch\/fr\/wp-json\/wp\/v2\/users\/8"}],"replies":[{"embeddable":true,"href":"https:\/\/www.swisstabletennis.ch\/fr\/wp-json\/wp\/v2\/comments?post=10133"}],"version-history":[{"count":0,"href":"https:\/\/www.swisstabletennis.ch\/fr\/wp-json\/wp\/v2\/posts\/10133\/revisions"}],"wp:featuredmedia":[{"embeddable":true,"href":"https:\/\/www.swisstabletennis.ch\/fr\/wp-json\/wp\/v2\/media\/10130"}],"wp:attachment":[{"href":"https:\/\/www.swisstabletennis.ch\/fr\/wp-json\/wp\/v2\/media?parent=10133"}],"wp:term":[{"taxonomy":"category","embeddable":true,"href":"https:\/\/www.swisstabletennis.ch\/fr\/wp-json\/wp\/v2\/categories?post=10133"},{"taxonomy":"post_tag","embeddable":true,"href":"https:\/\/www.swisstabletennis.ch\/fr\/wp-json\/wp\/v2\/tags?post=10133"}],"curies":[{"name":"wp","href":"https:\/\/api.w.org\/{rel}","templated":true}]}}