{"id":10137,"date":"2018-07-12T10:00:00","date_gmt":"2018-07-12T09:00:00","guid":{"rendered":"https:\/\/swisstabletennis.ch\/neu\/preface-championnats-d-europe-jeunesses-2018\/"},"modified":"2018-07-12T10:00:00","modified_gmt":"2018-07-12T09:00:00","slug":"preface-championnats-d-europe-jeunesses-2018","status":"publish","type":"post","link":"https:\/\/www.swisstabletennis.ch\/fr\/preface-championnats-d-europe-jeunesses-2018\/","title":{"rendered":"Pr\u00e9face championnats d\u2019Europe jeunesses 2018"},"content":{"rendered":"<p class=\"titel\"><strong><a class=\"jcepopup noicon\" href=\"https:\/\/www.swisstabletennis.ch\/wp-content\/uploads\/2018\/07\/WhatsApp_Image_2018-07-11_at_05.55.011.jpeg\" target=\"_blank\" rel=\"noopener\" data-mediabox=\"1\" data-mediabox-title=\"Les Suisses\"><img decoding=\"async\" class=\" alignleft size-full wp-image-10134\" style=\"margin: 10px; float: left;\" src=\"https:\/\/www.swisstabletennis.ch\/wp-content\/uploads\/2018\/07\/WhatsApp_Image_2018-07-11_at_05.55.011.jpeg\" alt=\"WhatsApp Image 2018 07 11 at 05.55.011\" width=\"520\" srcset=\"https:\/\/www.swisstabletennis.ch\/wp-content\/uploads\/2018\/07\/WhatsApp_Image_2018-07-11_at_05.55.011.jpeg 1600w, https:\/\/www.swisstabletennis.ch\/wp-content\/uploads\/2018\/07\/WhatsApp_Image_2018-07-11_at_05.55.011-600x450.jpeg 600w\" sizes=\"(max-width: 1600px) 100vw, 1600px\" \/><\/a><\/strong>Les espoirs de la rel\u00e8ve suisse en Roumanie<\/p>\n<p class=\"untertitel\">Les championnats d\u2019Europe jeunesses d\u00e9butent dimanche dans la ville roumaine Cluj. Les Suisses participeront tant \u00e0 la comp\u00e9tition par \u00e9quipe qu\u2019\u00e0 la comp\u00e9tition en simple. Les plus gros espoirs reposent sur les gar\u00e7ons U18.<\/p>\n<p><!--more--><\/p>\n<p>Avant le d\u00e9but des CE jeunesses \u00e0 Cluj, l\u2019entra\u00eeneur national Samir Mulabdic est optimiste. \u201eLes joueurs se sont pr\u00e9par\u00e9s pour la comp\u00e9tition de mani\u00e8re intensive ces derni\u00e8res semaines\u201c. Ils ont termin\u00e9 deux stages d\u2019entra\u00eenement \u00e0 Macolin et ont \u00e9galement pu profiter du soutien d\u2019anciens et actuels joueurs de l\u2019\u00e9quipe nationale \u00e9lite tels que Lionel Weber et Nicolas Champod.<\/p>\n<p><strong>&nbsp;<\/strong><\/p>\n<p><strong>Espoirs de mont\u00e9e pour les juniors gar\u00e7ons <\/strong><\/p>\n<p>&nbsp;<\/p>\n<p>Le samedi, la d\u00e9l\u00e9gation s\u2019envole pour la Roumanie. Un jour plus tard d\u00e9bute d\u00e9j\u00e0 la comp\u00e9tition par \u00e9quipe. Chez les juniors (U18), le m\u00eame syst\u00e8me est jou\u00e9 que pour les qualifications des CE \u00e9lites ou les CM par \u00e9quipe \u00e9lite (cinq simples, le premier \u00e0 trois victoires). Chez les cadets (U15), deux simples seront d\u2019abord jou\u00e9s et ensuite un double. Si aucune des deux \u00e9quipes n\u2019a trois victoires, deux simples suppl\u00e9mentaires sont jou\u00e9s.<\/p>\n<p>&nbsp;<\/p>\n<p>Samir Mulabdic attend une bonne performance en particulier des U18 gar\u00e7ons, \u00e9quipe compos\u00e9e de Dorian Girod, Pedro Osiro Shinohara, Barish Moullet, Elias Hardmeier et Lo\u00efc Stoll. \u201eIls sont en deuxi\u00e8me division mais sont t\u00eate de s\u00e9rie une de leur groupe. C\u2019est pourquoi l\u2019objectif est la mont\u00e9e en premi\u00e8re division\u201c, explique l\u2019entra\u00eeneur national. Les gar\u00e7ons sont pr\u00eats, il en est persuad\u00e9. Les gar\u00e7ons juniors seront oppos\u00e9s, dans leur groupe, \u00e0 Malte, Mont\u00e9n\u00e9gro et Bosnie-Herz\u00e9govine. Si les Suisses terminent leur groupe \u00e0 la premi\u00e8re place, ils pourront donc jouer la mont\u00e9e.<\/p>\n<p>&nbsp;<\/p>\n<p><strong>Maintien de division pour les cadets gar\u00e7ons serait une grosse surprise<\/strong><\/p>\n<p>&nbsp;<\/p>\n<p>Les attentes sont l\u00e9g\u00e8rement inf\u00e9rieures qu\u2019aux autres \u00e9quipes. L\u2019\u00e9quipe U15 a r\u00e9ussi la promotion en premi\u00e8re division lors des derniers championnats d\u2019Europe jeunesses, c\u2019est pourquoi Mauro Sch\u00e4rrer, Bastien Romanens et Timothy Falconnier sont quatri\u00e8mes et derniers de leur groupe. \u201eLe maintien de division n\u2019est pas l\u2019objectif \u00e9tant donn\u00e9 que, mise \u00e0 part Mauro, aucun n\u2019a encore jou\u00e9 dans cette cat\u00e9gorie.\u201c Il esp\u00e8re quand m\u00eame sur une ou quelques victoires. Mauro, Bastien et Timothy seront confront\u00e9s \u00e0 la Belgique, la Slovaquie et la Su\u00e8de.<\/p>\n<p>&nbsp;<\/p>\n<p class=\"tw-ta-container tw-nfl\"><strong>Changement de plan \u00e0 court terme chez les filles<\/strong><\/p>\n<p><strong>&nbsp;<\/strong><\/p>\n<p>Chez les filles, Mulabdic esp\u00e8re d\u2019une mani\u00e8re ou d\u2019une autre un exploit. Les cadettes filles, Melanie Bernet, Nina Tullii et Fanny Doutaz affronteront dans leur groupe la Gr\u00e8ce, l\u2019Angleterre et la Bosnie-Herz\u00e9govine. Chez les juniores filles (Ludivine Maurer, C\u00e9line Credaro et Ursina Stamm), ce n\u2019est pas encore certain actuellement que l\u2019\u00e9quipe puisse participer. Malheureusement, Ursina Stamm doit renoncer \u00e0 une participation au CEJ en raison d\u2019une blessure au pied survenue lors du stage de pr\u00e9paration. Elle ne saura que ce mercredi qu&rsquo;elle a annonc\u00e9 qu&rsquo;elle ne serait pas en forme \u00e0 temps pour participer au CEJ. La f\u00e9d\u00e9ration a maintenant d\u00e9cid\u00e9 que Fanny Doutaz soutiendra Ludivine et C\u00e9line dans la comp\u00e9tition par \u00e9quipe pour l&rsquo;\u00e9quipe \u00e0 concourir. Les cadets Melanie et Nina se disputeront donc la comp\u00e9tition par \u00e9quipe par deux.<\/p>\n<p><strong>&nbsp;<\/strong><\/p>\n<p><strong>Elimination directe pour la comp\u00e9tition individuelle<\/strong><\/p>\n<p><strong>&nbsp;<\/strong><\/p>\n<p>D\u00e8s le 20 juillet, les comp\u00e9titions individuelles d\u00e9butent (simples, doubles et mixtes). Etant donn\u00e9 que ces cat\u00e9gories sont en \u00e9limination directe, Samir Mulabdic esp\u00e8re une victoire surprise. \u201eAvec ce syst\u00e8me, il est compliqu\u00e9 d\u2019aller loin pour nous\u201c explique-t-il de mani\u00e8re r\u00e9aliste. L\u2019objectif pour lui est donc \u201eUn joueur U18 au troisi\u00e8me tour\u201c.<\/p>\n<p>&nbsp;<\/p>\n<p><a href=\"http:\/\/eyc2018.com\/draws-and-results\/\" target=\"_blank\" rel=\"noopener\">Le site internet officiel des CEJ<\/a><\/p>\n<p>&nbsp;<\/p>\n","protected":false},"excerpt":{"rendered":"<p>Les espoirs de la rel\u00e8ve suisse en Roumanie Les championnats d\u2019Europe jeunesses d\u00e9butent dimanche dans la ville roumaine Cluj. Les&hellip;<\/p>\n","protected":false},"author":8,"featured_media":10134,"comment_status":"","ping_status":"closed","sticky":false,"template":"","format":"standard","meta":{"_monsterinsights_skip_tracking":false,"_monsterinsights_sitenote_active":false,"_monsterinsights_sitenote_note":"","_monsterinsights_sitenote_category":0,"footnotes":""},"categories":[118],"tags":[],"class_list":["post-10137","post","type-post","status-publish","format-standard","has-post-thumbnail","hentry","category-sport-d-elite"],"_links":{"self":[{"href":"https:\/\/www.swisstabletennis.ch\/fr\/wp-json\/wp\/v2\/posts\/10137","targetHints":{"allow":["GET"]}}],"collection":[{"href":"https:\/\/www.swisstabletennis.ch\/fr\/wp-json\/wp\/v2\/posts"}],"about":[{"href":"https:\/\/www.swisstabletennis.ch\/fr\/wp-json\/wp\/v2\/types\/post"}],"author":[{"embeddable":true,"href":"https:\/\/www.swisstabletennis.ch\/fr\/wp-json\/wp\/v2\/users\/8"}],"replies":[{"embeddable":true,"href":"https:\/\/www.swisstabletennis.ch\/fr\/wp-json\/wp\/v2\/comments?post=10137"}],"version-history":[{"count":0,"href":"https:\/\/www.swisstabletennis.ch\/fr\/wp-json\/wp\/v2\/posts\/10137\/revisions"}],"wp:featuredmedia":[{"embeddable":true,"href":"https:\/\/www.swisstabletennis.ch\/fr\/wp-json\/wp\/v2\/media\/10134"}],"wp:attachment":[{"href":"https:\/\/www.swisstabletennis.ch\/fr\/wp-json\/wp\/v2\/media?parent=10137"}],"wp:term":[{"taxonomy":"category","embeddable":true,"href":"https:\/\/www.swisstabletennis.ch\/fr\/wp-json\/wp\/v2\/categories?post=10137"},{"taxonomy":"post_tag","embeddable":true,"href":"https:\/\/www.swisstabletennis.ch\/fr\/wp-json\/wp\/v2\/tags?post=10137"}],"curies":[{"name":"wp","href":"https:\/\/api.w.org\/{rel}","templated":true}]}}