{"id":10141,"date":"2018-07-12T09:00:00","date_gmt":"2018-07-12T08:00:00","guid":{"rendered":"https:\/\/swisstabletennis.ch\/neu\/selections-championnats-d-europe-elite\/"},"modified":"2018-07-12T09:00:00","modified_gmt":"2018-07-12T08:00:00","slug":"selections-championnats-d-europe-elite","status":"publish","type":"post","link":"https:\/\/www.swisstabletennis.ch\/fr\/selections-championnats-d-europe-elite\/","title":{"rendered":"S\u00e9lections Championnats d&rsquo;Europe \u00e9lite"},"content":{"rendered":"<p class=\"titel\"><strong><a class=\"jcepopup noicon\" href=\"https:\/\/www.swisstabletennis.ch\/wp-content\/uploads\/2018\/07\/Moret_Rachel_black_16_2.jpg\" target=\"_blank\" rel=\"noopener\" data-mediabox=\"1\"><img fetchpriority=\"high\" decoding=\"async\" class=\" alignleft size-full wp-image-10138\" style=\"margin: 10px; float: left;\" src=\"https:\/\/www.swisstabletennis.ch\/wp-content\/uploads\/2018\/07\/Moret_Rachel_black_16_2.jpg\" alt=\"Moret Rachel black 16 2\" width=\"520\" height=\"381\" srcset=\"https:\/\/www.swisstabletennis.ch\/wp-content\/uploads\/2018\/07\/Moret_Rachel_black_16_2.jpg 1280w, https:\/\/www.swisstabletennis.ch\/wp-content\/uploads\/2018\/07\/Moret_Rachel_black_16_2-600x439.jpg 600w\" sizes=\"(max-width: 520px) 100vw, 520px\" \/><\/a><\/strong><a class=\"jcepopup noicon\" href=\"https:\/\/www.swisstabletennis.ch\/wp-content\/uploads\/2018\/07\/WhatsApp_Image_2018-07-11_at_05.55.011.jpeg\" target=\"_blank\" rel=\"noopener\" data-mediabox=\"1\" data-mediabox-title=\"Die Schweizer Delegation\">S\u00e9lection pour les championnats d&rsquo;Europe \u00e9lite en Espagne <\/a><strong><a class=\"jcepopup noicon\" href=\"https:\/\/www.swisstabletennis.ch\/wp-content\/uploads\/2018\/07\/WhatsApp_Image_2018-07-11_at_05.55.011.jpeg\" target=\"_blank\" rel=\"noopener\" data-mediabox=\"1\" data-mediabox-title=\"Die Schweizer Delegation\"><br \/><\/a><\/strong><span class=\"untertitel\">STT annonce les s\u00e9lections pour les Championnats d&rsquo;Europe Elite du 18 au 23 septembre \u00e0 Alicante, Espagne.<\/span><\/p>\n<p><!--more--><\/p>\n<p>S\u00e9lectionn\u00e9s pour le Championnat d&rsquo;Europe Elite \u00e9taient: &nbsp;<\/p>\n<p>&nbsp;<\/p>\n<p>Messieurs: Lionel Weber &nbsp;<\/p>\n<p>&nbsp;<\/p>\n<p>Dames: Rachel Moret &nbsp;<\/p>\n<p>&nbsp;<\/p>\n<p>Entra\u00eeneur: Samir Mulabdic<\/p><\/p>\n","protected":false},"excerpt":{"rendered":"<p>S\u00e9lection pour les championnats d&rsquo;Europe \u00e9lite en Espagne STT annonce les s\u00e9lections pour les Championnats d&rsquo;Europe Elite du 18 au&hellip;<\/p>\n","protected":false},"author":8,"featured_media":10138,"comment_status":"","ping_status":"closed","sticky":false,"template":"","format":"standard","meta":{"_monsterinsights_skip_tracking":false,"_monsterinsights_sitenote_active":false,"_monsterinsights_sitenote_note":"","_monsterinsights_sitenote_category":0,"footnotes":""},"categories":[118],"tags":[],"class_list":["post-10141","post","type-post","status-publish","format-standard","has-post-thumbnail","hentry","category-sport-d-elite"],"_links":{"self":[{"href":"https:\/\/www.swisstabletennis.ch\/fr\/wp-json\/wp\/v2\/posts\/10141","targetHints":{"allow":["GET"]}}],"collection":[{"href":"https:\/\/www.swisstabletennis.ch\/fr\/wp-json\/wp\/v2\/posts"}],"about":[{"href":"https:\/\/www.swisstabletennis.ch\/fr\/wp-json\/wp\/v2\/types\/post"}],"author":[{"embeddable":true,"href":"https:\/\/www.swisstabletennis.ch\/fr\/wp-json\/wp\/v2\/users\/8"}],"replies":[{"embeddable":true,"href":"https:\/\/www.swisstabletennis.ch\/fr\/wp-json\/wp\/v2\/comments?post=10141"}],"version-history":[{"count":0,"href":"https:\/\/www.swisstabletennis.ch\/fr\/wp-json\/wp\/v2\/posts\/10141\/revisions"}],"wp:featuredmedia":[{"embeddable":true,"href":"https:\/\/www.swisstabletennis.ch\/fr\/wp-json\/wp\/v2\/media\/10138"}],"wp:attachment":[{"href":"https:\/\/www.swisstabletennis.ch\/fr\/wp-json\/wp\/v2\/media?parent=10141"}],"wp:term":[{"taxonomy":"category","embeddable":true,"href":"https:\/\/www.swisstabletennis.ch\/fr\/wp-json\/wp\/v2\/categories?post=10141"},{"taxonomy":"post_tag","embeddable":true,"href":"https:\/\/www.swisstabletennis.ch\/fr\/wp-json\/wp\/v2\/tags?post=10141"}],"curies":[{"name":"wp","href":"https:\/\/api.w.org\/{rel}","templated":true}]}}