{"id":10196,"date":"2018-08-10T06:00:00","date_gmt":"2018-08-10T05:00:00","guid":{"rendered":"https:\/\/swisstabletennis.ch\/neu\/retrospective-de-susanne-de-huit-passes-chez-stt\/"},"modified":"2022-06-24T08:57:27","modified_gmt":"2022-06-24T07:57:27","slug":"retrospective-de-susanne-de-huit-passes-chez-stt","status":"publish","type":"post","link":"https:\/\/www.swisstabletennis.ch\/fr\/retrospective-de-susanne-de-huit-passes-chez-stt\/","title":{"rendered":"R\u00e9trospective de Susanne de huit ans pass\u00e9s chez STT"},"content":{"rendered":"<p><strong><a class=\"jcepopup noicon\" href=\"https:\/\/www.swisstabletennis.ch\/wp-content\/uploads\/2018\/08\/WhatsApp_Image_2018-08-09_at_14.16.13.jpeg\" target=\"_blank\" rel=\"noopener\" data-mediabox=\"1\" data-mediabox-title=\"Susanne Gries sur son lieu de travail, qu'elle transmettra bient\u00f4t \u00e0 son successeur.\"><img fetchpriority=\"high\" decoding=\"async\" class=\" alignleft size-full wp-image-10187\" style=\"margin: 10px; float: left;\" src=\"https:\/\/www.swisstabletennis.ch\/wp-content\/uploads\/2018\/08\/WhatsApp_Image_2018-08-09_at_14.16.13.jpeg\" alt=\"WhatsApp Image 2018 08 09 at 14.16.13\" width=\"520\" height=\"293\" srcset=\"https:\/\/www.swisstabletennis.ch\/wp-content\/uploads\/2018\/08\/WhatsApp_Image_2018-08-09_at_14.16.13.jpeg 1600w, https:\/\/www.swisstabletennis.ch\/wp-content\/uploads\/2018\/08\/WhatsApp_Image_2018-08-09_at_14.16.13-600x338.jpeg 600w\" sizes=\"(max-width: 520px) 100vw, 520px\" \/><\/a><\/strong><span class=\"titel\">R\u00e9trospective de Susanne de huit ans pass\u00e9s chez STT<\/span><\/p>\n<p class=\"untertitel\">Fin ao\u00fbt, la directrice Susanne Gries quittera Swiss Table Tennis apr\u00e8s presque huit ans. Dans Sidespin, elle passe ces ann\u00e9es en revue en se souvenant des hauts et des bas.<\/p>\n<p><!--more--><\/p>\n<p>Interview\/photo : Annina H\u00e4usli<\/p>\n<p>&nbsp;<\/p>\n<p><strong>STT : Susanne, comment r\u00e9sumerais-tu, en deux phrases, ton bilan de ces huit pass\u00e9s au sein de la f\u00e9d\u00e9ration ?<\/strong><\/p>\n<p>Susanne Gries : C\u2019\u00e9tait une p\u00e9riode tr\u00e8s int\u00e9ressante et gr\u00e2ce \u00e0 un entourage g\u00e9nial, j\u2019ai eu beaucoup de plaisir. Je pense que j\u2019ai pu faire avancer la f\u00e9d\u00e9ration dans plusieurs secteurs, mais mon successeur aura tout de m\u00eame encore du pain sur la planche.<\/p>\n<p>&nbsp;<\/p>\n<p><strong>Est-ce que tu te souviens comment c\u2019\u00e9tait quand tu es arriv\u00e9e \u00e0 l\u2019office central&nbsp;? Quels sont les changements effectu\u00e9s depuis ?<\/strong><\/p>\n<p>Oui, je m\u2019en souviens tr\u00e8s bien. Les documents pour les s\u00e9ances du comit\u00e9 central \u00e9taient alors par exemple encore envoy\u00e9s par courrier. Et il n\u2019y avait pas encore de pr\u00e9sentations PowerPoint. Cela faisait partie de mes premi\u00e8res choses que j\u2019ai chang\u00e9es.<\/p>\n<p>Lorsque je commen\u00e7ais chez STT, la f\u00e9d\u00e9ration avait beaucoup de projets en parall\u00e8le. Par contre, il n\u2019y avait pas de planning sur long terme. Maintenant, nous avons une strat\u00e9gie de la f\u00e9d\u00e9ration qui d\u00e9crit des objectifs clairs pour les diff\u00e9rents secteurs, qui est mise en \u0153uvre et qui fait l\u2019objet de v\u00e9rifications r\u00e9guli\u00e8res.<\/p>\n<p>Il y a huit ans, on ne disposait bien entendu pas encore de click-tt, il s\u2019agit l\u00e0 probablement du plus grand projet pendant cette p\u00e9riode.<\/p>\n<p>Les rapports entre le comit\u00e9 directeur et les clubs n\u2019\u00e9tait pas non plus bien entretenus, il n\u2019y avait pas de projets comme le Forum des clubs ou les visites chez les clubs.<\/p>\n<p>&nbsp;<\/p>\n<p><strong>Est-ce que tu t\u2019\u00e9tais fix\u00e9 des objectifs au d\u00e9but&nbsp;? Si oui, as-tu pu les atteindre ?<\/strong><\/p>\n<p>Comme objectif personnel, je voulais toujours \u00eatre \u00e0 l\u2019\u00e9coute de mon \u00e9quipe et leur montrer que ma porte est toujours ouverte. Suite \u00e0 mes exp\u00e9riences \u2013 diff\u00e9rentes \u2013 avec mon ancien chef, c\u2019\u00e9tait tr\u00e8s important pour moi et je pense que j\u2019ai pu r\u00e9aliser cet objectif. Puisqu\u2019auparavant, je n\u2019avais aucune relation avec le tennis de table et n\u2019avais pas encore travaill\u00e9 dans une f\u00e9d\u00e9ration, les objectifs professionnels se mettaient en place seulement petit \u00e0 petit. Un des premiers objectifs \u00e9tait le d\u00e9veloppement et la mise en \u0153uvre d\u2019une strat\u00e9gie de la f\u00e9d\u00e9ration mais \u00e9galement une meilleure information des clubs en augmentant la proximit\u00e9 avec eux. Nous avons pu atteindre ces objectifs, m\u00eame s\u2019il y a toujours du potentiel pour faire encore mieux.<\/p>\n<p>&nbsp;<\/p>\n<p><strong>Qu\u2019est-ce qui t\u2019a le plus plu dans le cadre de ton travail&nbsp;? Et qu\u2019est-ce qui t\u2019a le moins plu ?<\/strong><\/p>\n<p>Pour moi, il est satisfaisant de savoir que mon travail permet \u00e0 d\u2019autres gens de pratiquer leur hobby. En plus, le travail est \u00e9galement tr\u00e8s vari\u00e9 et j\u2019appr\u00e9cie beaucoup le bilinguisme de la f\u00e9d\u00e9ration. La critique destructive de la part de membres peut par contre presque an\u00e9antir le plaisir du travail. De telles critiques ne servent \u00e0 rien et apportent seulement de la frustration des deux c\u00f4t\u00e9s.<\/p>\n<p>&nbsp;<\/p>\n<p><strong>Que souhaites-tu \u00e0 ton successeur (qu&rsquo;on va introduire dans la prochaine edition du Sidepsin) ? Quels conseils peux-tu lui donner ?<\/strong><\/p>\n<p>\u00c0 mon successeur, je souhaite que le travail lui plaise autant qu\u2019\u00e0 moi. Et qu\u2019il ait le courage d\u2019essayer de nouvelles id\u00e9es. Mais dans l\u2019id\u00e9al, pas toutes d\u2019un coup (elle rigole).<\/p>\n<p>&nbsp;<\/p>\n<p><strong>\u00c0 ton avis, quels sont les d\u00e9fis majeurs auxquels Swiss Table Tennis sera confront\u00e9 \u00e0 l\u2019avenir ?<\/strong><\/p>\n<p>\u00c0 l\u2019avenir, STT doit int\u00e9grer \u00e9galement les membres de clubs sans licence dans la f\u00e9d\u00e9ration. Il faudrait aussi avoir une nouvelle image plus fra\u00eeche. Par ailleurs, il faudrait augmenter l\u2019attrait des entra\u00eeneurs et du travail b\u00e9n\u00e9vole au sein de la f\u00e9d\u00e9ration et dans les clubs, car sans entra\u00eeneurs ni b\u00e9n\u00e9voles, rien ne va dans une f\u00e9d\u00e9ration sportive.<\/p>\n<p>&nbsp;<\/p>\n<p><strong>Quels sont tes prochains projets ?<\/strong><\/p>\n<p>Tout d\u2019abord, je pars en vacances aux Etats-Unis. Nous allons faire du VTT \u00e0 Colorado et Utah. Ensuite, je commencerai soit directement un nouvel emploi soit je ferai une formation continue.<\/p>\n<\/p>\n<p>&nbsp;<\/p>\n<p><strong>Autres articles dans cette \u00e9dition:<\/strong><\/p>\n<p><a href=\"https:\/\/www.swisstabletennis.ch\/susanne-gries-verlaesst-stt-nach-fast-acht-jahren\/\">R\u00e9trospective de Susanne Gries de huit ans pass\u00e9s chez STT<\/a><\/p>\n<p><a href=\"https:\/\/www.swisstabletennis.ch\/die-optimale-ernaehrung-vor-und-waehrend-einem-tischtennisturnier\/\">Une analyse du r\u00e9gime alimentaire de Lionel Weber<\/a><\/p>\n<p><a href=\"https:\/\/www.swisstabletennis.ch\/harimoto-tomokazu\/\">Un Suisse en finale \u00e0 l&rsquo;open du Japon<\/a><\/p>\n<p><a href=\"https:\/\/www.swisstabletennis.ch\/trotz-schaedelhirntrauma-an-schweizermeisterschaft-teilnehmen\/\">Vincenzo Munia: \u00abParticiper aux Championnats suisses malgr\u00e9 un traumatisme cranio-c\u00e9r\u00e9bral\u00bb<\/a><\/p>\n<p><a href=\"https:\/\/www.swisstabletennis.ch\/harimoto-tomokazu\/\">Un enfant prodige qui d\u00e9fie la Chine<\/a><\/p>\n<p><a href=\"https:\/\/www.swisstabletennis.ch\/stimmen-der-kadertrainer-nach-der-jem-2018\/\">Les voix des entra\u00eeneurs des cadres STT apr\u00e8s les CEJ \u00e0 Cluj Napoca<\/a><\/p>\n<\/p><\/p>\n","protected":false},"excerpt":{"rendered":"<p>R\u00e9trospective de Susanne de huit ans pass\u00e9s chez STT Fin ao\u00fbt, la directrice Susanne Gries quittera Swiss Table Tennis apr\u00e8s&hellip;<\/p>\n","protected":false},"author":8,"featured_media":10186,"comment_status":"closed","ping_status":"closed","sticky":false,"template":"","format":"standard","meta":{"_monsterinsights_skip_tracking":false,"_monsterinsights_sitenote_active":false,"_monsterinsights_sitenote_note":"","_monsterinsights_sitenote_category":0,"footnotes":""},"categories":[120],"tags":[],"class_list":["post-10196","post","type-post","status-publish","format-standard","has-post-thumbnail","hentry","category-stt-news-kategorie-fr"],"_links":{"self":[{"href":"https:\/\/www.swisstabletennis.ch\/fr\/wp-json\/wp\/v2\/posts\/10196","targetHints":{"allow":["GET"]}}],"collection":[{"href":"https:\/\/www.swisstabletennis.ch\/fr\/wp-json\/wp\/v2\/posts"}],"about":[{"href":"https:\/\/www.swisstabletennis.ch\/fr\/wp-json\/wp\/v2\/types\/post"}],"author":[{"embeddable":true,"href":"https:\/\/www.swisstabletennis.ch\/fr\/wp-json\/wp\/v2\/users\/8"}],"replies":[{"embeddable":true,"href":"https:\/\/www.swisstabletennis.ch\/fr\/wp-json\/wp\/v2\/comments?post=10196"}],"version-history":[{"count":0,"href":"https:\/\/www.swisstabletennis.ch\/fr\/wp-json\/wp\/v2\/posts\/10196\/revisions"}],"wp:featuredmedia":[{"embeddable":true,"href":"https:\/\/www.swisstabletennis.ch\/fr\/wp-json\/wp\/v2\/media\/10186"}],"wp:attachment":[{"href":"https:\/\/www.swisstabletennis.ch\/fr\/wp-json\/wp\/v2\/media?parent=10196"}],"wp:term":[{"taxonomy":"category","embeddable":true,"href":"https:\/\/www.swisstabletennis.ch\/fr\/wp-json\/wp\/v2\/categories?post=10196"},{"taxonomy":"post_tag","embeddable":true,"href":"https:\/\/www.swisstabletennis.ch\/fr\/wp-json\/wp\/v2\/tags?post=10196"}],"curies":[{"name":"wp","href":"https:\/\/api.w.org\/{rel}","templated":true}]}}