{"id":10197,"date":"2018-08-10T06:00:00","date_gmt":"2018-08-10T05:00:00","guid":{"rendered":"https:\/\/swisstabletennis.ch\/neu\/les-voix-des-entraineurs-des-cadres-stt-apres-les-cej-a-cluj-napoca\/"},"modified":"2022-06-24T08:57:28","modified_gmt":"2022-06-24T07:57:28","slug":"les-voix-des-entraineurs-des-cadres-stt-apres-les-cej-a-cluj-napoca","status":"publish","type":"post","link":"https:\/\/www.swisstabletennis.ch\/fr\/les-voix-des-entraineurs-des-cadres-stt-apres-les-cej-a-cluj-napoca\/","title":{"rendered":"Les voix des entra\u00eeneurs des cadres STT apr\u00e8s les CEJ \u00e0 Cluj Napoca"},"content":{"rendered":"<p><strong><a class=\"jcepopup noicon\" href=\"https:\/\/www.swisstabletennis.ch\/wp-content\/uploads\/2018\/08\/jugendem-IMG_3590.JPG\" target=\"_blank\" rel=\"noopener\" data-mediabox=\"1\" data-mediabox-title=\"Les \u00e9quipes \u00e0 Cluj\"><img fetchpriority=\"high\" decoding=\"async\" class=\" alignleft size-full wp-image-10170\" style=\"margin: 10px; float: left;\" src=\"https:\/\/www.swisstabletennis.ch\/wp-content\/uploads\/2018\/08\/jugendem-IMG_3590.JPG\" alt=\"jugendem IMG 3590\" width=\"520\" height=\"390\" srcset=\"https:\/\/www.swisstabletennis.ch\/wp-content\/uploads\/2018\/08\/jugendem-IMG_3590.JPG 1600w, https:\/\/www.swisstabletennis.ch\/wp-content\/uploads\/2018\/08\/jugendem-IMG_3590-600x450.jpg 600w\" sizes=\"(max-width: 520px) 100vw, 520px\" \/><\/a><\/strong><span class=\"titel\">Les voix des entra\u00eeneurs des cadres STT apr\u00e8s les CEJ \u00e0 Cluj Napoca<\/span><\/p>\n<p class=\"untertitel\">L\u2019entra\u00eeneur des cadres Samir Mulabdic, Pavel Rehorek et Yannick Charmot tirent leur bilan personnel apr\u00e8s la fin des CEJ 2018.<\/p>\n<p><!--more--><\/p>\n<p>Text: Annina H\u00e4usli\/Yannick Charmot\/Samir Mulabdic\/Pavel Rehorek \/ Foto: zvg<\/p>\n<p>&nbsp;<\/p>\n<p><strong><em>Yannick Charmot, l\u2019\u00e9quipe U15 gar\u00e7ons a d\u00e9but\u00e9 les CEJ \u00e0 Cluj Napoca en premi\u00e8re division. A la fin de la comp\u00e9tition par \u00e9quipe, ils sont redescendus en deuxi\u00e8me division. Es-tu quand m\u00eame content des performances r\u00e9alis\u00e9es et du potentiel de nos joueurs ? <\/em><\/strong><\/p>\n<p><strong><em>&nbsp;<\/em><\/strong>La saison derni\u00e8re, Elias Hardmeier et Barish Moullet ont tr\u00e8s bien jou\u00e9 avec la mont\u00e9e en premi\u00e8re division. A l\u2019exception de Mauro, l\u2019\u00e9quipe U15 de cette ann\u00e9e n\u2019avait encore jamais jou\u00e9 \u00e0 ce niveau. L\u2019objectif n\u2019\u00e9tait pas de r\u00e9ussir \u00e0 se maintenir en premi\u00e8re division, cela n\u2019aurait pas \u00e9t\u00e9 r\u00e9aliste. L\u2019objectif \u00e9tait de conna\u00eetre les exigences du haut niveau chez les jeunes et de progresser. Les jeunes ont alors tr\u00e8s bien jou\u00e9 et ont pu terminer les CE jeunesses \u00e0 une honorable 24\u00e8me place.<\/p>\n<p><strong>&nbsp;<\/strong><\/p>\n<p><strong><em>Dans quels domaines doivent encore s\u2019am\u00e9liorer nos jeunes joueurs U15 par rapport \u00e0 la concurrence \u00e9trang\u00e8re?<\/em><\/strong><\/p>\n<p>Surtout dans le domaine mental. On ne peut pas gagner contre des adversaires meilleurs avec des agressions. Les joueurs doivent rester calme dans certaines situations. Se battre contre soi-m\u00eame et son adversaire, cela rend la chose impossible. De plus, la technique doit bien \u00e9videmment \u00e9galement \u00eatre un \u00e9l\u00e9ment d\u2019entra\u00eenement perp\u00e9tuel.<\/p>\n<p>&nbsp;<\/p>\n<p><strong><em>Pavel Rehorek, tu \u00e9tais responsable des \u00e9quipes filles U15 et U18 au CEJ 2018 \u00e0 Cluj. Es-tu satisfait de la performance des \u00e9quipes au CEJ 2018?<\/em><\/strong><\/p>\n<p>Pour moi, la position finale au ranking n\u2019est pas la priorit\u00e9. Certes, certaines d\u00e9faites tr\u00e8s serr\u00e9es ont \u00e9t\u00e9 encaiss\u00e9es. Pour moi, c\u2019\u00e9tait une p\u00e9riode tr\u00e8s intensive et rigoureuse mais avec un groupe de filles tr\u00e8s disciplin\u00e9es. Au niveau de l\u2019esprit d\u2019\u00e9quipe, engagement au combat et discipline, c\u2019\u00e9tait, pour moi, des CE jeunesses tr\u00e8s positifs. La collaboration avec les filles m\u2019a fait plaisir. Pour moi personnellement, c\u2019est important que chaque joueuse ait donn\u00e9 son maximum. Si cela a suffi pour une victoire ou pas, c\u2019\u00e9tait secondaire. Je pense que toutes peuvent avoir une bonne conscience \u00e0 cet \u00e9gard.<\/p>\n<p><strong>&nbsp;<\/strong><\/p>\n<p><strong><em>Que devrait-on faire dans la saison \u00e0 venir pour am\u00e9liorer le niveau des \u00e9quipes filles ?<\/em><\/strong><\/p>\n<p>Pour presque toutes, c\u2019\u00e9tait leur premier CE jeunesses et la plupart des filles sont dans la m\u00eame cat\u00e9gorie pour 1 ou 2 ans encore. En premier, les filles doivent r\u00e9ussir \u00e0 \u00eatre actives et surtout am\u00e9liorer leurs services. En second lieu, la communication entre les entra\u00eeneurs des cadres et le club doit \u00eatre am\u00e9lior\u00e9e afin que nous puissions travailler sur les m\u00eames objectifs principaux de mani\u00e8re coh\u00e9rente durant toute la saison. En troisi\u00e8me point, au cas o\u00f9 les filles le veulent, un programme devrait \u00eatre organis\u00e9 durant la saison avec trois \u00e0 quatre tournois internationaux en cat\u00e9gorie B et 1-2 stages d\u2019entra\u00eenement internationaux. Cela permettrait de r\u00e9guli\u00e8rement s\u2019opposer au niveau international et de pouvoir continuer \u00e0 travailler sur les points forts et points faibles.<\/p>\n<p>&nbsp;<\/p>\n<p><strong><em>Samir Mulabdic, es-tu satisfait des performances des \u00e9quipes STT lors des CEJ 2018 ?<\/em><\/strong><\/p>\n<p>En premier lieu, nous pouvons \u00eatre contents avec la prestation et les r\u00e9sultats de nos \u00e9quipes. Nous avons \u00e0 nouveau particip\u00e9 au CEJ avec quatre \u00e9quipes pour la premi\u00e8re fois depuis quelques ann\u00e9es. En particulier chez les filles, nous n\u2019avions pas d\u2019objectifs de r\u00e9sultat. Nous esp\u00e9rons que nous avons r\u00e9ussi \u00e0 motiver les \u00e9quipes filles \u00e0 travailler assid\u00fbment dans le futur pour leur d\u00e9veloppement personnel et pongiste gr\u00e2ce aux exp\u00e9riences positives v\u00e9cues lors de ces CEJ. Les gar\u00e7ons ont fait une bonne performance et de bons r\u00e9sultats. Je me r\u00e9jouis des prochaines ann\u00e9es pour voir comment ils vont \u00e9voluer.<\/p>\n<p><strong>&nbsp;<\/strong><\/p>\n<p><strong><em>Il y a 5 ans, l\u2019\u00e9quipe U18 gar\u00e7ons se trouvait pour la derni\u00e8re fois dans les 16 meilleures nations d\u2019Europe. Avec la 15\u00e8me place \u00e0 Cluj Napoca, ils pourront d\u00e9buter directement en premi\u00e8re division. Que s\u2019est-il pass\u00e9 durant les 5 derni\u00e8res ann\u00e9es?<\/em><\/strong><\/p>\n<p>Les joueurs U18 actuels s\u2019entra\u00eenent de mani\u00e8re professionnelle et ont l\u2019objectif d\u2019avoir des r\u00e9sultats internationaux. Cet objectif se ressent dans leur travail quotidien. Il y a des plans d\u2019entra\u00eenements et de comp\u00e9titions, un d\u00e9veloppement \u00e0 long terme et ils suivent la concurrence internationale. Le volume d\u2019entra\u00eenement s\u2019est align\u00e9 au niveau international. La collaboration entre STT et les joueurs et le club s\u2019est am\u00e9lior\u00e9e. Les exigences de nos joueurs des cadres et le soutien qu\u2019ils re\u00e7oivent se sont align\u00e9s au niveau international. Il est r\u00e9jouissant que nos gar\u00e7ons, mise \u00e0 part Dorian qui \u00e9tait pr\u00e9sent pour la derni\u00e8re fois au CEJ en raison de son \u00e2ge, puissent encore jouer un ou deux ans dans la cat\u00e9gorie U18.<\/p>\n<p>&nbsp;<\/p>\n<p><strong><em>Comment le plan pour les deux prochaines ann\u00e9es se pr\u00e9sente-t-il?<\/em><\/strong><\/p>\n<p>J\u2019esp\u00e8re que les joueurs travailleront encore plus et surtout de mani\u00e8re cibl\u00e9e sur leurs points faibles et points forts. En particulier dans les deux domaines, mental et physique, il reste beaucoup \u00e0 faire. Il est \u00e9galement important de planifier en avance et de concr\u00e9tiser enti\u00e8rement et de mani\u00e8re coh\u00e9rente le planning d\u2019entra\u00eenement. Pas seulement les volumes et les intensit\u00e9s d\u2019une s\u00e9ance d\u2019entra\u00eenement doivent \u00eatre mieux planifi\u00e9es mais \u00e9galement les phases de r\u00e9cup\u00e9ration. De bons joueurs professionnels sortent toujours de plus de pays diff\u00e9rents. En cons\u00e9quence, nous devons continuer en permanence \u00e0 nous d\u00e9velopper si nous souhaitons avoir des r\u00e9sultats internationaux.<\/p>\n<\/p>\n<p><strong>Autres articles dans cette \u00e9dition:<\/strong><\/p>\n<p><a href=\"https:\/\/www.swisstabletennis.ch\/susanne-gries-verlaesst-stt-nach-fast-acht-jahren\/\">R\u00e9trospective de Susanne Gries de huit ans pass\u00e9s chez STT<\/a><\/p>\n<p><a href=\"https:\/\/www.swisstabletennis.ch\/die-optimale-ernaehrung-vor-und-waehrend-einem-tischtennisturnier\/\" target=\"_blank\" rel=\"noopener\">Une analyse du r\u00e9gime alimentaire de Lionel Weber<\/a><\/p>\n<p><a href=\"https:\/\/www.swisstabletennis.ch\/harimoto-tomokazu\/\">Un Suisse en finale \u00e0 l&rsquo;open du Japon<\/a><\/p>\n<p><a href=\"https:\/\/www.swisstabletennis.ch\/trotz-schaedelhirntrauma-an-schweizermeisterschaft-teilnehmen\/\">Vincenzo Munia: \u00abParticiper aux Championnats suisses malgr\u00e9 un traumatisme cranio-c\u00e9r\u00e9bral\u00bb<\/a><\/p>\n<p><a href=\"https:\/\/www.swisstabletennis.ch\/harimoto-tomokazu\/\">Un enfant prodige qui d\u00e9fie la Chine<\/a><\/p><\/p>\n","protected":false},"excerpt":{"rendered":"<p>Les voix des entra\u00eeneurs des cadres STT apr\u00e8s les CEJ \u00e0 Cluj Napoca L\u2019entra\u00eeneur des cadres Samir Mulabdic, Pavel Rehorek&hellip;<\/p>\n","protected":false},"author":8,"featured_media":10169,"comment_status":"closed","ping_status":"closed","sticky":false,"template":"","format":"standard","meta":{"_monsterinsights_skip_tracking":false,"_monsterinsights_sitenote_active":false,"_monsterinsights_sitenote_note":"","_monsterinsights_sitenote_category":0,"footnotes":""},"categories":[110],"tags":[],"class_list":["post-10197","post","type-post","status-publish","format-standard","has-post-thumbnail","hentry","category-sidespin"],"_links":{"self":[{"href":"https:\/\/www.swisstabletennis.ch\/fr\/wp-json\/wp\/v2\/posts\/10197","targetHints":{"allow":["GET"]}}],"collection":[{"href":"https:\/\/www.swisstabletennis.ch\/fr\/wp-json\/wp\/v2\/posts"}],"about":[{"href":"https:\/\/www.swisstabletennis.ch\/fr\/wp-json\/wp\/v2\/types\/post"}],"author":[{"embeddable":true,"href":"https:\/\/www.swisstabletennis.ch\/fr\/wp-json\/wp\/v2\/users\/8"}],"replies":[{"embeddable":true,"href":"https:\/\/www.swisstabletennis.ch\/fr\/wp-json\/wp\/v2\/comments?post=10197"}],"version-history":[{"count":0,"href":"https:\/\/www.swisstabletennis.ch\/fr\/wp-json\/wp\/v2\/posts\/10197\/revisions"}],"wp:featuredmedia":[{"embeddable":true,"href":"https:\/\/www.swisstabletennis.ch\/fr\/wp-json\/wp\/v2\/media\/10169"}],"wp:attachment":[{"href":"https:\/\/www.swisstabletennis.ch\/fr\/wp-json\/wp\/v2\/media?parent=10197"}],"wp:term":[{"taxonomy":"category","embeddable":true,"href":"https:\/\/www.swisstabletennis.ch\/fr\/wp-json\/wp\/v2\/categories?post=10197"},{"taxonomy":"post_tag","embeddable":true,"href":"https:\/\/www.swisstabletennis.ch\/fr\/wp-json\/wp\/v2\/tags?post=10197"}],"curies":[{"name":"wp","href":"https:\/\/api.w.org\/{rel}","templated":true}]}}