{"id":10207,"date":"2018-09-04T06:00:00","date_gmt":"2018-09-04T05:00:00","guid":{"rendered":"https:\/\/swisstabletennis.ch\/neu\/bref-portriat-elke-schall-suss\/"},"modified":"2018-09-04T06:00:00","modified_gmt":"2018-09-04T05:00:00","slug":"bref-portriat-elke-schall-suss","status":"publish","type":"post","link":"https:\/\/www.swisstabletennis.ch\/fr\/bref-portriat-elke-schall-suss\/","title":{"rendered":"Bref Portriat Elke Schall-S\u00fcss"},"content":{"rendered":"<p><strong><a class=\"jcepopup noicon\" href=\"https:\/\/www.swisstabletennis.ch\/wp-content\/uploads\/2018\/09\/elke5.jpg\" target=\"_blank\" rel=\"noopener\" data-mediabox=\"1\" data-mediabox-title=\"Elke Schall-S\u00fcss\"><img fetchpriority=\"high\" decoding=\"async\" class=\" alignleft size-full wp-image-10202\" style=\"margin: 10px; float: left;\" src=\"https:\/\/www.swisstabletennis.ch\/wp-content\/uploads\/2018\/09\/elke5.jpg\" alt=\"elke5\" width=\"520\" height=\"520\" srcset=\"https:\/\/www.swisstabletennis.ch\/wp-content\/uploads\/2018\/09\/elke5.jpg 600w, https:\/\/www.swisstabletennis.ch\/wp-content\/uploads\/2018\/09\/elke5-393x393.jpg 393w, https:\/\/www.swisstabletennis.ch\/wp-content\/uploads\/2018\/09\/elke5-150x150.jpg 150w\" sizes=\"(max-width: 520px) 100vw, 520px\" \/><\/a><\/strong><span class=\"titel\">Elke Schall-S\u00fcss nouvel entra\u00eeneur-assistant des cadres<\/span><\/p>\n<p class=\"untertitel\">L\u2019\u00e9quipe d\u2019entra\u00eeneurs de Swiss Table Tennis re\u00e7oit un nouveau renfort suite au retrait de Shen Zhujun. D\u00e8s maintenant, les entra\u00eeneurs vont \u00eatre soutenus par l\u2019Allemande Elke Schall-S\u00fcss.&nbsp;<\/p>\n<p>L\u2019ancienne joueuse nationale allemande et deux fois championne d\u2019Europe en double sera de la partie \u00e0 plusieurs jours et stages d\u2019entra\u00eenement dans le futur et mettre son exp\u00e9rience \u00e0 disposition pour nos joueurs des cadres.<\/p>\n<p><!--more--><\/p>\n<p>&nbsp;<\/p>\n<p>Texte: Annina H\u00e4usli \/ photos: zvg<\/p>\n<p>&nbsp;<\/p>\n<p>L\u2019Allemande \u00e2g\u00e9e de 45 ans rejoint l\u2019\u00e9quipe de Swiss Table Tennis en tant qu\u2019entra\u00eeneur-assistant. Originaire de Spire, elle peut jeter un coup d\u2019oeil positif sur sa carri\u00e8re r\u00e9ussie en tant que joueuse. Elle remporta deux fois l\u2019or en double et en par \u00e9quipe lors des CE (1996 et 1998). Au total, elle joua 187 fois pour l\u2019\u00e9quipe nationale allemande. En 2014, elle se retira de l\u2019\u00e9quipe nationale. En 2013, elle d\u00e9buta sa carri\u00e8re en tant qu\u2019entra\u00eeneur pour l\u2019association de tennis de table de la Hesse et depuis 2015, elle travaille \u00e9galement en tant qu\u2019entra\u00eeneur dans le centre de tennis de table allemand \u00e0 D\u00fcsseldorf. La joueuse droiti\u00e8re, class\u00e9e au mieux \u00e0 la 29\u00e8me place au ranking mondial, a pris une licence au TTC Neuhausen en Suisse. \u201ePour Neuhausen, je jouerai quand je suis demand\u00e9e ou plus particuli\u00e8rement quand j\u2019ai le temps\u201c r\u00e9pond-elle \u00e0 propos de la question sur ses engagements en ligue nationale. Il est fort probable que l\u2019on puisse voir \u00e9voluer l\u2019ancienne championne d\u2019Europe en LNA.<\/p>\n<p>&nbsp;<\/p>\n<p>D\u00e8s maintenant, Elke Schall-S\u00fcss va aider en tant qu\u2019entra\u00eeneur-assistant durant plusieurs stages d\u2019entra\u00eenement des cadres. Elle tentera d\u2019amener encore plus loin les jeunes et les \u00e9lites suisses. \u201eJe souhaiterais tirer le maximum de tous les joueurs avec lesquels je vais devoir travailler\u201c dit la maman d\u2019un enfant d\u2019un an. La collaboration a \u00e9t\u00e9 possible gr\u00e2ce \u00e0 un contact avec Georg Silberschmidt. \u201eLe travail se combine tr\u00e8s bien avec mes obligations en tant que m\u00e8re\u201c continue Schall-S\u00fcss. Elle se r\u00e9jouit de ce nouvel enjeu.<\/p>\n<p>&nbsp;<\/p>\n<p>A titre priv\u00e9, Elke Schall-S\u00fcss vit avec son \u00e9poux Christian S\u00fcss (\u00e9galement ancien joueur national allemand) et sa fille Stella Helene (1) en Allemagne.<\/p>\n<\/p>\n<p><a class=\"jcepopup noicon\" href=\"https:\/\/www.swisstabletennis.ch\/wp-content\/uploads\/2018\/09\/elke4.jpg\" data-mediabox=\"1\" data-mediabox-title=\"Elke Schall-S\u00fcss\"><img decoding=\"async\" class=\" size-full wp-image-10204\" style=\"margin: 10px auto; display: block;\" src=\"https:\/\/www.swisstabletennis.ch\/wp-content\/uploads\/2018\/09\/elke4.jpg\" alt=\"elke4\" height=\"520\" \/><\/a><\/p>\n","protected":false},"excerpt":{"rendered":"<p>Elke Schall-S\u00fcss nouvel entra\u00eeneur-assistant des cadres L\u2019\u00e9quipe d\u2019entra\u00eeneurs de Swiss Table Tennis re\u00e7oit un nouveau renfort suite au retrait de&hellip;<\/p>\n","protected":false},"author":8,"featured_media":10202,"comment_status":"","ping_status":"closed","sticky":false,"template":"","format":"standard","meta":{"_monsterinsights_skip_tracking":false,"_monsterinsights_sitenote_active":false,"_monsterinsights_sitenote_note":"","_monsterinsights_sitenote_category":0,"footnotes":""},"categories":[120],"tags":[],"class_list":["post-10207","post","type-post","status-publish","format-standard","has-post-thumbnail","hentry","category-stt-news-kategorie-fr"],"_links":{"self":[{"href":"https:\/\/www.swisstabletennis.ch\/fr\/wp-json\/wp\/v2\/posts\/10207","targetHints":{"allow":["GET"]}}],"collection":[{"href":"https:\/\/www.swisstabletennis.ch\/fr\/wp-json\/wp\/v2\/posts"}],"about":[{"href":"https:\/\/www.swisstabletennis.ch\/fr\/wp-json\/wp\/v2\/types\/post"}],"author":[{"embeddable":true,"href":"https:\/\/www.swisstabletennis.ch\/fr\/wp-json\/wp\/v2\/users\/8"}],"replies":[{"embeddable":true,"href":"https:\/\/www.swisstabletennis.ch\/fr\/wp-json\/wp\/v2\/comments?post=10207"}],"version-history":[{"count":0,"href":"https:\/\/www.swisstabletennis.ch\/fr\/wp-json\/wp\/v2\/posts\/10207\/revisions"}],"wp:featuredmedia":[{"embeddable":true,"href":"https:\/\/www.swisstabletennis.ch\/fr\/wp-json\/wp\/v2\/media\/10202"}],"wp:attachment":[{"href":"https:\/\/www.swisstabletennis.ch\/fr\/wp-json\/wp\/v2\/media?parent=10207"}],"wp:term":[{"taxonomy":"category","embeddable":true,"href":"https:\/\/www.swisstabletennis.ch\/fr\/wp-json\/wp\/v2\/categories?post=10207"},{"taxonomy":"post_tag","embeddable":true,"href":"https:\/\/www.swisstabletennis.ch\/fr\/wp-json\/wp\/v2\/tags?post=10207"}],"curies":[{"name":"wp","href":"https:\/\/api.w.org\/{rel}","templated":true}]}}