{"id":10281,"date":"2018-10-05T09:00:00","date_gmt":"2018-10-05T08:00:00","guid":{"rendered":"https:\/\/swisstabletennis.ch\/neu\/compte-rendu-de-l-ad-automne-2018\/"},"modified":"2018-10-05T09:00:00","modified_gmt":"2018-10-05T08:00:00","slug":"compte-rendu-de-l-ad-automne-2018","status":"publish","type":"post","link":"https:\/\/www.swisstabletennis.ch\/fr\/compte-rendu-de-l-ad-automne-2018\/","title":{"rendered":"Compte-rendu de l\u2019AD automne 2018"},"content":{"rendered":"<p class=\"titel\"><strong><a class=\"jcepopup noicon\" href=\"https:\/\/www.swisstabletennis.ch\/wp-content\/uploads\/2018\/10\/P1060825.JPG\" target=\"_blank\" rel=\"noopener\" data-mediabox=\"1\"><img fetchpriority=\"high\" decoding=\"async\" class=\" alignleft size-full wp-image-10270\" style=\"margin: 10px; float: left;\" src=\"https:\/\/www.swisstabletennis.ch\/wp-content\/uploads\/2018\/10\/P1060825.JPG\" alt=\"P1060825\" width=\"520\" height=\"293\" \/><\/a><\/strong>Des \u00e9lections et des distinctions honorifiques \u00e0 Ittigen<\/p>\n<p class=\"untertitel\">L\u2019assembl\u00e9e des d\u00e9l\u00e9gu\u00e9s d\u2019automne avait lieu samedi dernier \u00e0 Ittigen.<\/p>\n<p>\u00c0 cette occasion, deux nouveaux fonctionnaires \u00e9taient \u00e9lus et l\u2019insigne du m\u00e9rite Athl\u00e8tes \u00e9tait remis \u00e0 un ancien Champion suisse. Par ailleurs, l\u2019assembl\u00e9e prenait officiellement cong\u00e9 de l\u2019ancienne directrice Susanne Gries qui avait quitt\u00e9 STT \u00e0 la fin ao\u00fbt.<\/p>\n<p>&nbsp;<\/p>\n<p><!--more--><\/p>\n<p>&nbsp;<\/p>\n<p>Texte : Annina H\u00e4usli \/ photos : Daniel Burren<\/p>\n<p>&nbsp;<\/p>\n<p>L\u2019AD d\u2019automne de cette ann\u00e9e avait lieu le 29 septembre. L\u2019assembl\u00e9e \u00e9tait sous le signe des \u00e9lections et des distinctions honorifiques.<\/p>\n<p>&nbsp;<\/p>\n<p>Au Directoire du Comit\u00e9 Central, deux changements sont survenus. Pour le poste vacant du chef du sport de loisirs, Emmanuelle Porta du club de C\u00f4te Peseux a \u00e9t\u00e9 choisie par applaudissements. \u201eJe souhaiterais aider avec mes activit\u00e9s, promouvoir et d\u00e9velopper le tennis de table en Suisse et particuli\u00e8rement le tennis de table f\u00e9minin\u201c, dit Porta pour expliquer sa motivation. Robin Moret, responsable du Marketing et Communication s\u2019est retir\u00e9 de sa fonction. Claude Diethelm a \u00e9galement \u00e9t\u00e9 choisi comme nouveau membre de la commission de recours. La commission est \u00e0 nouveau constitu\u00e9e de quatre membres.<\/p>\n<p>&nbsp;<\/p>\n<p><a class=\"jcepopup\" href=\"https:\/\/www.swisstabletennis.ch\/wp-content\/uploads\/2018\/10\/P1060835.JPG\" data-mediabox=\"1\" data-mediabox-title=\"Emmanuelle Porta\"><img decoding=\"async\" class=\" alignleft size-full wp-image-10272\" style=\"margin-right: 20px; margin-bottom: 10px; float: left;\" src=\"https:\/\/www.swisstabletennis.ch\/wp-content\/uploads\/2018\/10\/P1060835.JPG\" alt=\"P1060835\" width=\"520\" \/><\/a><\/p>\n<p>&nbsp;<\/p>\n<p>Sur proposition de l\u2019OTTV, l\u2019insigne du m\u00e9rite Athl\u00e8tes \u00e9tait remis \u00e0 Paul Birchmeier (87) afin d\u2019honorer les succ\u00e8s qu\u2019il avait f\u00eat\u00e9s durant les ann\u00e9es 50 et 60 au sein de l\u2019\u00e9quipe nationale de l\u2019\u00e9lite et, plus tard, lors des Championnats des seniors.<\/p>\n<p>&nbsp;<\/p>\n<p><a class=\"jcepopup\" href=\"https:\/\/www.swisstabletennis.ch\/wp-content\/uploads\/2018\/10\/P1060855.JPG\" data-mediabox=\"1\" data-mediabox-title=\"Nicolas Imhof avec Paul Birchmeier\"><img decoding=\"async\" class=\" alignleft size-full wp-image-10276\" style=\"margin-right: 20px; margin-bottom: 10px; float: left;\" src=\"https:\/\/www.swisstabletennis.ch\/wp-content\/uploads\/2018\/10\/P1060855.JPG\" alt=\"P1060855\" width=\"520\" \/><\/a><\/p>\n<p>&nbsp;<\/p>\n<p>Le pr\u00e9sident Nicolas Imhof a fait le point sur le forum des clubs organis\u00e9 pour la premi\u00e8re fois en 2018. Toutes les id\u00e9es et les souhaits ont \u00e9t\u00e9 recens\u00e9s et doivent \u00eatre mises \u00e0 disposition aux membres des clubs et des associations sous forme de brochure. Le deuxi\u00e8me forum des clubs est pr\u00e9vu pour le premier trimestre de 2020. Imhof a \u00e9galement montr\u00e9 aux participants que la f\u00e9d\u00e9ration est sur la bonne voie dans la mise en oeuvre de sa strat\u00e9gie 2017-2020.<\/p>\n<p>&nbsp;<\/p>\n<p><a class=\"jcepopup\" href=\"https:\/\/www.swisstabletennis.ch\/wp-content\/uploads\/2018\/10\/P1060827.JPG\" data-mediabox=\"1\" data-mediabox-title=\"Le Directoire du Comit\u00e9 Central\"><img decoding=\"async\" class=\" alignleft size-full wp-image-10274\" style=\"margin-right: 20px; margin-bottom: 10px; float: left;\" src=\"https:\/\/www.swisstabletennis.ch\/wp-content\/uploads\/2018\/10\/P1060827.JPG\" alt=\"P1060827\" width=\"520\" \/><\/a><\/p>\n<p>&nbsp;<\/p>\n<p>L\u2019ancienne directrice de l\u2019Office central Susanne Gries, qui a termin\u00e9 son travail \u00e0 Swiss Table Tennis fin ao\u00fbt, a \u00e9t\u00e9 r\u00e9compens\u00e9e par de longs applaudissements et un cadeau de d\u00e9part pour ses longues ann\u00e9es de service.<\/p>\n<p>&nbsp;<\/p>\n<p><a class=\"jcepopup\" href=\"https:\/\/www.swisstabletennis.ch\/wp-content\/uploads\/2018\/10\/P1060860.JPG\" data-mediabox=\"1\" data-mediabox-title=\"Nicolas Imhof avec Susanne Gries\"><img decoding=\"async\" class=\" alignleft size-full wp-image-10278\" style=\"margin-right: 20px; margin-bottom: 10px; float: left;\" src=\"https:\/\/www.swisstabletennis.ch\/wp-content\/uploads\/2018\/10\/P1060860.JPG\" alt=\"P1060860\" width=\"520\" \/><\/a><\/p>\n<p>&nbsp;<\/p>\n<p>La prochaine assembl\u00e9 des d\u00e9l\u00e9gu\u00e9s se d\u00e9roulera le 2 mars 2019 dans le cadre des CS \u00e9lites \u00e0 Gen\u00e8ve.<\/p>\n<p>&nbsp;<\/p>\n<p><a href=\"https:\/\/www.flickr.com\/photos\/142862027@N07\/albums\/72157696336649930\">Toutes les photos dans notre galerie de photos.<\/a><\/p><\/p>\n","protected":false},"excerpt":{"rendered":"<p>Des \u00e9lections et des distinctions honorifiques \u00e0 Ittigen L\u2019assembl\u00e9e des d\u00e9l\u00e9gu\u00e9s d\u2019automne avait lieu samedi dernier \u00e0 Ittigen. \u00c0 cette&hellip;<\/p>\n","protected":false},"author":8,"featured_media":10270,"comment_status":"","ping_status":"closed","sticky":false,"template":"","format":"standard","meta":{"_monsterinsights_skip_tracking":false,"_monsterinsights_sitenote_active":false,"_monsterinsights_sitenote_note":"","_monsterinsights_sitenote_category":0,"footnotes":""},"categories":[120],"tags":[],"class_list":["post-10281","post","type-post","status-publish","format-standard","has-post-thumbnail","hentry","category-stt-news-kategorie-fr"],"_links":{"self":[{"href":"https:\/\/www.swisstabletennis.ch\/fr\/wp-json\/wp\/v2\/posts\/10281","targetHints":{"allow":["GET"]}}],"collection":[{"href":"https:\/\/www.swisstabletennis.ch\/fr\/wp-json\/wp\/v2\/posts"}],"about":[{"href":"https:\/\/www.swisstabletennis.ch\/fr\/wp-json\/wp\/v2\/types\/post"}],"author":[{"embeddable":true,"href":"https:\/\/www.swisstabletennis.ch\/fr\/wp-json\/wp\/v2\/users\/8"}],"replies":[{"embeddable":true,"href":"https:\/\/www.swisstabletennis.ch\/fr\/wp-json\/wp\/v2\/comments?post=10281"}],"version-history":[{"count":0,"href":"https:\/\/www.swisstabletennis.ch\/fr\/wp-json\/wp\/v2\/posts\/10281\/revisions"}],"wp:featuredmedia":[{"embeddable":true,"href":"https:\/\/www.swisstabletennis.ch\/fr\/wp-json\/wp\/v2\/media\/10270"}],"wp:attachment":[{"href":"https:\/\/www.swisstabletennis.ch\/fr\/wp-json\/wp\/v2\/media?parent=10281"}],"wp:term":[{"taxonomy":"category","embeddable":true,"href":"https:\/\/www.swisstabletennis.ch\/fr\/wp-json\/wp\/v2\/categories?post=10281"},{"taxonomy":"post_tag","embeddable":true,"href":"https:\/\/www.swisstabletennis.ch\/fr\/wp-json\/wp\/v2\/tags?post=10281"}],"curies":[{"name":"wp","href":"https:\/\/api.w.org\/{rel}","templated":true}]}}