{"id":10350,"date":"2018-10-25T06:00:00","date_gmt":"2018-10-25T05:00:00","guid":{"rendered":"https:\/\/swisstabletennis.ch\/neu\/changement-a-l-office-central\/"},"modified":"2018-10-25T06:00:00","modified_gmt":"2018-10-25T05:00:00","slug":"changement-a-l-office-central","status":"publish","type":"post","link":"https:\/\/www.swisstabletennis.ch\/fr\/changement-a-l-office-central\/","title":{"rendered":"Changement \u00e0 l&rsquo;office central"},"content":{"rendered":"<p><strong><a class=\"jcepopup noicon\" href=\"https:\/\/www.swisstabletennis.ch\/wp-content\/uploads\/2018\/10\/Janos_Diggelmann_201810.jpg\" target=\"_blank\" rel=\"noopener\" data-mediabox=\"1\"><img decoding=\"async\" class=\" alignleft size-full wp-image-10343\" style=\"margin: 10px; float: left;\" src=\"https:\/\/www.swisstabletennis.ch\/wp-content\/uploads\/2018\/10\/Janos_Diggelmann_201810.jpg\" alt=\"Janos Diggelmann 201810\" height=\"520\" srcset=\"https:\/\/www.swisstabletennis.ch\/wp-content\/uploads\/2018\/10\/Janos_Diggelmann_201810.jpg 1033w, https:\/\/www.swisstabletennis.ch\/wp-content\/uploads\/2018\/10\/Janos_Diggelmann_201810-600x900.jpg 600w\" sizes=\"(max-width: 1033px) 100vw, 1033px\" \/><\/a><\/strong><span class=\"titel\">Un nouveau visage \u00e0 l\u2019office central<\/span><\/p>\n<p class=\"untertitel\">Avec Janos Diggelmann, un nouveau collaborateur commencera son travail \u00e0 l\u2019office central \u00e0 partir du mois de novembre<\/p>\n<p><!--more--><\/p>\n<p>Texte: Annina H\u00e4usli \/ photo: zvg<\/p>\n<p>&nbsp;<\/p>\n<p>Janos Diggelmann (37 ans) reprendra la fonction de Barbara Eichenberger qui a quitt\u00e9 STT \u00e0 la fin septembre. Il occupera donc le poste de collaborateur Finances et personnel. En raison de son emploi actuel en tant qu\u2019expert fiscal en mati\u00e8re d\u2019imposition des entreprises aupr\u00e8s du canton de Berne, on retrouvera Diggelmann une demi-journ\u00e9e par semaine \u00e0 l\u2019office central jusqu\u2019\u00e0 fin janvier. \u00c0 partir du mois de f\u00e9vrier, il occupera un poste \u00e0 30%.<\/p>\n<p>&nbsp;<\/p>\n<p>Diggelmann avait d\u00e9but\u00e9 sa carri\u00e8re professionnelle par un apprentissage d\u2019employ\u00e9 de commerce. Papa de deux enfants, il habite \u00e0 R\u00fcegsauschachen (BE). Autrefois, il avait aussi travaill\u00e9 dans l\u2019expertise comptable \u00e0 l\u2019administration des finances et comme responsable de mandats dans le domaine fiduciaire. Il a \u00e9galement d\u00e9j\u00e0 une exp\u00e9rience en mati\u00e8re de tennis de table \u2013 durant sa jeunesse, il \u00e9tait membre du TTC Burgdorf.<\/p>\n<p>&nbsp;<\/p>\n<p>STT se r\u00e9jouit qu\u2019en la personne de Janos Diggelmann, un successeur comp\u00e9tent de Barbara Eichenberger ait pu \u00eatre trouv\u00e9 et lui souhaite d\u2019ores et d\u00e9j\u00e0 plein succ\u00e8s pour ses nouvelles t\u00e2ches professionnelles.<\/p><\/p>\n","protected":false},"excerpt":{"rendered":"<p>Un nouveau visage \u00e0 l\u2019office central Avec Janos Diggelmann, un nouveau collaborateur commencera son travail \u00e0 l\u2019office central \u00e0 partir&hellip;<\/p>\n","protected":false},"author":8,"featured_media":10343,"comment_status":"","ping_status":"closed","sticky":false,"template":"","format":"standard","meta":{"_monsterinsights_skip_tracking":false,"_monsterinsights_sitenote_active":false,"_monsterinsights_sitenote_note":"","_monsterinsights_sitenote_category":0,"footnotes":""},"categories":[120],"tags":[],"class_list":["post-10350","post","type-post","status-publish","format-standard","has-post-thumbnail","hentry","category-stt-news-kategorie-fr"],"_links":{"self":[{"href":"https:\/\/www.swisstabletennis.ch\/fr\/wp-json\/wp\/v2\/posts\/10350","targetHints":{"allow":["GET"]}}],"collection":[{"href":"https:\/\/www.swisstabletennis.ch\/fr\/wp-json\/wp\/v2\/posts"}],"about":[{"href":"https:\/\/www.swisstabletennis.ch\/fr\/wp-json\/wp\/v2\/types\/post"}],"author":[{"embeddable":true,"href":"https:\/\/www.swisstabletennis.ch\/fr\/wp-json\/wp\/v2\/users\/8"}],"replies":[{"embeddable":true,"href":"https:\/\/www.swisstabletennis.ch\/fr\/wp-json\/wp\/v2\/comments?post=10350"}],"version-history":[{"count":0,"href":"https:\/\/www.swisstabletennis.ch\/fr\/wp-json\/wp\/v2\/posts\/10350\/revisions"}],"wp:featuredmedia":[{"embeddable":true,"href":"https:\/\/www.swisstabletennis.ch\/fr\/wp-json\/wp\/v2\/media\/10343"}],"wp:attachment":[{"href":"https:\/\/www.swisstabletennis.ch\/fr\/wp-json\/wp\/v2\/media?parent=10350"}],"wp:term":[{"taxonomy":"category","embeddable":true,"href":"https:\/\/www.swisstabletennis.ch\/fr\/wp-json\/wp\/v2\/categories?post=10350"},{"taxonomy":"post_tag","embeddable":true,"href":"https:\/\/www.swisstabletennis.ch\/fr\/wp-json\/wp\/v2\/tags?post=10350"}],"curies":[{"name":"wp","href":"https:\/\/api.w.org\/{rel}","templated":true}]}}