{"id":10711,"date":"2019-04-16T15:00:00","date_gmt":"2019-04-16T14:00:00","guid":{"rendered":"https:\/\/swisstabletennis.ch\/neu\/candidatures-ittf-comitee-2019\/"},"modified":"2019-04-16T15:00:00","modified_gmt":"2019-04-16T14:00:00","slug":"candidatures-ittf-comitee-2019","status":"publish","type":"post","link":"https:\/\/www.swisstabletennis.ch\/fr\/candidatures-ittf-comitee-2019\/","title":{"rendered":"Candidatures ITTF Comitee 2019"},"content":{"rendered":"<p><strong><a href=\"https:\/\/www.swisstabletennis.ch\/wp-content\/uploads\/2019\/04\/Katja_Brand.jpg\" target=\"_blank\" rel=\"noopener\" class=\"jcepopup noicon\" data-mediabox=\"1\" data-mediabox-caption=\"Katja Brand\"><img fetchpriority=\"high\" decoding=\"async\" class=\" alignleft size-full wp-image-10706\" style=\"margin: 10px; float: left;\" src=\"https:\/\/www.swisstabletennis.ch\/wp-content\/uploads\/2019\/04\/Katja_Brand.jpg\" alt=\"Katja Brand\" width=\"520\" height=\"650\" srcset=\"https:\/\/www.swisstabletennis.ch\/wp-content\/uploads\/2019\/04\/Katja_Brand.jpg 1319w, https:\/\/www.swisstabletennis.ch\/wp-content\/uploads\/2019\/04\/Katja_Brand-600x750.jpg 600w\" sizes=\"(max-width: 520px) 100vw, 520px\" \/><\/a><\/strong><\/p>\n<p class=\"titel\"><span class=\"titel\">Reto Bazzi et Katja Brand se pr\u00e9sentent \u00e0 nouveau pour les comit\u00e9s de l&rsquo;ITTF<\/span><\/p>\n<p class=\"untertitel\">Bazzi et Brand se repr\u00e9sentent pour leurs postes au Congr\u00e8s de l&rsquo;ITTF qui sera organis\u00e9 lors du championnat du monde \u00e0 Budapest.<\/p>\n<p><!--more--><\/p>\n<p>&nbsp;<\/p>\n<p>Texte : Annina H\u00e4usli \/ Photos : Archives<\/p>\n<p>&nbsp;<\/p>\n<p>Reto Bazzi et Katja Brand, fonctionnaires de STT depuis de nombreuses ann\u00e9es, se pr\u00e9sentent une fois de plus aux \u00e9lections pour les postes qu&rsquo;ils occupent d\u00e9j\u00e0 \u00e0 l&rsquo;ITTF.<\/p>\n<p>&nbsp;<\/p>\n<p>Reto Bazzi repr\u00e9sente le sport senior depuis d\u00e9j\u00e0 huit ans comme Pr\u00e9sident de la commission, tandis que Katja Brand est membre \u00e0 part enti\u00e8re du comit\u00e9 des \u00ab\u00a0Rules\u00a0\u00bb depuis dix ans. En cas d&rsquo;\u00e9lection r\u00e9ussie, ils resteront en fonction pendant deux ann\u00e9es suppl\u00e9mentaires jusqu&rsquo;en 2021.<\/p>\n<p>&nbsp;<\/p>\n<p>L&rsquo;\u00e9lection aura lieu le lundi 22 avril lors des championnats du monde du simple et du double \u00e0 Budapest, en Hongrie.<\/p>\n<p>&nbsp;<\/p>\n<p>&nbsp;<\/p>\n<p><a href=\"https:\/\/www.swisstabletennis.ch\/wp-content\/uploads\/2019\/04\/Reto_Bazzi-212x300.jpg\" class=\"jcepopup noicon\" data-mediabox=\"1\" data-mediabox-caption=\"Reto Bazzi\"><img decoding=\"async\" class=\" size-full wp-image-10708\" src=\"https:\/\/www.swisstabletennis.ch\/wp-content\/uploads\/2019\/04\/Reto_Bazzi-212x300.jpg\" alt=\"Reto Bazzi 212x300\" style=\"margin-right: auto; margin-bottom: 10px; display: block; margin-left: auto;\" width=\"212\" height=\"300\" \/><\/a><\/p>\n","protected":false},"excerpt":{"rendered":"<p>Reto Bazzi et Katja Brand se pr\u00e9sentent \u00e0 nouveau pour les comit\u00e9s de l&rsquo;ITTF Bazzi et Brand se repr\u00e9sentent pour&hellip;<\/p>\n","protected":false},"author":8,"featured_media":10706,"comment_status":"","ping_status":"closed","sticky":false,"template":"","format":"standard","meta":{"_monsterinsights_skip_tracking":false,"_monsterinsights_sitenote_active":false,"_monsterinsights_sitenote_note":"","_monsterinsights_sitenote_category":0,"footnotes":""},"categories":[120],"tags":[],"class_list":["post-10711","post","type-post","status-publish","format-standard","has-post-thumbnail","hentry","category-stt-news-kategorie-fr"],"_links":{"self":[{"href":"https:\/\/www.swisstabletennis.ch\/fr\/wp-json\/wp\/v2\/posts\/10711","targetHints":{"allow":["GET"]}}],"collection":[{"href":"https:\/\/www.swisstabletennis.ch\/fr\/wp-json\/wp\/v2\/posts"}],"about":[{"href":"https:\/\/www.swisstabletennis.ch\/fr\/wp-json\/wp\/v2\/types\/post"}],"author":[{"embeddable":true,"href":"https:\/\/www.swisstabletennis.ch\/fr\/wp-json\/wp\/v2\/users\/8"}],"replies":[{"embeddable":true,"href":"https:\/\/www.swisstabletennis.ch\/fr\/wp-json\/wp\/v2\/comments?post=10711"}],"version-history":[{"count":0,"href":"https:\/\/www.swisstabletennis.ch\/fr\/wp-json\/wp\/v2\/posts\/10711\/revisions"}],"wp:featuredmedia":[{"embeddable":true,"href":"https:\/\/www.swisstabletennis.ch\/fr\/wp-json\/wp\/v2\/media\/10706"}],"wp:attachment":[{"href":"https:\/\/www.swisstabletennis.ch\/fr\/wp-json\/wp\/v2\/media?parent=10711"}],"wp:term":[{"taxonomy":"category","embeddable":true,"href":"https:\/\/www.swisstabletennis.ch\/fr\/wp-json\/wp\/v2\/categories?post=10711"},{"taxonomy":"post_tag","embeddable":true,"href":"https:\/\/www.swisstabletennis.ch\/fr\/wp-json\/wp\/v2\/tags?post=10711"}],"curies":[{"name":"wp","href":"https:\/\/api.w.org\/{rel}","templated":true}]}}