{"id":10750,"date":"2019-04-25T15:00:00","date_gmt":"2019-04-25T14:00:00","guid":{"rendered":"https:\/\/swisstabletennis.ch\/neu\/candidatures-pour-les-comites-de-l-ittf-retenues\/"},"modified":"2019-04-25T15:00:00","modified_gmt":"2019-04-25T14:00:00","slug":"candidatures-pour-les-comites-de-l-ittf-retenues","status":"publish","type":"post","link":"https:\/\/www.swisstabletennis.ch\/fr\/candidatures-pour-les-comites-de-l-ittf-retenues\/","title":{"rendered":"Candidatures pour les comit\u00e9s de l&rsquo;ITTF retenues"},"content":{"rendered":"<p><strong><a href=\"https:\/\/www.swisstabletennis.ch\/wp-content\/uploads\/2019\/04\/reto_bazzi_budapest_kleiner.jpg\" target=\"_blank\" rel=\"noopener\" class=\"jcepopup noicon\" data-mediabox=\"1\" data-mediabox-caption=\"Reto Bazzi in Budapest\"><img fetchpriority=\"high\" decoding=\"async\" class=\" alignleft size-full wp-image-10747\" style=\"margin: 10px; float: left;\" src=\"https:\/\/www.swisstabletennis.ch\/wp-content\/uploads\/2019\/04\/reto_bazzi_budapest_kleiner.jpg\" alt=\"reto bazzi budapest kleiner\" width=\"520\" height=\"594\" srcset=\"https:\/\/www.swisstabletennis.ch\/wp-content\/uploads\/2019\/04\/reto_bazzi_budapest_kleiner.jpg 1236w, https:\/\/www.swisstabletennis.ch\/wp-content\/uploads\/2019\/04\/reto_bazzi_budapest_kleiner-600x685.jpg 600w\" sizes=\"(max-width: 520px) 100vw, 520px\" \/><\/a><\/strong><\/p>\n<p class=\"titel\"><span class=\"titel\">Les candidatures de Reto Bazzi et Katja Brand pour les comit\u00e9s de l&rsquo;ITTF retenues<\/span><\/p>\n<p class=\"untertitel\">Bazzi et Brand ont \u00e9t\u00e9 confirm\u00e9s dans leurs fonctions au Congr\u00e8s de l&rsquo;ITTF durant le championnat du monde \u00e0 Budapest.<\/p>\n<p><!--more--><\/p>\n<p>&nbsp;<\/p>\n<p>Texte: Annina H\u00e4usli \/ Fotos: zvg<\/p>\n<p>&nbsp;<\/p>\n<p>Les fonctionnaires de la STT Reto Bazzi et Katja Brand ont \u00e9t\u00e9 r\u00e9\u00e9lus par le Congr\u00e8s de l&rsquo;ITTF \u00e0 Budapest.<\/p>\n<p>&nbsp;<\/p>\n<p>Reto Bazzi repr\u00e9sente le sport senior comme Pr\u00e9sident de la commission depuis d\u00e9j\u00e0 huit ans, tandis que Katja Brand est membre \u00e0 part enti\u00e8re du comit\u00e9 des \u00ab\u00a0Rules\u00a0\u00bb depuis dix ans. Ainsi, ils occuperont ces fonctions pendant deux ann\u00e9es suppl\u00e9mentaires, soit jusqu&rsquo;en 2021.<\/p>\n<p>&nbsp;<\/p>\n<p>La STT les f\u00e9licite pour leur \u00e9lection !<\/p>\n<p>&nbsp;<\/p>\n","protected":false},"excerpt":{"rendered":"<p>Les candidatures de Reto Bazzi et Katja Brand pour les comit\u00e9s de l&rsquo;ITTF retenues Bazzi et Brand ont \u00e9t\u00e9 confirm\u00e9s&hellip;<\/p>\n","protected":false},"author":8,"featured_media":10747,"comment_status":"","ping_status":"closed","sticky":false,"template":"","format":"standard","meta":{"_monsterinsights_skip_tracking":false,"_monsterinsights_sitenote_active":false,"_monsterinsights_sitenote_note":"","_monsterinsights_sitenote_category":0,"footnotes":""},"categories":[120],"tags":[],"class_list":["post-10750","post","type-post","status-publish","format-standard","has-post-thumbnail","hentry","category-stt-news-kategorie-fr"],"_links":{"self":[{"href":"https:\/\/www.swisstabletennis.ch\/fr\/wp-json\/wp\/v2\/posts\/10750","targetHints":{"allow":["GET"]}}],"collection":[{"href":"https:\/\/www.swisstabletennis.ch\/fr\/wp-json\/wp\/v2\/posts"}],"about":[{"href":"https:\/\/www.swisstabletennis.ch\/fr\/wp-json\/wp\/v2\/types\/post"}],"author":[{"embeddable":true,"href":"https:\/\/www.swisstabletennis.ch\/fr\/wp-json\/wp\/v2\/users\/8"}],"replies":[{"embeddable":true,"href":"https:\/\/www.swisstabletennis.ch\/fr\/wp-json\/wp\/v2\/comments?post=10750"}],"version-history":[{"count":0,"href":"https:\/\/www.swisstabletennis.ch\/fr\/wp-json\/wp\/v2\/posts\/10750\/revisions"}],"wp:featuredmedia":[{"embeddable":true,"href":"https:\/\/www.swisstabletennis.ch\/fr\/wp-json\/wp\/v2\/media\/10747"}],"wp:attachment":[{"href":"https:\/\/www.swisstabletennis.ch\/fr\/wp-json\/wp\/v2\/media?parent=10750"}],"wp:term":[{"taxonomy":"category","embeddable":true,"href":"https:\/\/www.swisstabletennis.ch\/fr\/wp-json\/wp\/v2\/categories?post=10750"},{"taxonomy":"post_tag","embeddable":true,"href":"https:\/\/www.swisstabletennis.ch\/fr\/wp-json\/wp\/v2\/tags?post=10750"}],"curies":[{"name":"wp","href":"https:\/\/api.w.org\/{rel}","templated":true}]}}