{"id":10857,"date":"2019-06-11T11:00:00","date_gmt":"2019-06-11T10:00:00","guid":{"rendered":"https:\/\/swisstabletennis.ch\/neu\/informations-du-dcc\/"},"modified":"2019-06-11T11:00:00","modified_gmt":"2019-06-11T10:00:00","slug":"informations-du-dcc","status":"publish","type":"post","link":"https:\/\/www.swisstabletennis.ch\/fr\/informations-du-dcc\/","title":{"rendered":"Informations du DCC"},"content":{"rendered":"<p class=\"titel\"><strong><a class=\"jcepopup noicon\" href=\"\/\/swisstabletennis.ch\/neu\/wp-content\/uploads\/2019\/06\/P1060828.JPG.jpeg\" target=\"_blank\" rel=\"noopener\" data-mediabox=\"1\" data-mediabox-title=\"Ramon Sprecher (\u00e0 droite)\"><img fetchpriority=\"high\" decoding=\"async\" class=\" alignleft size-full wp-image-10854\" style=\"margin-right: 20px; margin-bottom: 10px; float: left;\" src=\"images\/P1060828.JPG\" alt=\"P1060828\" width=\"520\" height=\"293\" \/><\/a><\/strong>Swiss Table Tennis cherche un nouveau chef (une nouvelle cheffe) finances<\/p>\n<p class=\"untertitel\">Suite \u00e0 la d\u00e9mission de Ramon Sprecher du Directoire du comit\u00e9 central lors de l&rsquo;Assembl\u00e9e des d\u00e9l\u00e9gu\u00e9s du 21 septembre 2019, le poste du chef finances devient vacant.<br \/><em> <\/em><\/p>\n<p><!--more--><\/p>\n<p>&nbsp;<\/p>\n<p>Apr\u00e8s pr\u00e8s de trois ans de mandat, Ramon Sprecher a annonc\u00e9 sa d\u00e9mission du Directoire du comit\u00e9 central (DCC) lors de l&rsquo;Assembl\u00e9e des d\u00e9l\u00e9gu\u00e9s de l&rsquo;automne 2019 pour des probl\u00e8mes de temps. Le DCC tient \u00e0 le remercier pour son pr\u00e9cieux travail au sein de la F\u00e9d\u00e9ration et recherche maintenant un successeur motiv\u00e9.<\/p>\n<p>&nbsp;<\/p>\n<p>Le chef finances est responsable de la budg\u00e9tisation et de la comptabilit\u00e9 commerciales et fonctionnelles selon les directives de Swiss GAAP FER 21. Parmi ses t\u00e2ches figurent&nbsp; l&rsquo;\u00e9tablissement du budget annuel et des comptes annuels en collaboration avec le directeur g\u00e9n\u00e9ral, ainsi que des t\u00e2ches de conseiller dans le domaine financier aupr\u00e8s du comit\u00e9 central et de du directeur g\u00e9n\u00e9ral. En l\u2019absence de responsable sponsoring au sein du DCC, supervise et coordonne toutes les actions li\u00e9es \u00e0 la recherche de sponsors et \u00e0 la recherche de fonds.<\/p>\n<p>&nbsp;<\/p>\n<p>Le ou la chef(fe) finances est membre du comit\u00e9 central et du DCC de Swiss Table Tennis. Il\/Elle participe \u00e9galement \u00e0 environ huit s\u00e9ances du DCC et quatre s\u00e9ances du comit\u00e9 central par an. Le fonction fonctions est r\u00e9mun\u00e9r\u00e9 par une petite indemnit\u00e9 et le remboursement des frais.<\/p>\n<p>&nbsp;<\/p>\n<p>En outre, la recherche d&rsquo;un nouveau Pr\u00e9sident ou d&rsquo;une nouvelle Pr\u00e9sidente pour fin septembre 2019 se poursuit toujours.<\/p>\n<p>&nbsp;<\/p>\n<p>Les personnes int\u00e9ress\u00e9es peuvent contacter le directeur g\u00e9n\u00e9ral <a href=\"mailto:rolf.thallinger@swisstabletennis.ch\">Rolf Thallinger<\/a> et le Pr\u00e9sident <a href=\"mailto:nicolas.imhof@swisstabletennis.ch\">Nicolas Imhof<\/a> par e-mail.<\/p>\n<p>&nbsp;<\/p>\n","protected":false},"excerpt":{"rendered":"<p>Swiss Table Tennis cherche un nouveau chef (une nouvelle cheffe) finances Suite \u00e0 la d\u00e9mission de Ramon Sprecher du Directoire&hellip;<\/p>\n","protected":false},"author":8,"featured_media":10854,"comment_status":"","ping_status":"closed","sticky":false,"template":"","format":"standard","meta":{"_monsterinsights_skip_tracking":false,"_monsterinsights_sitenote_active":false,"_monsterinsights_sitenote_note":"","_monsterinsights_sitenote_category":0,"footnotes":""},"categories":[120],"tags":[],"class_list":["post-10857","post","type-post","status-publish","format-standard","has-post-thumbnail","hentry","category-stt-news-kategorie-fr"],"_links":{"self":[{"href":"https:\/\/www.swisstabletennis.ch\/fr\/wp-json\/wp\/v2\/posts\/10857","targetHints":{"allow":["GET"]}}],"collection":[{"href":"https:\/\/www.swisstabletennis.ch\/fr\/wp-json\/wp\/v2\/posts"}],"about":[{"href":"https:\/\/www.swisstabletennis.ch\/fr\/wp-json\/wp\/v2\/types\/post"}],"author":[{"embeddable":true,"href":"https:\/\/www.swisstabletennis.ch\/fr\/wp-json\/wp\/v2\/users\/8"}],"replies":[{"embeddable":true,"href":"https:\/\/www.swisstabletennis.ch\/fr\/wp-json\/wp\/v2\/comments?post=10857"}],"version-history":[{"count":0,"href":"https:\/\/www.swisstabletennis.ch\/fr\/wp-json\/wp\/v2\/posts\/10857\/revisions"}],"wp:featuredmedia":[{"embeddable":true,"href":"https:\/\/www.swisstabletennis.ch\/fr\/wp-json\/wp\/v2\/media\/10854"}],"wp:attachment":[{"href":"https:\/\/www.swisstabletennis.ch\/fr\/wp-json\/wp\/v2\/media?parent=10857"}],"wp:term":[{"taxonomy":"category","embeddable":true,"href":"https:\/\/www.swisstabletennis.ch\/fr\/wp-json\/wp\/v2\/categories?post=10857"},{"taxonomy":"post_tag","embeddable":true,"href":"https:\/\/www.swisstabletennis.ch\/fr\/wp-json\/wp\/v2\/tags?post=10857"}],"curies":[{"name":"wp","href":"https:\/\/api.w.org\/{rel}","templated":true}]}}