{"id":10936,"date":"2019-07-08T17:02:00","date_gmt":"2019-07-08T16:02:00","guid":{"rendered":"https:\/\/swisstabletennis.ch\/neu\/rapport-cej-equipes-2019\/"},"modified":"2019-07-08T17:02:00","modified_gmt":"2019-07-08T16:02:00","slug":"rapport-cej-equipes-2019","status":"publish","type":"post","link":"https:\/\/www.swisstabletennis.ch\/fr\/rapport-cej-equipes-2019\/","title":{"rendered":"Rapport CEJ \u00e9quipes 2019"},"content":{"rendered":"<p><a class=\"jcepopup noicon\" href=\"https:\/\/www.swisstabletennis.ch\/wp-content\/uploads\/2019\/05\/Falconnier_STT_2019_1.jpg\" target=\"_blank\" rel=\"noopener noreferrer\" data-mediabox=\"1\" data-mediabox-width=\"4752\" data-mediabox-height=\"3168\" data-mediabox-title=\"Fanny Doutaz (Archive)\"><img fetchpriority=\"high\" decoding=\"async\" class=\" alignleft size-full wp-image-10933\" style=\"margin-right: 20px; margin-bottom: 10px; float: left;\" src=\"https:\/\/www.swisstabletennis.ch\/wp-content\/uploads\/2019\/07\/FannyDoutaz_Symbol.jpg\" alt=\"FannyDoutaz Symbol\" width=\"520\" height=\"506\" srcset=\"https:\/\/www.swisstabletennis.ch\/wp-content\/uploads\/2019\/07\/FannyDoutaz_Symbol.jpg 1536w, https:\/\/www.swisstabletennis.ch\/wp-content\/uploads\/2019\/07\/FannyDoutaz_Symbol-600x584.jpg 600w\" sizes=\"(max-width: 520px) 100vw, 520px\" \/><\/a><\/p>\n<p><span class=\"titel\">Dernier jour des \u00e9preuves par \u00e9quipes<\/span><\/p>\n<p class=\"untertitel\">Dimanche, les championnats d&rsquo;Europe Jeunesse ont d\u00e9but\u00e9 \u00e0 Ostrava, en R\u00e9publique tch\u00e8que. En ce moment se d\u00e9roulent les \u00e9preuves par \u00e9quipes. Veuillez trouver ci-apr\u00e8s les r\u00e9sultats suisses les plus importants.<\/p>\n<p><!--more--><\/p>\n<p>&nbsp;<\/p>\n<p>Texte: Annina H\u00e4usli \/ photo: Ren\u00e9 Zwald (Archive)<\/p>\n<p>&nbsp;<\/p>\n<p><a href=\"https:\/\/www.ettu.org\/en\/events\/european-youth-championships\/draws--amp--results\/\" target=\"_blank\" rel=\"noopener\">Tous les r\u00e9sultats en d\u00e9tail<\/a><\/p>\n<p><a href=\"https:\/\/www.flickr.com\/photos\/ettu_official\/albums\/72157709491147941\/page2\" target=\"_blank\" rel=\"noopener\">photostream de l&rsquo;ETTU<\/a><\/p>\n<p>&nbsp;<\/p>\n<p><strong>Jour 4<\/strong><\/p>\n<p>Le quatri\u00e8me jour, toutes les \u00e9quipes suisses \u00e9taient encore engag\u00e9es. Dans la matin\u00e9e, Nina Tullii, Melanie Bernet et Fanny Doutaz se sont impos\u00e9es 3:1 face \u00e0 la G\u00e9orgie, tandis que les gar\u00e7ons U15 ont perdu 3:0 face au Danemark.<\/p>\n<p>&nbsp;<\/p>\n<p>Les Juniors ont eux aussi d\u00fb affronter le Danemark en d\u00e9but d&rsquo;apr\u00e8s-midi. Elias Hardmeier, Pedro Osiro et Mauro Sch\u00e4rrer ont remport\u00e9 leur premi\u00e8re victoire lors de ce tournoi contre les Scandinaves avec un score de 3:1.<\/p>\n<p>&nbsp;<\/p>\n<p>Ainsi ils ont pu jouer plus tard dans la soir\u00e9e pour les positions 21 \u00e0 24. Le match contre l&rsquo;Ukraine a malheureusement \u00e9t\u00e9 perdu avec le score serr\u00e9 de 3:2. Ils joueront donc jeudi pour la 23\u00e8me place.<\/p>\n<p>&nbsp;<\/p>\n<p>Les Cadet Girls peuvent atteindre la 25e place dans le meilleur des cas jeudi, tout comme les Cadet Boys.<\/p>\n<p>&nbsp;<\/p>\n<p><strong>Jour 3<\/strong><\/p>\n<p>Et \u00e7a a continu\u00e9 \u00e0 ne pas marcher de mani\u00e8re optimale pour les Suisses. Les Junior Boys (U18, Elias Hardmeier, Barish Moullet, Mauro Sch\u00e4rrer) ont perdu leurs deux matches, contre la Finlande et la Moldavie, avec un score serr\u00e9 de 3:2. \u00ab\u00a0Ils auraient pu et d\u00fb gagner ces matches\u00a0\u00bb, commente avec d\u00e9ception Samir Mulabdic, l&rsquo;entra\u00eeneur national. Apr\u00e8s seulement un championnat d&rsquo;Europe, les Juniors sont \u00e0 nouveau rel\u00e9gu\u00e9s en deuxi\u00e8me division. Les Cadet Boys (U15) ont \u00e9galement perdu 3:2 contre l&rsquo;\u00e9quipe de Serbie.<\/p>\n<p>&nbsp;<\/p>\n<p>Ca a mieux march\u00e9 pour les filles U15. Melanie Bernet, Nina Tullii et Fanny Doutaz peuvent encore atteindre la 25\u00e8me place gr\u00e2ce \u00e0 leur victoire 3:0 sur Malte, si elles continuent \u00e0 gagner.<\/p>\n<p>Les matches de placement se poursuivront mercredi.<\/p>\n<p>&nbsp;<\/p>\n<p><strong>Jour 1 et 2<\/strong><\/p>\n<p>Les tirages au sort pour les \u00e9preuves par \u00e9quipes \u00e0 Ostrava n&rsquo;ont pas offert de t\u00e2ches faciles pour les Suisses. Et cela s&rsquo;est av\u00e9r\u00e9 \u00eatre le cas au cours des deux premiers jours. Alors que les Cadet Boys (Timothy Falconnier, Lukas Ott et Siddharth Kumar Vepa) ont commenc\u00e9 dimanche par une victoire nette contre Chypre, les U18 ont d\u00fb passer par un rude apprentissage dans la plus haute cat\u00e9gorie. Face \u00e0 la Russie et \u00e0 l&rsquo;Azerba\u00efdjan (qui remporteront plus tard le groupe), ils ont subi deux d\u00e9faites sans appel. Lundi, une troisi\u00e8me d\u00e9faite a suivi contre l&rsquo;Italie.<\/p>\n<p>&nbsp;<\/p>\n<p>Les U15 ont \u00e9galement gagn\u00e9 3:2 contre Isra\u00ebl lundi matin.&nbsp; L&rsquo;apr\u00e8s-midi, ils ont ainsi pu affronter les Pays-Bas pour la premi\u00e8re place dans le groupe. Malheureusement, ce match important a \u00e9t\u00e9 perdu avec le score serr\u00e9 de 2:3. Lukas Ott a perdu en cinq sets contre Milo De Boer.<\/p>\n<p>&nbsp;<\/p>\n<p>Chez les filles, \u00ab\u00a0nous pouvons bien vivre avec les r\u00e9sultats\u00a0\u00bb, dit Samir Mulabdic. Mais apr\u00e8s la bonne pr\u00e9paration, tout le monde esp\u00e9rait un peu plus. Seules les Cadet Girls avec Fanny Doutaz et Nina Tullii (les Cadets jouent en \u00e9quipe de 2) ont pu gagner contre les Luxembourgeoises.<\/p>\n<p>&nbsp;<\/p>\n<p>A partir de demain, les U18 joueront des matchs de barrage pour \u00e9viter la rel\u00e9gation, les autres \u00e9quipes devront atteindre le meilleur classement possible dans la deuxi\u00e8me moiti\u00e9 (toutes les places seront disput\u00e9es).<\/p>\n<p>&nbsp;<\/p>\n","protected":false},"excerpt":{"rendered":"<p>Dernier jour des \u00e9preuves par \u00e9quipes Dimanche, les championnats d&rsquo;Europe Jeunesse ont d\u00e9but\u00e9 \u00e0 Ostrava, en R\u00e9publique tch\u00e8que. En ce&hellip;<\/p>\n","protected":false},"author":8,"featured_media":10933,"comment_status":"","ping_status":"closed","sticky":false,"template":"","format":"standard","meta":{"_monsterinsights_skip_tracking":false,"_monsterinsights_sitenote_active":false,"_monsterinsights_sitenote_note":"","_monsterinsights_sitenote_category":0,"footnotes":""},"categories":[118],"tags":[],"class_list":["post-10936","post","type-post","status-publish","format-standard","has-post-thumbnail","hentry","category-sport-d-elite"],"_links":{"self":[{"href":"https:\/\/www.swisstabletennis.ch\/fr\/wp-json\/wp\/v2\/posts\/10936","targetHints":{"allow":["GET"]}}],"collection":[{"href":"https:\/\/www.swisstabletennis.ch\/fr\/wp-json\/wp\/v2\/posts"}],"about":[{"href":"https:\/\/www.swisstabletennis.ch\/fr\/wp-json\/wp\/v2\/types\/post"}],"author":[{"embeddable":true,"href":"https:\/\/www.swisstabletennis.ch\/fr\/wp-json\/wp\/v2\/users\/8"}],"replies":[{"embeddable":true,"href":"https:\/\/www.swisstabletennis.ch\/fr\/wp-json\/wp\/v2\/comments?post=10936"}],"version-history":[{"count":0,"href":"https:\/\/www.swisstabletennis.ch\/fr\/wp-json\/wp\/v2\/posts\/10936\/revisions"}],"wp:featuredmedia":[{"embeddable":true,"href":"https:\/\/www.swisstabletennis.ch\/fr\/wp-json\/wp\/v2\/media\/10933"}],"wp:attachment":[{"href":"https:\/\/www.swisstabletennis.ch\/fr\/wp-json\/wp\/v2\/media?parent=10936"}],"wp:term":[{"taxonomy":"category","embeddable":true,"href":"https:\/\/www.swisstabletennis.ch\/fr\/wp-json\/wp\/v2\/categories?post=10936"},{"taxonomy":"post_tag","embeddable":true,"href":"https:\/\/www.swisstabletennis.ch\/fr\/wp-json\/wp\/v2\/tags?post=10936"}],"curies":[{"name":"wp","href":"https:\/\/api.w.org\/{rel}","templated":true}]}}