{"id":11019,"date":"2019-09-25T09:00:00","date_gmt":"2019-09-25T08:00:00","guid":{"rendered":"https:\/\/swisstabletennis.ch\/neu\/le-nouveau-president-stt-arrive-la-licence-sport-de-loisir-aussi\/"},"modified":"2022-06-24T09:07:13","modified_gmt":"2022-06-24T08:07:13","slug":"le-nouveau-president-stt-arrive-la-licence-sport-de-loisir-aussi","status":"publish","type":"post","link":"https:\/\/www.swisstabletennis.ch\/fr\/le-nouveau-president-stt-arrive-la-licence-sport-de-loisir-aussi\/","title":{"rendered":"Assembl\u00e9e des d\u00e9l\u00e9gu\u00e9s d&rsquo;automne"},"content":{"rendered":"<p class=\"titel\"><strong><a class=\"wf_file jcepopup\" title=\"Pascal Giroud, Pr\u00e9sident STT\" href=\"https:\/\/www.swisstabletennis.ch\/wp-content\/uploads\/2019\/09\/P1070458.JPG\" target=\"_blank\" data-mediabox-title=\"Pascal Giroud, Pr\u00e9sident STT\" data-mediabox=\"1\" rel=\"noopener\"><img fetchpriority=\"high\" decoding=\"async\" class=\" alignleft size-full wp-image-11017\" style=\"margin-right: 20px; margin-bottom: 10px; float: left;\" src=\"https:\/\/www.swisstabletennis.ch\/wp-content\/uploads\/2019\/09\/P1070458.JPG\" alt=\"Pascal Giroud, Pr\u00e9sident STT\" width=\"520\" height=\"293\" \/><\/a><\/strong>Le nouveau Pr\u00e9sident STT arrive. Le Passeport Loisirs aussi.<\/p>\n<p class=\"untertitel\">Le samedi 21 septembre 2019 a eu lieu l\u2019Assembl\u00e9e des d\u00e9l\u00e9gu\u00e9s \u00e0 la Maison du Sport, \u00e0 Ittigen. Voici un petit aper\u00e7u des points importants.<\/p>\n<p><!--more--><\/p>\n<p>&nbsp;<\/p>\n<p>Texte: Luca Anthonioz<\/p>\n<p>&nbsp;<\/p>\n<p>Comme chaque ann\u00e9e, le petit monde du tennis de table suisse se retrouvait \u00e0 l\u2019Assembl\u00e9e d\u2019automne pour discuter de la situation de notre f\u00e9d\u00e9ration sportive.<\/p>\n<p>Une cinquantaine de personnes ont particip\u00e9 \u00e0 cette r\u00e9union qui pr\u00e9sentait notamment les chiffres et conclusions de l\u2019exercice \u00e9coul\u00e9 ainsi que certains points pour la saison en cours. Plus important encore, de nombreux changements aux postes cl\u00e9s de STT \u00e9taient au centre des pr\u00e9occupations.<\/p>\n<p>&nbsp;<\/p>\n<p>Apr\u00e8s deux mandats en tant que Pr\u00e9sident STT, Nicolas Imhof a d\u00e9cid\u00e9 de ne pas se repr\u00e9senter, faute de temps notamment. Une d\u00e9cision prise \u00e0 contrec\u0153ur mais in\u00e9vitable \u00e0 la vue des \u00e9v\u00e9nements sportifs qui auront lieu dans le canton de Vaud en 2020 (<a href=\"https:\/\/www.swisstabletennis.ch\/weggang-des-stt-praesidenten\/\">voir article ci-joint<\/a>). Pour lui succ\u00e9der, le valaisan Pascal Giroud, actuellement Pr\u00e9sident de la Ligue Nationale, s\u2019est propos\u00e9. Seul candidat en lice, il a \u00e9t\u00e9 \u00e9lu sans opposition. Dans son discours de pr\u00e9sentation, il a montr\u00e9 sa motivation d\u2019apprendre cette nouvelle fonction. Surtout, il a promis d\u2019\u00eatre \u00e0 l\u2019\u00e9coute et d\u2019\u00eatre pr\u00e9sent aux diverses manifestations STT. Christian Foutrel, de son c\u00f4t\u00e9, prendra la pr\u00e9sidence int\u00e9rimaire de la Ligue Nationale.<\/p>\n<p>&nbsp;<\/p>\n<p>Deux autres d\u00e9parts importants \u00e9taient pr\u00e9vus au Directoire du Comit\u00e9 Central. Premi\u00e8rement, Ramon Sprecher a d\u00e9cid\u00e9 de se retirer du poste des finances. Puis, Georg Silberschmidt avait annonc\u00e9 son retrait en tant que Chef sport d\u2019\u00e9lite il y a quelques mois d\u00e9j\u00e0. Pour ne pas perdre le \u00ab&nbsp;know-how&nbsp;\u00bb, il a finalement d\u00e9cid\u00e9 de continuer mais pour une seule ann\u00e9e. Cette p\u00e9riode transitoire sera faite avec Samir Mulabdic, chef des entra\u00eeneurs de STT.<\/p>\n<p>&nbsp;<\/p>\n<p>A travers cette Assembl\u00e9e, les probl\u00e8mes de succession pour les diverses commissions sont apparus de mani\u00e8re criante. Ce fut \u00e9galement le cas avec la Commission de contr\u00f4le de gestion (CCG). Son Pr\u00e9sident, Indre Jain, a heureusement prolong\u00e9 son mandat d\u2019une ann\u00e9e. Cela \u00e9vite \u00e0 STT de continuer sans une telle commission, ce qui aurait \u00e9t\u00e9 un v\u00e9ritable souci pour une f\u00e9d\u00e9ration sportive.<\/p>\n<p>&nbsp;<\/p>\n<p>La distinction honorifique remise \u00e0 Patrick Brisset m\u00e9rite \u00e9galement d\u2019\u00eatre soulign\u00e9e. Le genevois de 67 ans, actuellement responsable technique du CTT Veyrier, a ainsi re\u00e7u l\u2019insigne du m\u00e9rite en or fonctionnaire pour sa grande implication dans le tennis de table depuis tant d\u2019ann\u00e9es. Un honneur pour celui qui a rappel\u00e9 que m\u00eame dans un sport individuel comme le n\u00f4tre, le collectif reste l\u2019essentiel.<\/p>\n<p>&nbsp;<\/p>\n<p>Un projet important dans le domaine du Sport de loisir a \u00e9t\u00e9 approuv\u00e9. Suites \u00e0 de nombreuses discussions, le Passeport Loisirs tennis de table a enfin \u00e9t\u00e9 accept\u00e9. STT esp\u00e8re ainsi avoir une vision plus correcte du nombre de joueurs. De plus, cela permettra d\u2019avoir un poids plus cons\u00e9quent aupr\u00e8s des partenaires et autres sponsors. Un r\u00e8glement pr\u00e9cis sur cette licence sera pr\u00e9sent\u00e9 lors de la prochaine Assembl\u00e9e des d\u00e9l\u00e9gu\u00e9s en printemps 2020.<\/p>\n<p>&nbsp;<\/p>\n<p>En ce qui concerne la strat\u00e9gie pour l\u2019avenir, STT va continuer \u00e0 soutenir Rachel Moret dans sa qu\u00eate de qualification pour les JO de Tokyo. Aussi, le sponsoring et l\u2019\u00e9thique sont deux th\u00e8mes qui vont \u00e9galement prendre de l\u2019importance dans les mois \u00e0 venir. STT esp\u00e8re \u00e9galement voir des am\u00e9liorations dans les r\u00e9sultats internationaux, ce qui r\u00e9compenserait les efforts consentis dans le domaine du sport \u00e9lite et de la formation.<\/p>\n<p>&nbsp;<\/p>\n<p>Au niveau financier, les comptes 2018\/19 ont \u00e9t\u00e9 approuv\u00e9s \u00e0 l\u2019unanimit\u00e9. Un l\u00e9ger b\u00e9n\u00e9fice a pu \u00eatre enregistr\u00e9. Mais, si cet \u00e9quilibre est \u00e0 saluer, il demeure fragile et restera un point \u00e0 surveiller \u00e0 l\u2019avenir.<\/p>\n<p>&nbsp;<\/p>\n<p>D\u2019autres informations et pr\u00e9cisions seront disponibles dans le proc\u00e8s-verbal qui sera finalis\u00e9 prochainement. En attendant, il est possible de voir la <a href=\"https:\/\/www.swisstabletennis.ch\/wp-content\/uploads\/2022\/05\/Praesentation_Herbst_DV_2019.pdf\">pr\u00e9sentation<\/a> de l\u2019Assembl\u00e9e qui est \u00e9galement publi\u00e9e sur notre site.<\/p>\n<p>Aussi, pour acc\u00e9der \u00e0 l\u2019album photo de cette Assembl\u00e9e, clique sur ce <a href=\"https:\/\/flic.kr\/s\/aHsmHftFyS\">lien<\/a>&nbsp;!<\/p>\n","protected":false},"excerpt":{"rendered":"<p>Le nouveau Pr\u00e9sident STT arrive. Le Passeport Loisirs aussi. Le samedi 21 septembre 2019 a eu lieu l\u2019Assembl\u00e9e des d\u00e9l\u00e9gu\u00e9s&hellip;<\/p>\n","protected":false},"author":8,"featured_media":11017,"comment_status":"closed","ping_status":"closed","sticky":false,"template":"","format":"standard","meta":{"_monsterinsights_skip_tracking":false,"_monsterinsights_sitenote_active":false,"_monsterinsights_sitenote_note":"","_monsterinsights_sitenote_category":0,"footnotes":""},"categories":[120],"tags":[],"class_list":["post-11019","post","type-post","status-publish","format-standard","has-post-thumbnail","hentry","category-stt-news-kategorie-fr"],"_links":{"self":[{"href":"https:\/\/www.swisstabletennis.ch\/fr\/wp-json\/wp\/v2\/posts\/11019","targetHints":{"allow":["GET"]}}],"collection":[{"href":"https:\/\/www.swisstabletennis.ch\/fr\/wp-json\/wp\/v2\/posts"}],"about":[{"href":"https:\/\/www.swisstabletennis.ch\/fr\/wp-json\/wp\/v2\/types\/post"}],"author":[{"embeddable":true,"href":"https:\/\/www.swisstabletennis.ch\/fr\/wp-json\/wp\/v2\/users\/8"}],"replies":[{"embeddable":true,"href":"https:\/\/www.swisstabletennis.ch\/fr\/wp-json\/wp\/v2\/comments?post=11019"}],"version-history":[{"count":0,"href":"https:\/\/www.swisstabletennis.ch\/fr\/wp-json\/wp\/v2\/posts\/11019\/revisions"}],"wp:featuredmedia":[{"embeddable":true,"href":"https:\/\/www.swisstabletennis.ch\/fr\/wp-json\/wp\/v2\/media\/11017"}],"wp:attachment":[{"href":"https:\/\/www.swisstabletennis.ch\/fr\/wp-json\/wp\/v2\/media?parent=11019"}],"wp:term":[{"taxonomy":"category","embeddable":true,"href":"https:\/\/www.swisstabletennis.ch\/fr\/wp-json\/wp\/v2\/categories?post=11019"},{"taxonomy":"post_tag","embeddable":true,"href":"https:\/\/www.swisstabletennis.ch\/fr\/wp-json\/wp\/v2\/tags?post=11019"}],"curies":[{"name":"wp","href":"https:\/\/api.w.org\/{rel}","templated":true}]}}