{"id":11171,"date":"2019-11-26T10:35:00","date_gmt":"2019-11-26T09:35:00","guid":{"rendered":"https:\/\/swisstabletennis.ch\/neu\/faire-part-de-deces\/"},"modified":"2019-11-26T10:35:00","modified_gmt":"2019-11-26T09:35:00","slug":"faire-part-de-deces","status":"publish","type":"post","link":"https:\/\/www.swisstabletennis.ch\/fr\/faire-part-de-deces\/","title":{"rendered":"Faire-part de d\u00e9c\u00e8s"},"content":{"rendered":"<p class=\"titel\"><a class=\"jcepopup noicon\" href=\"https:\/\/www.swisstabletennis.ch\/wp-content\/uploads\/2019\/11\/Remo_Paris.jpg\" data-mediabox=\"1\" data-mediabox-title=\"Remo Paris\"><strong><img fetchpriority=\"high\" decoding=\"async\" class=\" alignleft size-full wp-image-11167\" style=\"margin-right: 20px; margin-bottom: 10px; float: left;\" src=\"https:\/\/www.swisstabletennis.ch\/wp-content\/uploads\/2019\/11\/Remo_Paris.jpg\" alt=\"Remo Paris\" width=\"520\" height=\"340\" \/><\/strong><\/a>Remo Paris<\/p>\n<p class=\"untertitel\">C&rsquo;est avec une grande tristesse que nous avons appris le d\u00e9c\u00e8s de Remo Paris, ancien Pr\u00e9sident STT.<\/p>\n<p><!--more--><\/p>\n<p>&nbsp;<\/p>\n<p>Texte : Luca Anthonioz<\/p>\n<p>&nbsp;<\/p>\n<p>Dire que Remo Paris a eu de multiples casquettes dans le monde du tennis de table est un doux euph\u00e9misme. Membre de club, puis Pr\u00e9sident de club, moniteur J+S, puis Coach J+S, arbitre, puis juge-arbitre, Remo Paris a touch\u00e9 \u00e0 de nombreux domaines. Il a \u00e9galement \u00e9t\u00e9 tr\u00e8s actif pour l&rsquo;ANJTT, association r\u00e9gionale qu&rsquo;il a d&rsquo;ailleurs pr\u00e9sid\u00e9e de 1996 \u00e0 2000. Impliqu\u00e9 dans diverses commissions pour STT, il en est devenu le Pr\u00e9sident de 2003 \u00e0 2005.<\/p>\n<p>&nbsp;<\/p>\n<p>STT exprime ses sinc\u00e8res condol\u00e9ances \u00e0 sa famille et \u00e0 ses proches. Ci-dessous se trouve le faire-part de d\u00e9c\u00e8s :<\/p>\n<p>&nbsp;<\/p>\n<p>C\u2019est avec une grande \u00e9motion et une profonde tristesse que nous faisons part du d\u00e9c\u00e8s de Remo, enlev\u00e9 \u00e0 notre tendre affection apr\u00e8s de longues ann\u00e9es de maladie, r\u00e9confort\u00e9 par l\u2019amour des siens.<\/p>\n<p>&nbsp;<\/p>\n<p>Son \u00e9pouse&nbsp; &nbsp; &nbsp; &nbsp; &nbsp; &nbsp; &nbsp; &nbsp; &nbsp; &nbsp; &nbsp; Silvia Paris<\/p>\n<p>Ses filles ch\u00e9ries&nbsp; &nbsp; &nbsp; &nbsp; &nbsp; &nbsp; &nbsp; &nbsp;Denise Paris et Pascal Zahnd<\/p>\n<p>&nbsp; &nbsp; &nbsp; &nbsp; &nbsp; &nbsp; &nbsp; &nbsp; &nbsp; &nbsp; &nbsp; &nbsp; &nbsp; &nbsp; &nbsp; &nbsp; &nbsp; &nbsp; &nbsp; &nbsp;Nicole Paris<\/p>\n<p>Sa petite-fille ador\u00e9e&nbsp; &nbsp; &nbsp; &nbsp; &nbsp;Am\u00e9lia Paris et Micha\u00ebl Geiser<\/p>\n<p>Son papa&nbsp; &nbsp; &nbsp; &nbsp; &nbsp; &nbsp; &nbsp; &nbsp; &nbsp; &nbsp; &nbsp; &nbsp; &nbsp; Laurent Auberson et Aline Piot<\/p>\n<p>Sa s\u0153ur&nbsp; &nbsp; &nbsp; &nbsp; &nbsp; &nbsp; &nbsp; &nbsp; &nbsp; &nbsp; &nbsp; &nbsp; &nbsp; &nbsp;Celestina et Gianni Paris De Rossi<\/p>\n<p>Son fr\u00e8re&nbsp; &nbsp; &nbsp; &nbsp; &nbsp; &nbsp; &nbsp; &nbsp; &nbsp; &nbsp; &nbsp; &nbsp; &nbsp; Renato et Johanna Paris<\/p>\n<p>Sa belle-s\u0153ur&nbsp; &nbsp; &nbsp; &nbsp; &nbsp; &nbsp; &nbsp; &nbsp; &nbsp; &nbsp;Jlka Ruepp<\/p>\n<p>&nbsp;<\/p>\n<p>ainsi que les familles parentes, alli\u00e9es et amies, en Suisse et en Italie.<\/p>\n<p>&nbsp;<\/p>\n<p><a class=\"jcepopup\" href=\"https:\/\/www.swisstabletennis.ch\/wp-content\/uploads\/2019\/11\/Remo_Paris_2.jpg\" data-mediabox=\"1\" data-mediabox-title=\"Remo Paris\"><img decoding=\"async\" class=\" alignleft size-full wp-image-11169\" style=\"margin-right: 20px; margin-bottom: 10px; float: left;\" src=\"https:\/\/www.swisstabletennis.ch\/wp-content\/uploads\/2019\/11\/Remo_Paris_2.jpg\" alt=\"Remo Paris\" width=\"300\" height=\"388\" \/><\/a><\/p>\n<p>&nbsp;<\/p>\n<p>Remo repose au pavillon du cimeti\u00e8re de Beauregard. Pri\u00e8re de ne pas envoyer de fleurs.<\/p>\n<p>Une messe en son honneur aura lieu en l\u2019\u00e9glise de Saint-Marc, \u00e0 Serri\u00e8res, le mercredi 27 novembre 2019, \u00e0 14h00.<\/p>\n<p>Adresse de la famille&nbsp;: Silvia Paris, Beauregard 20, 2000 Neuch\u00e2tel<\/p>\n","protected":false},"excerpt":{"rendered":"<p>Remo Paris C&rsquo;est avec une grande tristesse que nous avons appris le d\u00e9c\u00e8s de Remo Paris, ancien Pr\u00e9sident STT.<\/p>\n","protected":false},"author":8,"featured_media":11167,"comment_status":"","ping_status":"closed","sticky":false,"template":"","format":"standard","meta":{"_monsterinsights_skip_tracking":false,"_monsterinsights_sitenote_active":false,"_monsterinsights_sitenote_note":"","_monsterinsights_sitenote_category":0,"footnotes":""},"categories":[120],"tags":[],"class_list":["post-11171","post","type-post","status-publish","format-standard","has-post-thumbnail","hentry","category-stt-news-kategorie-fr"],"_links":{"self":[{"href":"https:\/\/www.swisstabletennis.ch\/fr\/wp-json\/wp\/v2\/posts\/11171","targetHints":{"allow":["GET"]}}],"collection":[{"href":"https:\/\/www.swisstabletennis.ch\/fr\/wp-json\/wp\/v2\/posts"}],"about":[{"href":"https:\/\/www.swisstabletennis.ch\/fr\/wp-json\/wp\/v2\/types\/post"}],"author":[{"embeddable":true,"href":"https:\/\/www.swisstabletennis.ch\/fr\/wp-json\/wp\/v2\/users\/8"}],"replies":[{"embeddable":true,"href":"https:\/\/www.swisstabletennis.ch\/fr\/wp-json\/wp\/v2\/comments?post=11171"}],"version-history":[{"count":0,"href":"https:\/\/www.swisstabletennis.ch\/fr\/wp-json\/wp\/v2\/posts\/11171\/revisions"}],"wp:featuredmedia":[{"embeddable":true,"href":"https:\/\/www.swisstabletennis.ch\/fr\/wp-json\/wp\/v2\/media\/11167"}],"wp:attachment":[{"href":"https:\/\/www.swisstabletennis.ch\/fr\/wp-json\/wp\/v2\/media?parent=11171"}],"wp:term":[{"taxonomy":"category","embeddable":true,"href":"https:\/\/www.swisstabletennis.ch\/fr\/wp-json\/wp\/v2\/categories?post=11171"},{"taxonomy":"post_tag","embeddable":true,"href":"https:\/\/www.swisstabletennis.ch\/fr\/wp-json\/wp\/v2\/tags?post=11171"}],"curies":[{"name":"wp","href":"https:\/\/api.w.org\/{rel}","templated":true}]}}