{"id":11487,"date":"2020-03-19T14:20:00","date_gmt":"2020-03-19T13:20:00","guid":{"rendered":"https:\/\/swisstabletennis.ch\/neu\/horaires-de-bureau\/"},"modified":"2020-03-19T14:20:00","modified_gmt":"2020-03-19T13:20:00","slug":"horaires-de-bureau","status":"publish","type":"post","link":"https:\/\/www.swisstabletennis.ch\/fr\/horaires-de-bureau\/","title":{"rendered":"Office central"},"content":{"rendered":"<p class=\"titel\"><a class=\"jcepopup noicon\" href=\"https:\/\/www.swisstabletennis.ch\/wp-content\/uploads\/2020\/03\/STT_announcement.PNG\" data-mediabox=\"1\" data-mediabox-title=\"STT Announcement\"><strong><img fetchpriority=\"high\" decoding=\"async\" class=\" alignleft size-full wp-image-11483\" style=\"margin-right: 20px; margin-bottom: 10px; float: left;\" src=\"https:\/\/www.swisstabletennis.ch\/wp-content\/uploads\/2020\/03\/STT_announcement.PNG\" alt=\"STT Announcement\" width=\"520\" height=\"293\" \/><\/strong><\/a>Horaires de bureau<\/p>\n<p class=\"untertitel\">En raison de la \u00ab\u00a0situation extraordinaire\u00a0\u00bb proclam\u00e9e par le Conseil f\u00e9d\u00e9ral, les employ\u00e9s de l\u2019office central de Swiss Table Tennis seront, dans la mesure du possible, en home-office \u00e0 partir d\u2019aujourd\u2019hui et jusqu&rsquo;\u00e0 nouvel ordre.<\/p>\n<p><!--more--><\/p>\n<p>&nbsp;<\/p>\n<p>En raison de la \u00ab\u00a0situation extraordinaire\u00a0\u00bb proclam\u00e9e par le Conseil f\u00e9d\u00e9ral, les employ\u00e9s de l\u2019office central de Swiss Table Tennis seront, dans la mesure du possible, en home-office \u00e0 partir d\u2019aujourd\u2019hui et jusqu&rsquo;\u00e0 nouvel ordre. Tous les employ\u00e9s restent \u00e9videmment toujours disponibles, veuillez donc s\u2019il vous pla\u00eet nous contacter par e-mail.<\/p>\n<p>&nbsp;<\/p>\n<p>Pendant cette p\u00e9riode, nous sommes normalement joignables par t\u00e9l\u00e9phone du lundi au vendredi de 9h00 \u00e0 12h00.<\/p>\n<p>&nbsp;<\/p>\n<p>Ces mesures s&rsquo;appliquent jusqu&rsquo;\u00e0 nouvel ordre et doivent contribuer \u00e0 ce que les employ\u00e9s soient en mesure de respecter \u00e0 tout moment les r\u00e8gles de conduite de l&rsquo;Office f\u00e9d\u00e9ral de la sant\u00e9 publique, afin de minimiser la propagation du coronavirus.&nbsp;<\/p>\n<p>&nbsp;<\/p>\n<p>Nous vous remercions de votre compr\u00e9hension et souhaitons \u00e0 tous nos membres une bonne sant\u00e9 !<\/p>\n","protected":false},"excerpt":{"rendered":"<p>Horaires de bureau En raison de la \u00ab\u00a0situation extraordinaire\u00a0\u00bb proclam\u00e9e par le Conseil f\u00e9d\u00e9ral, les employ\u00e9s de l\u2019office central de&hellip;<\/p>\n","protected":false},"author":8,"featured_media":11483,"comment_status":"","ping_status":"closed","sticky":false,"template":"","format":"standard","meta":{"_monsterinsights_skip_tracking":false,"_monsterinsights_sitenote_active":false,"_monsterinsights_sitenote_note":"","_monsterinsights_sitenote_category":0,"footnotes":""},"categories":[120],"tags":[],"class_list":["post-11487","post","type-post","status-publish","format-standard","has-post-thumbnail","hentry","category-stt-news-kategorie-fr"],"_links":{"self":[{"href":"https:\/\/www.swisstabletennis.ch\/fr\/wp-json\/wp\/v2\/posts\/11487","targetHints":{"allow":["GET"]}}],"collection":[{"href":"https:\/\/www.swisstabletennis.ch\/fr\/wp-json\/wp\/v2\/posts"}],"about":[{"href":"https:\/\/www.swisstabletennis.ch\/fr\/wp-json\/wp\/v2\/types\/post"}],"author":[{"embeddable":true,"href":"https:\/\/www.swisstabletennis.ch\/fr\/wp-json\/wp\/v2\/users\/8"}],"replies":[{"embeddable":true,"href":"https:\/\/www.swisstabletennis.ch\/fr\/wp-json\/wp\/v2\/comments?post=11487"}],"version-history":[{"count":0,"href":"https:\/\/www.swisstabletennis.ch\/fr\/wp-json\/wp\/v2\/posts\/11487\/revisions"}],"wp:featuredmedia":[{"embeddable":true,"href":"https:\/\/www.swisstabletennis.ch\/fr\/wp-json\/wp\/v2\/media\/11483"}],"wp:attachment":[{"href":"https:\/\/www.swisstabletennis.ch\/fr\/wp-json\/wp\/v2\/media?parent=11487"}],"wp:term":[{"taxonomy":"category","embeddable":true,"href":"https:\/\/www.swisstabletennis.ch\/fr\/wp-json\/wp\/v2\/categories?post=11487"},{"taxonomy":"post_tag","embeddable":true,"href":"https:\/\/www.swisstabletennis.ch\/fr\/wp-json\/wp\/v2\/tags?post=11487"}],"curies":[{"name":"wp","href":"https:\/\/api.w.org\/{rel}","templated":true}]}}