{"id":11505,"date":"2020-03-30T11:45:00","date_gmt":"2020-03-30T10:45:00","guid":{"rendered":"https:\/\/swisstabletennis.ch\/neu\/mot-du-president\/"},"modified":"2020-03-30T11:45:00","modified_gmt":"2020-03-30T10:45:00","slug":"mot-du-president","status":"publish","type":"post","link":"https:\/\/www.swisstabletennis.ch\/fr\/mot-du-president\/","title":{"rendered":"Mot du Pr\u00e9sident"},"content":{"rendered":"<p class=\"titel\"><a class=\"jcepopup noicon\" href=\"https:\/\/www.swisstabletennis.ch\/wp-content\/uploads\/2020\/03\/Mot_du_president_F.PNG\" data-mediabox=\"1\" data-mediabox-title=\"Mot du Pr\u00e9sident STT\"><strong><img fetchpriority=\"high\" decoding=\"async\" class=\" alignleft size-full wp-image-11501\" style=\"margin-right: 20px; margin-bottom: 10px; float: left;\" src=\"https:\/\/www.swisstabletennis.ch\/wp-content\/uploads\/2020\/03\/Mot_du_president_F.PNG\" alt=\"Mot du Pr\u00e9sident STT\" width=\"520\" height=\"317\" srcset=\"https:\/\/www.swisstabletennis.ch\/wp-content\/uploads\/2020\/03\/Mot_du_president_F.PNG 1011w, https:\/\/www.swisstabletennis.ch\/wp-content\/uploads\/2020\/03\/Mot_du_president_F-600x366.png 600w\" sizes=\"(max-width: 520px) 100vw, 520px\" \/><\/strong><\/a>Mot du Pr\u00e9sident STT<\/p>\n<p><!--more--><\/p>\n<p>&nbsp;&nbsp;<\/p>\n<p><strong>Ch\u00e8res et chers pongistes,<\/strong><\/p>\n<p><strong>&nbsp;<\/strong><\/p>\n<p><strong>En ces moments o\u00f9 tout est compl\u00e8tement boulevers\u00e9 dans nos vies sportives et priv\u00e9es, d\u00fb au Covid-19<\/strong><\/p>\n<p><strong>&nbsp;<\/strong><\/p>\n<p><strong>Permettez-moi d\u2019avoir une pens\u00e9e pour vous et vos familles et de vous encourager \u00e0 bien respecter les directives du Conseil F\u00e9d\u00e9ral.<\/strong><\/p>\n<p><strong>&nbsp;<\/strong><\/p>\n<p><strong>Tout cela ne durera heureusement pas, mais en attendant une am\u00e9lioration que j\u2019esp\u00e8re pas trop tardive, notre sport pr\u00e9f\u00e9r\u00e9 en supporte les cons\u00e9quences \u00e0 l\u2019instar des autres F\u00e9d\u00e9rations<\/strong><\/p>\n<p><strong>&nbsp;<\/strong><\/p>\n<p><strong>Alors tenons-nous les coudes, armez-vous de patience et surtout, prenez bien soin de vous et de vos proches<\/strong><\/p>\n<p><strong>&nbsp;<\/strong><\/p>\n<p><strong>Dans l\u2019attente de vous revoir, je vous souhaite tout le meilleur du monde<\/strong><\/p>\n<p><strong>&nbsp;<\/strong><\/p>\n<p><strong>A bient\u00f4t<\/strong><\/p>\n<p><strong>&nbsp;<\/strong><\/p>\n<p><strong>Pascal Giroud<\/strong><\/p>\n<p><strong>Pr\u00e9sident Swiss Table Tennis<\/strong><\/p>\n<p>&nbsp;<\/p>\n<p>&#8211;&#8211;&#8211;&#8211;&#8211;&#8211;&#8211;&#8211;&#8211;&#8211;&#8211;&#8211;&#8211;&#8211;&#8211;&#8211;-<\/p>\n<p>&nbsp;<\/p>\n<p><strong>Cari giocatori di tennis tavolo,<\/strong><\/p>\n<p><strong>&nbsp;<\/strong><\/p>\n<p><strong>In un momento in cui tutto nella nostra vita sportiva e privata \u00e8 stato completamente stravolto dal Covid-19<\/strong><\/p>\n<p><strong>&nbsp;<\/strong><\/p>\n<p><strong>Permettetemi di avere un pensiero per voi e per le vostre famiglie e di incoraggiarvi a seguire le direttive del Consiglio Federale.<\/strong><\/p>\n<p><strong>&nbsp;<\/strong><\/p>\n<p><strong>Fortunatamente tutto questo non durer\u00e0, ma in attesa di un miglioramento che spero non sia troppo tardivo, il nostro sport preferito ne sta portando le conseguenze, cos\u00ec come le altre Federazioni.<\/strong><\/p>\n<p><strong>&nbsp;<\/strong><\/p>\n<p><strong>Quindi restiamo uniti, siamo pazienti e, soprattutto, prendiamo cura di noi stessi e dei nostri cari.<\/strong><\/p>\n<p><strong>&nbsp;<\/strong><\/p>\n<p><strong>Non vedo l&rsquo;ora di rivedervi, vi auguro tutto il meglio del mondo.<\/strong><\/p>\n<p><strong>&nbsp;<\/strong><\/p>\n<p><strong>A presto.<\/strong><\/p>\n<p><strong>&nbsp;<\/strong><\/p>\n<p><strong>Pascal Giroud<\/strong><\/p>\n<p><strong>Presidente Swiss Table Tennis<\/strong><\/p>\n<p>&nbsp;<\/p>\n<p><a class=\"jcepopup\" href=\"https:\/\/www.swisstabletennis.ch\/wp-content\/uploads\/2020\/03\/Pascal_Giroud.jpg\" data-mediabox=\"1\" data-mediabox-title=\"Pascal Giroud, Pr\u00e9sident STT\"><img decoding=\"async\" class=\" alignleft size-full wp-image-11503\" style=\"margin-right: 20px; margin-bottom: 10px; float: left;\" src=\"https:\/\/www.swisstabletennis.ch\/wp-content\/uploads\/2020\/03\/Pascal_Giroud.jpg\" alt=\"Pascal Giroud, Pr\u00e9sident STT\" width=\"195\" height=\"260\" \/><\/a><\/p>\n<p>&nbsp;<\/p>\n","protected":false},"excerpt":{"rendered":"<p>Mot du Pr\u00e9sident STT<\/p>\n","protected":false},"author":8,"featured_media":11501,"comment_status":"","ping_status":"closed","sticky":false,"template":"","format":"standard","meta":{"_monsterinsights_skip_tracking":false,"_monsterinsights_sitenote_active":false,"_monsterinsights_sitenote_note":"","_monsterinsights_sitenote_category":0,"footnotes":""},"categories":[120],"tags":[],"class_list":["post-11505","post","type-post","status-publish","format-standard","has-post-thumbnail","hentry","category-stt-news-kategorie-fr"],"_links":{"self":[{"href":"https:\/\/www.swisstabletennis.ch\/fr\/wp-json\/wp\/v2\/posts\/11505","targetHints":{"allow":["GET"]}}],"collection":[{"href":"https:\/\/www.swisstabletennis.ch\/fr\/wp-json\/wp\/v2\/posts"}],"about":[{"href":"https:\/\/www.swisstabletennis.ch\/fr\/wp-json\/wp\/v2\/types\/post"}],"author":[{"embeddable":true,"href":"https:\/\/www.swisstabletennis.ch\/fr\/wp-json\/wp\/v2\/users\/8"}],"replies":[{"embeddable":true,"href":"https:\/\/www.swisstabletennis.ch\/fr\/wp-json\/wp\/v2\/comments?post=11505"}],"version-history":[{"count":0,"href":"https:\/\/www.swisstabletennis.ch\/fr\/wp-json\/wp\/v2\/posts\/11505\/revisions"}],"wp:featuredmedia":[{"embeddable":true,"href":"https:\/\/www.swisstabletennis.ch\/fr\/wp-json\/wp\/v2\/media\/11501"}],"wp:attachment":[{"href":"https:\/\/www.swisstabletennis.ch\/fr\/wp-json\/wp\/v2\/media?parent=11505"}],"wp:term":[{"taxonomy":"category","embeddable":true,"href":"https:\/\/www.swisstabletennis.ch\/fr\/wp-json\/wp\/v2\/categories?post=11505"},{"taxonomy":"post_tag","embeddable":true,"href":"https:\/\/www.swisstabletennis.ch\/fr\/wp-json\/wp\/v2\/tags?post=11505"}],"curies":[{"name":"wp","href":"https:\/\/api.w.org\/{rel}","templated":true}]}}