{"id":11527,"date":"2020-04-09T14:35:00","date_gmt":"2020-04-09T13:35:00","guid":{"rendered":"https:\/\/swisstabletennis.ch\/neu\/news-stt\/"},"modified":"2020-04-09T14:35:00","modified_gmt":"2020-04-09T13:35:00","slug":"news-stt","status":"publish","type":"post","link":"https:\/\/www.swisstabletennis.ch\/fr\/news-stt\/","title":{"rendered":"News STT"},"content":{"rendered":"<p class=\"titel\"><a class=\"jcepopup noicon\" href=\"https:\/\/www.swisstabletennis.ch\/wp-content\/uploads\/2020\/04\/STT_announcement.PNG\" data-mediabox=\"1\" data-mediabox-title=\"STT announcement\"><strong><img fetchpriority=\"high\" decoding=\"async\" class=\" alignleft size-full wp-image-11521\" style=\"margin-right: 20px; margin-bottom: 10px; float: left;\" src=\"https:\/\/www.swisstabletennis.ch\/wp-content\/uploads\/2020\/04\/STT_announcement.PNG\" alt=\"STT announcement\" width=\"520\" height=\"310\" \/><\/strong><\/a>Saison 2019-2020 termin\u00e9e!<\/p>\n<p class=\"untertitel\">Cette semaine, le Comit\u00e9 central STT a d\u00e9cid\u00e9 \u00e0 l&rsquo;unanimit\u00e9 que le championnat par \u00e9quipe des hommes et des femmes des ligues r\u00e9gionales et nationales sera d\u00e9finitivement annul\u00e9 et ne sera pas jou\u00e9 jusqu&rsquo;\u00e0 la fin.<\/p>\n<p><!--more--><\/p>\n<p>&nbsp;<\/p>\n<p>&nbsp;<\/p>\n<p>Cette semaine, le Comit\u00e9 central STT a d\u00e9cid\u00e9 \u00e0 l&rsquo;unanimit\u00e9 que le championnat par \u00e9quipe des hommes et des femmes des ligues r\u00e9gionales et nationales sera d\u00e9finitivement annul\u00e9 et ne sera pas jou\u00e9 jusqu&rsquo;\u00e0 la fin. Nous sommes convaincus que pour la sant\u00e9 de nos joueurs et de nous tous, il s\u2019agit de la meilleure solution. L&rsquo;enqu\u00eate consultative men\u00e9e aupr\u00e8s des clubs de ligue nationale a \u00e9galement montr\u00e9 qu&rsquo;environ la moiti\u00e9 des clubs sont favorables \u00e0 un arr\u00eat imm\u00e9diat de la saison.<\/p>\n<p>&nbsp;<\/p>\n<p>Que faire des r\u00e9sultats obtenus lors de la saison 2019\/20 ?<\/p>\n<p>Le plan A est l&rsquo;annulation compl\u00e8te de la saison sans que les r\u00e9sultats ne soient comptabilis\u00e9s. Cela signifie que la prochaine saison est planifi\u00e9e comme si la saison 2019\/20 n&rsquo;avait jamais \u00e9t\u00e9 jou\u00e9e.<\/p>\n<p>&nbsp;<\/p>\n<p>Dans l&rsquo;enqu\u00eate men\u00e9e aupr\u00e8s des clubs de ligue nationale, de nombreux clubs ont exprim\u00e9 leur soutien \u00e0 comptabiliser la saison suite au nombre de matchs jou\u00e9s. Le comit\u00e9 central et le comit\u00e9 Ligue nationale ont repris cette suggestion. Sur la base des diff\u00e9rentes propositions re\u00e7ues, le comit\u00e9 LN a \u00e9labor\u00e9 un plan B sur la mani\u00e8re dont la saison peut \u00eatre comptabilis\u00e9e. Ce plan B est bas\u00e9 sur les principes suivants :<\/p>\n<ul>\n<li>Pas de titres de champion suisse en 2019-2020<\/li>\n<li>Les \u00e9quipes promues et rel\u00e9gu\u00e9es connues au moment de l\u2019annulation seront reconnues et pourront \u00eatre promues ou devront \u00eatre rel\u00e9gu\u00e9es<\/li>\n<li>Les \u00e9quipes promues et rel\u00e9gu\u00e9es non connues au moment de l\u2019annulation resteront dans la m\u00eame ligue<\/li>\n<li>La d\u00e9termination des joueurs promus aux LN et du classement des ligues r\u00e9gionales sont dans la comp\u00e9tence de chaque association r\u00e9gionale<\/li>\n<\/ul>\n<p>La d\u00e9cision sur le plan A ou B doit \u00eatre prise de mani\u00e8re uniforme pour toute la Suisse, c&rsquo;est-\u00e0-dire avec une validit\u00e9 pour toutes les associations r\u00e9gionales et la Ligue nationale. Le comit\u00e9 central est responsable de cette d\u00e9cision d&rsquo;urgence. Bien que normalement l&rsquo;assembl\u00e9e des d\u00e9l\u00e9gu\u00e9s, en tant qu&rsquo;organe ayant autorit\u00e9 sur le r\u00e8glement sportif, puisse d\u00e9cider du championnat par \u00e9quipe, cela n&rsquo;est pas possible ou permis dans la situation actuelle pour les raisons suivantes : L&rsquo;organisation d&rsquo;une assembl\u00e9e physique extraordinaire des d\u00e9l\u00e9gu\u00e9s n&rsquo;est pas autoris\u00e9e en raison de la situation exceptionnelle. Le vote par r\u00e9solution circulaire n&rsquo;est autoris\u00e9 par la loi, conform\u00e9ment \u00e0 l&rsquo;art. 66, al. 2 du Code civil suisse, que s&rsquo;il est express\u00e9ment pr\u00e9vu dans les statuts. Comme nos statuts ne pr\u00e9voient pas de scrutin, tous les clubs devraient voter \u00e0 l&rsquo;unanimit\u00e9 pour l&rsquo;une ou l&rsquo;autre solution extraordinaire, ce qui est illusoire. Le&nbsp;CC doit donc d\u00e9cider&nbsp;sur la base de l&rsquo;art. 3.3.5 al. 3 des statuts : \u00ab\u00a0r\u00e9gler les affaires relevant des affaires entre les AR et STT\u00a0\u00bb. En fait, il s&rsquo;agit d&rsquo;une question d&rsquo;urgence particuli\u00e8re concernant la STT et les AR.<\/p>\n<p>&nbsp;<\/p>\n<p>Le comit\u00e9 central se prononcera sur l&rsquo;option A ou B au plus tard le 19.04.2020. La d\u00e9cision sera communiqu\u00e9e au plus tard le 20.04.2020.<\/p>\n<p>&nbsp;<\/p>\n<p>Que l&rsquo;option A ou B soit choisie, le d\u00e9lai des articles 50.9.3 et 50.11.3 RS pour annoncer les rel\u00e9gations volontaires et les retraits de la Ligue nationale est exceptionnellement prolong\u00e9 d&rsquo;un mois jusqu&rsquo;au <strong>15.05.2020<\/strong>.<\/p>\n<p>&nbsp;<\/p>\n<p><a class=\"wf_file\" href=\"https:\/\/www.swisstabletennis.ch\/wp-content\/uploads\/2020\/04\/Plan_B_Saison_19-20_20-21.pdf\" target=\"_blank\" rel=\"noopener\"><img decoding=\"async\" width=\"20\" height=\"20\" class=\"wf_file_icon size-full wp-image-3202\" style=\"border: 0px; vertical-align: middle; max-width: inherit;\" src=\"https:\/\/www.swisstabletennis.ch\/wp-content\/uploads\/2012\/12\/pdf.png\" alt=\"pdf\" \/><span class=\"wf_file_text\">Plan_B_Saison_19-20_20-21<\/span><\/a>&nbsp;&#8211;&gt; mise \u00e0 jour va suivre<\/p>\n<p><a class=\"wf_file\" href=\"https:\/\/www.swisstabletennis.ch\/wp-content\/uploads\/2020\/04\/Reponses_Clubs_LN_Antworten_NL-Clubs.pdf\" target=\"_blank\" rel=\"noopener\"><img decoding=\"async\" width=\"20\" height=\"20\" class=\"wf_file_icon size-full wp-image-3202\" style=\"border: 0px; vertical-align: middle; max-width: inherit;\" src=\"https:\/\/www.swisstabletennis.ch\/wp-content\/uploads\/2012\/12\/pdf.png\" alt=\"pdf\" \/><span class=\"wf_file_text\">R\u00e9ponses_Clubs_LN_Antworten_NL-Clubs<\/span><\/a><\/p>\n<p>&nbsp;<\/p>\n<p>&nbsp;<\/p>\n<p><strong>Autres articles dans cette \u00e9dition:<\/strong><\/p>\n<p><a href=\"http:\/\/www.swisstabletennis.ch\/fr\/10-sidespin\/2801-interview-elia-schmid\">Interview Elia Schmid<\/a><\/p>\n<p><a href=\"http:\/\/www.swisstabletennis.ch\/fr\/10-sidespin\/2805-les-fins-de-set\">Les fins de set<\/a><\/p>\n<p><a href=\"http:\/\/www.swisstabletennis.ch\/fr\/10-sidespin\/2803-workout\">Programme d&rsquo;entra\u00eenement hebdomadaire<\/a><\/p>\n<p><a href=\"https:\/\/mcusercontent.com\/804caa17f370e450cbd18df5c\/images\/ba97f5e4-3ba3-453c-b42b-e8e2c73a231f.jpg\">Very Bad Ping: Midinette<\/a><\/p>\n<p><a href=\"https:\/\/www.youtube.com\/watch?v=cwqWMIJ7dAc&amp;t=2s\">Vid\u00e9o du mois<\/a><\/p>\n","protected":false},"excerpt":{"rendered":"<p>Saison 2019-2020 termin\u00e9e! Cette semaine, le Comit\u00e9 central STT a d\u00e9cid\u00e9 \u00e0 l&rsquo;unanimit\u00e9 que le championnat par \u00e9quipe des hommes&hellip;<\/p>\n","protected":false},"author":8,"featured_media":11483,"comment_status":"","ping_status":"closed","sticky":false,"template":"","format":"standard","meta":{"_monsterinsights_skip_tracking":false,"_monsterinsights_sitenote_active":false,"_monsterinsights_sitenote_note":"","_monsterinsights_sitenote_category":0,"footnotes":""},"categories":[120],"tags":[],"class_list":["post-11527","post","type-post","status-publish","format-standard","has-post-thumbnail","hentry","category-stt-news-kategorie-fr"],"_links":{"self":[{"href":"https:\/\/www.swisstabletennis.ch\/fr\/wp-json\/wp\/v2\/posts\/11527","targetHints":{"allow":["GET"]}}],"collection":[{"href":"https:\/\/www.swisstabletennis.ch\/fr\/wp-json\/wp\/v2\/posts"}],"about":[{"href":"https:\/\/www.swisstabletennis.ch\/fr\/wp-json\/wp\/v2\/types\/post"}],"author":[{"embeddable":true,"href":"https:\/\/www.swisstabletennis.ch\/fr\/wp-json\/wp\/v2\/users\/8"}],"replies":[{"embeddable":true,"href":"https:\/\/www.swisstabletennis.ch\/fr\/wp-json\/wp\/v2\/comments?post=11527"}],"version-history":[{"count":0,"href":"https:\/\/www.swisstabletennis.ch\/fr\/wp-json\/wp\/v2\/posts\/11527\/revisions"}],"wp:featuredmedia":[{"embeddable":true,"href":"https:\/\/www.swisstabletennis.ch\/fr\/wp-json\/wp\/v2\/media\/11483"}],"wp:attachment":[{"href":"https:\/\/www.swisstabletennis.ch\/fr\/wp-json\/wp\/v2\/media?parent=11527"}],"wp:term":[{"taxonomy":"category","embeddable":true,"href":"https:\/\/www.swisstabletennis.ch\/fr\/wp-json\/wp\/v2\/categories?post=11527"},{"taxonomy":"post_tag","embeddable":true,"href":"https:\/\/www.swisstabletennis.ch\/fr\/wp-json\/wp\/v2\/tags?post=11527"}],"curies":[{"name":"wp","href":"https:\/\/api.w.org\/{rel}","templated":true}]}}