{"id":11555,"date":"2020-04-20T11:20:00","date_gmt":"2020-04-20T10:20:00","guid":{"rendered":"https:\/\/swisstabletennis.ch\/neu\/pas-de-saison-blanche\/"},"modified":"2020-04-20T11:20:00","modified_gmt":"2020-04-20T10:20:00","slug":"pas-de-saison-blanche","status":"publish","type":"post","link":"https:\/\/www.swisstabletennis.ch\/fr\/pas-de-saison-blanche\/","title":{"rendered":"News STT"},"content":{"rendered":"<p class=\"titel\"><a class=\"jcepopup noicon\" href=\"https:\/\/www.swisstabletennis.ch\/wp-content\/uploads\/2020\/04\/STT_announcement.PNG\" data-mediabox=\"1\" data-mediabox-title=\"STT announcement\"><strong><img fetchpriority=\"high\" decoding=\"async\" class=\" alignleft size-full wp-image-11521\" style=\"margin-right: 20px; margin-bottom: 10px; float: left;\" src=\"https:\/\/www.swisstabletennis.ch\/wp-content\/uploads\/2020\/04\/STT_announcement.PNG\" alt=\"STT announcement\" width=\"520\" height=\"310\" \/><\/strong><\/a>Pas de saison blanche<\/p>\n<p class=\"untertitel\">Le comit\u00e9 central de Swiss Table Tennis a d\u00e9cid\u00e9 que le championnat par \u00e9quipe de la saison 2019\/20, qui a \u00e9t\u00e9 jou\u00e9 \u00e0 85% , sera comptabilis\u00e9.<\/p>\n<p><!--more--><\/p>\n<p>&nbsp;<\/p>\n<p>Le comit\u00e9 central de Swiss Table Tennis a d\u00e9cid\u00e9 que le championnat par \u00e9quipe de la saison 2019\/20, qui a \u00e9t\u00e9 jou\u00e9 \u00e0 85% , sera comptabilis\u00e9.<\/p>\n<p>&nbsp;<\/p>\n<p>Cette d\u00e9cision cadre a \u00e9t\u00e9 prise sur la base d&rsquo;enqu\u00eates consultatives aupr\u00e8s des clubs dans les r\u00e9gions et s&rsquo;applique aux ligues nationales et r\u00e9gionales.<\/p>\n<p>&nbsp;<\/p>\n<p>Pour les ligues nationales, le comit\u00e9 LN a \u00e9labor\u00e9 un concept d&rsquo;urgence bas\u00e9 sur les propositions de nombreux clubs LN. Celui-ci pr\u00e9voit que toutes les \u00e9quipes dont la promotion ou la rel\u00e9gation \u00e9tait d\u00e9j\u00e0 connue en date du 13 mars 2020 soient promues ou rel\u00e9gu\u00e9es. Toutes les autres \u00e9quipes, dont le classement \u00e9tait encore incertain, resteront dans la ligue actuelle. Cela permet de s&rsquo;assurer qu&rsquo;aucune \u00e9quipe n&rsquo;est d\u00e9savantag\u00e9e. Ce concept d&rsquo;urgence diff\u00e8re du r\u00e8glement sportif en ce qui concerne le nombre d&rsquo;\u00e9quipes par ligue, car dans certaines ligues, plus d&rsquo;\u00e9quipes joueront par rapport au nombre stipul\u00e9 dans le r\u00e8glement. De plus, le d\u00e9lai de notification des retraits et rel\u00e9gations volontaires de la Ligue nationale est prolong\u00e9 jusqu&rsquo;au 15.05.2020. A la fin de la saison prochaine, les promotions et les rel\u00e9gations seront calcul\u00e9es de mani\u00e8re \u00e0 revenir au r\u00e8glement sportif lors de la saison 2021\/22.<\/p>\n<p>&nbsp;<\/p>\n<p>Les associations r\u00e9gionales d\u00e9cident elles-m\u00eames pour leur r\u00e9gion de la mani\u00e8re dont le championnat r\u00e9gional sera comptabilis\u00e9. Les particularit\u00e9s r\u00e9gionales peuvent ainsi \u00eatre prises en compte.<\/p>\n<p>&nbsp;<\/p>\n<p>Le 6 avril d\u00e9j\u00e0, le Comit\u00e9 central avait d\u00e9cid\u00e9 d&rsquo;interrompre d\u00e9finitivement le championnat par \u00e9quipes de la saison 2019\/20 et de ne plus le continuer. Suite \u00e0 la d\u00e9cision du Conseil f\u00e9d\u00e9ral vendredi dernier, les clubs ne pourront pas commencer \u00e0 s&rsquo;entra\u00eener avant au moins le 11 mai. Swiss Table Tennis esp\u00e8re et s&rsquo;engage \u00e0 faire en sorte que les entra\u00eenements puissent reprendre lentement \u00e0 partir du 11 mai, en petits groupes et avec des pr\u00e9cautions de s\u00e9curit\u00e9.<\/p>\n","protected":false},"excerpt":{"rendered":"<p>Pas de saison blanche Le comit\u00e9 central de Swiss Table Tennis a d\u00e9cid\u00e9 que le championnat par \u00e9quipe de la&hellip;<\/p>\n","protected":false},"author":8,"featured_media":11521,"comment_status":"","ping_status":"closed","sticky":false,"template":"","format":"standard","meta":{"_monsterinsights_skip_tracking":false,"_monsterinsights_sitenote_active":false,"_monsterinsights_sitenote_note":"","_monsterinsights_sitenote_category":0,"footnotes":""},"categories":[120],"tags":[],"class_list":["post-11555","post","type-post","status-publish","format-standard","has-post-thumbnail","hentry","category-stt-news-kategorie-fr"],"_links":{"self":[{"href":"https:\/\/www.swisstabletennis.ch\/fr\/wp-json\/wp\/v2\/posts\/11555","targetHints":{"allow":["GET"]}}],"collection":[{"href":"https:\/\/www.swisstabletennis.ch\/fr\/wp-json\/wp\/v2\/posts"}],"about":[{"href":"https:\/\/www.swisstabletennis.ch\/fr\/wp-json\/wp\/v2\/types\/post"}],"author":[{"embeddable":true,"href":"https:\/\/www.swisstabletennis.ch\/fr\/wp-json\/wp\/v2\/users\/8"}],"replies":[{"embeddable":true,"href":"https:\/\/www.swisstabletennis.ch\/fr\/wp-json\/wp\/v2\/comments?post=11555"}],"version-history":[{"count":0,"href":"https:\/\/www.swisstabletennis.ch\/fr\/wp-json\/wp\/v2\/posts\/11555\/revisions"}],"wp:featuredmedia":[{"embeddable":true,"href":"https:\/\/www.swisstabletennis.ch\/fr\/wp-json\/wp\/v2\/media\/11521"}],"wp:attachment":[{"href":"https:\/\/www.swisstabletennis.ch\/fr\/wp-json\/wp\/v2\/media?parent=11555"}],"wp:term":[{"taxonomy":"category","embeddable":true,"href":"https:\/\/www.swisstabletennis.ch\/fr\/wp-json\/wp\/v2\/categories?post=11555"},{"taxonomy":"post_tag","embeddable":true,"href":"https:\/\/www.swisstabletennis.ch\/fr\/wp-json\/wp\/v2\/tags?post=11555"}],"curies":[{"name":"wp","href":"https:\/\/api.w.org\/{rel}","templated":true}]}}