{"id":11567,"date":"2020-04-23T11:20:00","date_gmt":"2020-04-23T10:20:00","guid":{"rendered":"https:\/\/swisstabletennis.ch\/neu\/mise-a-jour-22-04-2020\/"},"modified":"2020-04-23T11:20:00","modified_gmt":"2020-04-23T10:20:00","slug":"mise-a-jour-22-04-2020","status":"publish","type":"post","link":"https:\/\/www.swisstabletennis.ch\/fr\/mise-a-jour-22-04-2020\/","title":{"rendered":"News STT"},"content":{"rendered":"<p class=\"titel\"><a class=\"jcepopup noicon\" href=\"https:\/\/www.swisstabletennis.ch\/wp-content\/uploads\/2020\/04\/STT_announcement.PNG\" data-mediabox=\"1\" data-mediabox-title=\"STT announcement\"><strong><img fetchpriority=\"high\" decoding=\"async\" class=\" alignleft size-full wp-image-11521\" style=\"margin-right: 20px; margin-bottom: 10px; float: left;\" src=\"https:\/\/www.swisstabletennis.ch\/wp-content\/uploads\/2020\/04\/STT_announcement.PNG\" alt=\"STT announcement\" width=\"520\" height=\"310\" \/><\/strong><\/a>Mise \u00e0 jour du 27.04.2020 sur la situation COVID-19<\/p>\n<p class=\"untertitel\">L&rsquo;espoir d&rsquo;un d\u00e9but d&rsquo;entra\u00eenement pr\u00e9coce dans le cadre de mesures de protection<\/p>\n<p><!--more--><\/p>\n<p>&nbsp;<\/p>\n<p>Vendredi 17 avril, Swiss Olympic et l&rsquo;Office f\u00e9d\u00e9ral du sport (OFSPO) ont organis\u00e9 une conf\u00e9rence t\u00e9l\u00e9phonique \u00e0 br\u00e8ve \u00e9ch\u00e9ance avec toutes les f\u00e9d\u00e9rations afin d&rsquo;expliquer plus en d\u00e9tail la strat\u00e9gie de sortie du Conseil f\u00e9d\u00e9ral et d&rsquo;informer sur les cons\u00e9quences pour le sport suisse. Susanne Gries a repr\u00e9sent\u00e9 Swiss Table Tennis lors de cette conf\u00e9rence t\u00e9l\u00e9phonique.<\/p>\n<p>&nbsp;<\/p>\n<p>L&rsquo;OFSPO a re\u00e7u du Conseil f\u00e9d\u00e9ral le mandat d&rsquo;\u00e9laborer un concept d&rsquo;assouplissement pour les activit\u00e9s sportives d&rsquo;ici \u00e0 la fin avril et de le soumettre au Conseil f\u00e9d\u00e9ral. A cette fin, l&rsquo;OFSPO a commenc\u00e9 \u00e0 travailler avec un groupe de travail sur l&rsquo;\u00e9laboration d&rsquo;une strat\u00e9gie de sortie pour le sport et le d\u00e9veloppement d&rsquo;un concept de protection. Le concept devrait montrer comment l&rsquo;entra\u00eenement sportif, les comp\u00e9titions sportives et le sport de loisir peuvent \u00e0 nouveau avoir lieu dans le cadre des mesures de protection de haut niveau qui sont toujours en vigueur (par exemple, \u00e9loignement social, interdiction de rassemblement de plus de 5 personnes). Un comit\u00e9 sp\u00e9cialis\u00e9 compos\u00e9 de repr\u00e9sentants de l&rsquo;OFSPO, de Swiss Olympic, d&rsquo;associations, d&rsquo;athl\u00e8tes, de la m\u00e9decine du sport et d&rsquo;autres experts soutiendra l&rsquo;\u00e9quipe de base. Le comit\u00e9 d&rsquo;experts comprend \u00e9galement des repr\u00e9sentants des sports de renvoi.<\/p>\n<p>&nbsp;<\/p>\n<p>Il est important de noter que la strat\u00e9gie de sortie ne fera pas la diff\u00e9rence entre les grands et les petits sports, mais plut\u00f4t le niveau de risque de transmission du virus Covid-19 dans les sports respectifs. Le r\u00e9sum\u00e9 de la conf\u00e9rence t\u00e9l\u00e9phonique du 17.04.2020 se trouve <a class=\"wf_file\" href=\"https:\/\/www.swisstabletennis.ch\/wp-content\/uploads\/2020\/04\/Resume_Reunion-telephonique.pdf\" target=\"_blank\" rel=\"noopener\"><span class=\"wf_file_text\">ici<\/span><\/a>.<\/p>\n<p>&nbsp;<\/p>\n<p><strong>Premi\u00e8re d\u00e9tente dans le sport d\u00e8s le d\u00e9but du mois de mai<\/strong><\/p>\n<p><strong>&nbsp;<\/strong><\/p>\n<p>Lors de la conf\u00e9rence de presse du 22 avril 2020, la conseill\u00e8re f\u00e9d\u00e9rale Viola Amherd a annonc\u00e9 la reprise, d\u00e9but mai, des sports sans contact physique et o\u00f9 la distance de s\u00e9curit\u00e9 peut \u00eatre maintenue, sous condition de l&rsquo;existance d&rsquo;un concept de protection approuv\u00e9 de la discipline sportive en question. Cela pour \u00e9viter \u00e0 tout prix une deuxi\u00e8me vague de Covid-19.<\/p>\n<p>&nbsp;<\/p>\n<p>A cet effet, Swiss Table Tennis a d\u00e9velopp\u00e9 un concept de protection Covid-19 qui tient compte des exigences en mati\u00e8re de protection des joueurs et des entra\u00eeneurs. Ce concept a \u00e9t\u00e9 envoy\u00e9 \u00e0 l&rsquo;office f\u00e9d\u00e9ral de sport pour approbation le 27 avril 2020. Le 29 avril 2020, le conseil f\u00e9d\u00e9ral d\u00e9cidera sur les assouplissements des mesures dans le secteur du sport.<\/p>\n<p>&nbsp;<\/p>\n<p>Swiss Olympic a r\u00e9sum\u00e9 certaines des questions qui ont \u00e9t\u00e9 pos\u00e9es \u00e0 Swiss Olympic et \u00e0 l&rsquo;OFSPO en vue de la conf\u00e9rence t\u00e9l\u00e9phonique du 17 avril. Nous aimerions souligner les points suivants de cette <a class=\"wf_file\" href=\"https:\/\/www.swisstabletennis.ch\/wp-content\/uploads\/2020\/04\/Questions_Federations.pdf\" target=\"_blank\" rel=\"noopener\"><span class=\"wf_file_text\">liste de questions<\/span><\/a> :<\/p>\n<p>&nbsp;<\/p>\n<p>Comp\u00e9titions<\/p>\n<p>A partir de quand des comp\u00e9titions sportives pourront-elles de nouveau \u00eatre organis\u00e9es ?<\/p>\n<p><em>Les comp\u00e9titions seront de nouveau possibles \u00e9tape par \u00e9tape pour autant que ces \u00e9tapes ne compromettent pas l\u2019objectif du Conseil f\u00e9d\u00e9ral (pas plus de 100 nouvelles infections par jour). Il est encore impossible de dire aujourd\u2019hui quand et dans quelles conditions telle ou telle comp\u00e9tition pourra avoir lieu.<\/em><em><br \/> <\/em>&nbsp;<br \/> Jeunesse et sport<\/p>\n<p>L\u2019annulation des activit\u00e9s J+S et la coordination d\u2019offres alternatives ont impliqu\u00e9 et impliquent encore pour beaucoup une hausse des d\u00e9penses (par ex. camp d\u2019entra\u00eenement avec paiement anticip\u00e9 du logement). Les entra\u00eenements planifi\u00e9s peuvent-ils \u00eatre d\u00e9dommag\u00e9s sur pr\u00e9sentation d\u2019un simple justificatif attestant qu\u2019une alternative a \u00e9t\u00e9 organis\u00e9e ou que des d\u00e9penses ont \u00e9t\u00e9 effectu\u00e9es ?<\/p>\n<p><em>Non, des subventions peuvent \u00eatre accord\u00e9es uniquement si un cours a effectivement eu lieu. L\u2019OFSPO est conscient que cette suspension due au coronavirus entra\u00eene des diminutions de subventions pour de nombreux organisateurs. Dans cette optique, il v\u00e9rifie s\u2019il existe des possibilit\u00e9s juridiques ou extraordinaires pour soutenir davantage les organisateurs J+S. Cependant, un travail de conviction politique doit encore \u00eatre fait dans ce sens.<\/em><\/p>\n<p>&nbsp;<\/p>\n<p>Contributions de Swiss Olympic aux f\u00e9d\u00e9rations<br \/> <em>Les contributions de Swiss Olympic aux f\u00e9d\u00e9rations sont garanties comme convenu pour 2020. Pour 2021, des d\u00e9fis consid\u00e9rables attendent l\u2019Association fa\u00eeti\u00e8re du sport suisse. Actuellement, en effet, la pratique du loto accuse un net recul et aucun pari sportif n\u2019est possible. Swiss Olympic mettra cependant tout en \u0153uvre pour maintenir le montant de ses contributions aux f\u00e9d\u00e9rations.<\/em><em>&nbsp;<\/em><\/p>\n<p>&nbsp;<\/p>\n<p>Fonds d&rsquo;aide d&rsquo;urgence du gouvernement f\u00e9d\u00e9ral<\/p>\n<p><em>Les clubs qui ont d\u00e9j\u00e0 de graves difficult\u00e9s financi\u00e8res \u00e0 court terme sont pri\u00e9s de nous contacter. Par ailleurs, nous souhaitons vous rappeler les possibilit\u00e9s de soutien du gouvernement f\u00e9d\u00e9ral (voir aussi notre <\/em><a class=\"wf_file\" href=\"https:\/\/www.swisstabletennis.ch\/wp-content\/uploads\/2020\/04\/information_soutien_durgence_sport.pdf\" target=\"_blank\" rel=\"noopener\"><span class=\"wf_file_text\">lettre d&rsquo;information aux clubs<\/span><\/a><em>).<\/em><\/p>\n<p>&nbsp;<\/p>\n<p>Nous ferons tout notre possible pour que nous puissions bient\u00f4t rejouer avec la petite balle en plastique dans le cadre des r\u00e8gles de conduite actuelles et nous vous tiendrons inform\u00e9s !<\/p>\n","protected":false},"excerpt":{"rendered":"<p>Mise \u00e0 jour du 27.04.2020 sur la situation COVID-19 L&rsquo;espoir d&rsquo;un d\u00e9but d&rsquo;entra\u00eenement pr\u00e9coce dans le cadre de mesures de&hellip;<\/p>\n","protected":false},"author":8,"featured_media":11521,"comment_status":"","ping_status":"closed","sticky":false,"template":"","format":"standard","meta":{"_monsterinsights_skip_tracking":false,"_monsterinsights_sitenote_active":false,"_monsterinsights_sitenote_note":"","_monsterinsights_sitenote_category":0,"footnotes":""},"categories":[120],"tags":[],"class_list":["post-11567","post","type-post","status-publish","format-standard","has-post-thumbnail","hentry","category-stt-news-kategorie-fr"],"_links":{"self":[{"href":"https:\/\/www.swisstabletennis.ch\/fr\/wp-json\/wp\/v2\/posts\/11567","targetHints":{"allow":["GET"]}}],"collection":[{"href":"https:\/\/www.swisstabletennis.ch\/fr\/wp-json\/wp\/v2\/posts"}],"about":[{"href":"https:\/\/www.swisstabletennis.ch\/fr\/wp-json\/wp\/v2\/types\/post"}],"author":[{"embeddable":true,"href":"https:\/\/www.swisstabletennis.ch\/fr\/wp-json\/wp\/v2\/users\/8"}],"replies":[{"embeddable":true,"href":"https:\/\/www.swisstabletennis.ch\/fr\/wp-json\/wp\/v2\/comments?post=11567"}],"version-history":[{"count":0,"href":"https:\/\/www.swisstabletennis.ch\/fr\/wp-json\/wp\/v2\/posts\/11567\/revisions"}],"wp:featuredmedia":[{"embeddable":true,"href":"https:\/\/www.swisstabletennis.ch\/fr\/wp-json\/wp\/v2\/media\/11521"}],"wp:attachment":[{"href":"https:\/\/www.swisstabletennis.ch\/fr\/wp-json\/wp\/v2\/media?parent=11567"}],"wp:term":[{"taxonomy":"category","embeddable":true,"href":"https:\/\/www.swisstabletennis.ch\/fr\/wp-json\/wp\/v2\/categories?post=11567"},{"taxonomy":"post_tag","embeddable":true,"href":"https:\/\/www.swisstabletennis.ch\/fr\/wp-json\/wp\/v2\/tags?post=11567"}],"curies":[{"name":"wp","href":"https:\/\/api.w.org\/{rel}","templated":true}]}}