{"id":11695,"date":"2020-05-28T09:55:00","date_gmt":"2020-05-28T08:55:00","guid":{"rendered":"https:\/\/swisstabletennis.ch\/neu\/communique-de-la-confederation-27-05-2020\/"},"modified":"2020-05-28T09:55:00","modified_gmt":"2020-05-28T08:55:00","slug":"communique-de-la-confederation-27-05-2020","status":"publish","type":"post","link":"https:\/\/www.swisstabletennis.ch\/fr\/communique-de-la-confederation-27-05-2020\/","title":{"rendered":"Communiqu\u00e9 de la conf\u00e9d\u00e9ration 27.05.2020"},"content":{"rendered":"<p class=\"titel\"><a class=\"jcepopup noicon\" href=\"https:\/\/www.swisstabletennis.ch\/wp-content\/uploads\/2020\/03\/STT_announcement.PNG\" data-mediabox=\"1\" data-mediabox-title=\"STT announcement\"><strong><img fetchpriority=\"high\" decoding=\"async\" class=\" alignleft size-full wp-image-11483\" style=\"margin-right: 20px; margin-bottom: 10px; float: left;\" src=\"https:\/\/www.swisstabletennis.ch\/wp-content\/uploads\/2020\/03\/STT_announcement.PNG\" alt=\"STT announcement\" width=\"520\" height=\"310\" \/><\/strong><\/a>Le Conseil f\u00e9d\u00e9ral d\u00e9cide d&rsquo;un assouplissement important \u00e0 partir du 6 juin<\/p>\n<p class=\"untertitel\">Lors de sa s\u00e9ance d&rsquo;hier, le Conseil f\u00e9d\u00e9ral a d\u00e9cid\u00e9 d&rsquo;autoriser de grands assouplissements dans le domaine du sport. Pour le tennis de table, qui a pu \u00eatre repris depuis 11 mai sous des conditions s\u00e9v\u00e8res, l&rsquo;assouplissement \u00e0 partir du 6 juin 2020 signifie en grande partie un retour \u00e0 la normale.<\/p>\n<p><!--more--><\/p>\n<p>&nbsp;<\/p>\n<p>\u00c0 partir du 6 juin, les clubs de tennis de table seront autoris\u00e9s \u00e0 reprendre un entra\u00eenement plus ou moins normal, et l\u2019entra\u00eenement des doubles sera \u00e9galement possible \u00e0 nouveau sous certaines conditions. Les comp\u00e9titions seront \u00e9galement autoris\u00e9es \u00e0 nouveau. En outre, les vestiaires et les douches peuvent \u00eatre rouverts \u00e0 condition que le nombre d&rsquo;utilisateurs simultan\u00e9s soit limit\u00e9 et que la r\u00e9glementation sur la distance de 2 m\u00e8tres puisse \u00eatre respect\u00e9e. La recommandation de ne toucher que ses propres balles sera \u00e9galement annul\u00e9e.<\/p>\n<p>&nbsp;<\/p>\n<p><strong>\u00ab\u00a0A partir du 6 juin, le c\u0153ur du sport suisse va recommencer \u00e0 battre fort &#8211; et vous allez sentir ce battement de c\u0153ur\u00a0\u00bb<\/strong>, se r\u00e9jouit J\u00fcrg Stahl, Pr\u00e9sident de Swiss Olympic. <strong>\u00ab\u00a0Il y a beaucoup \u00e0 rattraper apr\u00e8s une si longue pause. Les comp\u00e9titions et les matchs sont un moteur important pour les f\u00e9d\u00e9rations, les clubs et, surtout, les jeunes talents\u00a0\u00bb<\/strong>. Des milliers de sportives et sportifs vont enfin pouvoir retourner sur les sites de sport \u00e0 partir du 6 juin, ils y rencontreront leurs coll\u00e8gues et des camps d&rsquo;entra\u00eenement seront \u00e0 nouveau possibles. La vie de club est en train de d\u00e9geler et avec elle la vie de village et de quartier. <strong>\u00ab\u00a0Le retour \u00e0 un entra\u00eenement quotidien va \u00eatre bon pour nous, sportives et sportifs, aussi bien pour notre c\u0153ur que notre esprit\u00a0\u00bb<\/strong>, ajoute J\u00fcrg Stahl. Les f\u00e9d\u00e9rations, les clubs, les organisateurs d&rsquo;\u00e9v\u00e9nements, les exploitants d&rsquo;installations sportives et les athl\u00e8tes restent cependant encore confront\u00e9s \u00e0 des d\u00e9fis. La reprise des entra\u00eenements et des comp\u00e9tition doit \u00eatre organis\u00e9e dans un d\u00e9lai court. Tout doit se d\u00e9rouler de mani\u00e8re ordonn\u00e9e et conform\u00e9ment aux directives f\u00e9d\u00e9rales.<\/p>\n<p>&nbsp;<\/p>\n<p><strong>Ainsi, notamment les mesures de protection minimales suivantes doivent encore \u00eatre respect\u00e9es&nbsp;:<\/strong><\/p>\n<ul>\n<li data-mce-word-list=\"1\">Tous les contacts doivent \u00eatre d\u00e9tectables par la suite. Il faut donc continuer \u00e0 assurer la coh\u00e9rence de la recherche des contacts.<\/li>\n<li data-mce-word-list=\"1\">Ceux qui se sentent mal restent \u00e0 la maison.<\/li>\n<li data-mce-word-list=\"1\">Les mains doivent \u00eatre lav\u00e9es ou d\u00e9sinfect\u00e9es r\u00e9guli\u00e8rement<\/li>\n<li data-mce-word-list=\"1\">Dans la mesure du possible, la distance de 2 m\u00e8tres doit \u00eatre respect\u00e9e<\/li>\n<\/ul>\n<p>&nbsp;<\/p>\n<p>D&rsquo;ici le 2 juin, Swiss Table Tennis adaptera le concept de protection \u00e0 la nouvelle r\u00e9glementation et le mettra \u00e0 la disposition de tous les clubs, tout en le publiant sur le site web sous la rubrique <a href=\"http:\/\/www.swisstabletennis.ch\/wp-content\/uploads\/images\/1_News\/Dossier_Corona.pdf\">Dossier Corona<\/a>. L&rsquo;approbation des autorit\u00e9s sup\u00e9rieures ne sera plus n\u00e9cessaire pour ce concept de protection adapt\u00e9.<\/p>\n<p>&nbsp;<\/p>\n<p>Lien&nbsp;: <a href=\"https:\/\/www.baspo.admin.ch\/fr\/home.detail.news.html\/baspo-internet\/2020\/Bundesrat-beschliesst-weitgehende-Lockerungen-per-6-Juni.html\">Communiqu\u00e9 de la conf\u00e9d\u00e9ration<\/a><\/p>\n","protected":false},"excerpt":{"rendered":"<p>Le Conseil f\u00e9d\u00e9ral d\u00e9cide d&rsquo;un assouplissement important \u00e0 partir du 6 juin Lors de sa s\u00e9ance d&rsquo;hier, le Conseil f\u00e9d\u00e9ral&hellip;<\/p>\n","protected":false},"author":8,"featured_media":11483,"comment_status":"","ping_status":"closed","sticky":false,"template":"","format":"standard","meta":{"_monsterinsights_skip_tracking":false,"_monsterinsights_sitenote_active":false,"_monsterinsights_sitenote_note":"","_monsterinsights_sitenote_category":0,"footnotes":""},"categories":[120],"tags":[],"class_list":["post-11695","post","type-post","status-publish","format-standard","has-post-thumbnail","hentry","category-stt-news-kategorie-fr"],"_links":{"self":[{"href":"https:\/\/www.swisstabletennis.ch\/fr\/wp-json\/wp\/v2\/posts\/11695","targetHints":{"allow":["GET"]}}],"collection":[{"href":"https:\/\/www.swisstabletennis.ch\/fr\/wp-json\/wp\/v2\/posts"}],"about":[{"href":"https:\/\/www.swisstabletennis.ch\/fr\/wp-json\/wp\/v2\/types\/post"}],"author":[{"embeddable":true,"href":"https:\/\/www.swisstabletennis.ch\/fr\/wp-json\/wp\/v2\/users\/8"}],"replies":[{"embeddable":true,"href":"https:\/\/www.swisstabletennis.ch\/fr\/wp-json\/wp\/v2\/comments?post=11695"}],"version-history":[{"count":0,"href":"https:\/\/www.swisstabletennis.ch\/fr\/wp-json\/wp\/v2\/posts\/11695\/revisions"}],"wp:featuredmedia":[{"embeddable":true,"href":"https:\/\/www.swisstabletennis.ch\/fr\/wp-json\/wp\/v2\/media\/11483"}],"wp:attachment":[{"href":"https:\/\/www.swisstabletennis.ch\/fr\/wp-json\/wp\/v2\/media?parent=11695"}],"wp:term":[{"taxonomy":"category","embeddable":true,"href":"https:\/\/www.swisstabletennis.ch\/fr\/wp-json\/wp\/v2\/categories?post=11695"},{"taxonomy":"post_tag","embeddable":true,"href":"https:\/\/www.swisstabletennis.ch\/fr\/wp-json\/wp\/v2\/tags?post=11695"}],"curies":[{"name":"wp","href":"https:\/\/api.w.org\/{rel}","templated":true}]}}