{"id":11709,"date":"2020-06-03T10:45:00","date_gmt":"2020-06-03T09:45:00","guid":{"rendered":"https:\/\/swisstabletennis.ch\/neu\/06-06-2020\/"},"modified":"2020-06-03T10:45:00","modified_gmt":"2020-06-03T09:45:00","slug":"06-06-2020","status":"publish","type":"post","link":"https:\/\/www.swisstabletennis.ch\/fr\/06-06-2020\/","title":{"rendered":"STT News"},"content":{"rendered":"<p class=\"titel\"><a class=\"jcepopup noicon\" href=\"https:\/\/www.swisstabletennis.ch\/wp-content\/uploads\/2020\/06\/Affiche_protection_06.06.2020.PNG\" data-mediabox=\"1\" data-mediabox-title=\"Affiche de protection \u00e0 partir 06.06.2020\"><strong><img fetchpriority=\"high\" decoding=\"async\" class=\" alignleft size-full wp-image-11703\" style=\"margin-right: 20px; margin-bottom: 10px; float: left;\" src=\"https:\/\/www.swisstabletennis.ch\/wp-content\/uploads\/2020\/06\/Affiche_protection_06.06.2020.PNG\" alt=\"Affiche de protection \u00e0 partir 06.06.2020\" width=\"520\" height=\"340\" \/><\/strong><\/a>Nouvelle affiche \u00e0 partir du 6 juin<\/p>\n<p class=\"untertitel\">Swiss Table Tennis a adapt\u00e9 le concept de protection bas\u00e9 sur le cahier des charges de Swiss Olympic pour les entra\u00eenements \u00e0 partir du 6 juin 2020.<\/p>\n<p><!--more--><\/p>\n<p>&nbsp;<\/p>\n<p><a class=\"wf_file\" href=\"https:\/\/www.swisstabletennis.ch\/wp-content\/uploads\/2020\/06\/Affiche_Concept_protection_fr_06.06.2020.pdf\" target=\"_blank\" rel=\"noopener\"><img decoding=\"async\" width=\"20\" height=\"20\" class=\"wf_file_icon size-full wp-image-3202\" style=\"border: 0px; vertical-align: middle; max-width: inherit;\" src=\"https:\/\/www.swisstabletennis.ch\/wp-content\/uploads\/2012\/12\/pdf.png\" alt=\"pdf\" \/><span class=\"wf_file_text\">Affiche_STT_mesures_de_protection_06.06.2020<\/span><\/a><\/p>\n<p>&nbsp;<\/p>\n<p><a class=\"wf_file\" href=\"https:\/\/www.swisstabletennis.ch\/wp-content\/uploads\/2020\/06\/SO_Corona_A4_Verhaltensregeln_FR_290520.pdf\" target=\"_blank\" rel=\"noopener\"><img decoding=\"async\" width=\"20\" height=\"20\" class=\"wf_file_icon size-full wp-image-3202\" style=\"border: 0px; vertical-align: middle; max-width: inherit;\" src=\"https:\/\/www.swisstabletennis.ch\/wp-content\/uploads\/2012\/12\/pdf.png\" alt=\"pdf\" \/><span class=\"wf_file_text\">Affiche_Swiss_Olympic_mesures_de_protection_06.06.2020<\/span><\/a><\/p>\n","protected":false},"excerpt":{"rendered":"<p>Nouvelle affiche \u00e0 partir du 6 juin Swiss Table Tennis a adapt\u00e9 le concept de protection bas\u00e9 sur le cahier&hellip;<\/p>\n","protected":false},"author":8,"featured_media":11703,"comment_status":"","ping_status":"closed","sticky":false,"template":"","format":"standard","meta":{"_monsterinsights_skip_tracking":false,"_monsterinsights_sitenote_active":false,"_monsterinsights_sitenote_note":"","_monsterinsights_sitenote_category":0,"footnotes":""},"categories":[120],"tags":[],"class_list":["post-11709","post","type-post","status-publish","format-standard","has-post-thumbnail","hentry","category-stt-news-kategorie-fr"],"_links":{"self":[{"href":"https:\/\/www.swisstabletennis.ch\/fr\/wp-json\/wp\/v2\/posts\/11709","targetHints":{"allow":["GET"]}}],"collection":[{"href":"https:\/\/www.swisstabletennis.ch\/fr\/wp-json\/wp\/v2\/posts"}],"about":[{"href":"https:\/\/www.swisstabletennis.ch\/fr\/wp-json\/wp\/v2\/types\/post"}],"author":[{"embeddable":true,"href":"https:\/\/www.swisstabletennis.ch\/fr\/wp-json\/wp\/v2\/users\/8"}],"replies":[{"embeddable":true,"href":"https:\/\/www.swisstabletennis.ch\/fr\/wp-json\/wp\/v2\/comments?post=11709"}],"version-history":[{"count":0,"href":"https:\/\/www.swisstabletennis.ch\/fr\/wp-json\/wp\/v2\/posts\/11709\/revisions"}],"wp:featuredmedia":[{"embeddable":true,"href":"https:\/\/www.swisstabletennis.ch\/fr\/wp-json\/wp\/v2\/media\/11703"}],"wp:attachment":[{"href":"https:\/\/www.swisstabletennis.ch\/fr\/wp-json\/wp\/v2\/media?parent=11709"}],"wp:term":[{"taxonomy":"category","embeddable":true,"href":"https:\/\/www.swisstabletennis.ch\/fr\/wp-json\/wp\/v2\/categories?post=11709"},{"taxonomy":"post_tag","embeddable":true,"href":"https:\/\/www.swisstabletennis.ch\/fr\/wp-json\/wp\/v2\/tags?post=11709"}],"curies":[{"name":"wp","href":"https:\/\/api.w.org\/{rel}","templated":true}]}}