{"id":11821,"date":"2020-07-28T15:35:00","date_gmt":"2020-07-28T14:35:00","guid":{"rendered":"https:\/\/swisstabletennis.ch\/neu\/manifestations\/"},"modified":"2020-07-28T15:35:00","modified_gmt":"2020-07-28T14:35:00","slug":"manifestations","status":"publish","type":"post","link":"https:\/\/www.swisstabletennis.ch\/fr\/manifestations\/","title":{"rendered":"Manifestations"},"content":{"rendered":"<p class=\"titel\"><a href=\"https:\/\/www.swisstabletennis.ch\/wp-content\/uploads\/2020\/03\/STT_announcement.PNG\" class=\"jcepopup noicon\" data-mediabox=\"1\" data-mediabox-title=\"STT announcement\"><strong><img fetchpriority=\"high\" decoding=\"async\" class=\" alignleft size-full wp-image-11483\" src=\"https:\/\/www.swisstabletennis.ch\/wp-content\/uploads\/2020\/03\/STT_announcement.PNG\" alt=\"STT announcement\" width=\"520\" height=\"310\" style=\"margin-right: 20px; margin-bottom: 10px; float: left;\" \/><\/strong><\/a>Concept de protection manifestations en tennis de table<\/p>\n<p class=\"untertitel\">Apr\u00e8s les vacances d&rsquo;\u00e9t\u00e9, la nouvelle saison de tennis de table commence et nous sommes tr\u00e8s heureux de pouvoir enfin recommencer les comp\u00e9titions !<\/p>\n<p><!--more--><\/p>\n<p>&nbsp;<\/p>\n<p>Afin de pouvoir organiser des comp\u00e9titions, tous les organisateurs sont encore mis au d\u00e9fi. Chaque club qui organise un \u00e9v\u00e9nement qui va au-del\u00e0 de l\u2019entra\u00eenement quotidien (comp\u00e9tition, match \u00e0 domicile du championnat d&rsquo;\u00e9quipes, f\u00eate du club, etc.) doit \u00e9laborer un concept de protection pour les manifestations ou l&rsquo;int\u00e9grer dans son concept de protection existant. Le concept de protection doit pouvoir \u00eatre pr\u00e9sent\u00e9 \u00e0 tout moment aux autorit\u00e9s ainsi qu&rsquo;\u00e0 STT. Si le canton concern\u00e9 l&rsquo;exige, le concept de protection pour la manifestation doit \u00e9galement \u00eatre soumis au pr\u00e9alable pour que la manifestation soit approuv\u00e9e. Pour l\u2019entra\u00eenement quotidien, les mesures \u00e0 partir du 22 juin s\u2019appliquent (voir mod\u00e8le de concept de protection sur ce&nbsp;<a href=\"http:\/\/www.swisstabletennis.ch\/wp-content\/uploads\/images\/Dossier_Corona.pdf\">lien<\/a>).<\/p>\n<p>&nbsp;<\/p>\n<p>Vous trouverez ci-dessous notre mod\u00e8le de concept de protection \u00ab&nbsp;Manifestation&nbsp;\u00bb, que vous pouvez adapter \u00e0 votre propre situation. Vous \u00eates responsable de la mise en \u0153uvre de votre concept de protection! Merci de vraiment contr\u00f4ler le respect des mesures prises pendant l&rsquo;\u00e9v\u00e9nement, en particulier les r\u00e8gles de distance. La seule exception \u00e0 la r\u00e8gle de la distance de 1,5m s&rsquo;applique aux doubles et ce UNIQUEMENT pendant la dur\u00e9e de la comp\u00e9tition en double. Durant celle-ci, le \u00ab&nbsp;handshake&nbsp;\u00bb avec le partenaire est interdit. Veuillez y pr\u00eater attention d\u00e9j\u00e0 lors de l&rsquo;entra\u00eenement et sensibiliser vos joueurs, entra\u00eeneurs et coaches \u00e0 la comp\u00e9tition.<\/p>\n<p>Veuillez \u00e9galement sensibiliser vos joueurs aux mesures de s\u00e9curit\u00e9 lorsqu&rsquo;ils se rendent \u00e0 une comp\u00e9tition \u00e0 l\u2019ext\u00e9rieur, c&rsquo;est-\u00e0-dire qu&rsquo;ils portent un masque non seulement dans les transports publics, mais aussi lorsqu&rsquo;ils font du covoiturage.<\/p>\n<p>&nbsp;<\/p>\n<p>Nous vous recommandons vivement de noter les coordonn\u00e9es de tous les visiteurs pour chaque \u00e9v\u00e9nement, m\u00eame si vous avez mis en place des mesures de s\u00e9curit\u00e9 compl\u00e8tes pour la r\u00e9glementation des distances.<\/p>\n<p>&nbsp;<\/p>\n<p>&nbsp;<\/p>\n<p><a href=\"https:\/\/www.swisstabletennis.ch\/wp-content\/uploads\/2020\/07\/Covid-19_Modele_concept_de_protection_manifestations.docx\" target=\"_blank\" class=\"wf_file\" rel=\"noopener\"><span class=\"wf_file_text\">Mod\u00e8le concept de protection manifestations<\/span><\/a><\/p>\n<p><a href=\"https:\/\/www.swisstabletennis.ch\/wp-content\/uploads\/2020\/07\/Covid-19_Modello_concetto_di_protezione_manifestazioni.pdf\" target=\"_blank\" class=\"wf_file\" rel=\"noopener\"><span class=\"wf_file_text\">Modello concetto di protezione manifestazioni<\/span><\/a><\/p>\n<p><a href=\"https:\/\/www.swisstabletennis.ch\/wp-content\/uploads\/2020\/07\/Covid-19_Checkliste_Wettkampf_f.pdf\" target=\"_blank\" class=\"wf_file\" rel=\"noopener\"><span class=\"wf_file_text\">Checklist pour l&rsquo;organisateur<\/span><\/a><\/p>\n<p><a href=\"https:\/\/www.swisstabletennis.ch\/wp-content\/uploads\/2020\/07\/Affiche_Concept_protection_pour_joueurs_-_saison_2020-21_-_FR.pdf\" target=\"_blank\" class=\"wf_file\" rel=\"noopener\"><span class=\"wf_file_text\">Affiche mesures de protection pour les joueurs<\/span><\/a><\/p>\n","protected":false},"excerpt":{"rendered":"<p>Concept de protection manifestations en tennis de table Apr\u00e8s les vacances d&rsquo;\u00e9t\u00e9, la nouvelle saison de tennis de table commence&hellip;<\/p>\n","protected":false},"author":8,"featured_media":11483,"comment_status":"","ping_status":"closed","sticky":false,"template":"","format":"standard","meta":{"_monsterinsights_skip_tracking":false,"_monsterinsights_sitenote_active":false,"_monsterinsights_sitenote_note":"","_monsterinsights_sitenote_category":0,"footnotes":""},"categories":[120],"tags":[],"class_list":["post-11821","post","type-post","status-publish","format-standard","has-post-thumbnail","hentry","category-stt-news-kategorie-fr"],"_links":{"self":[{"href":"https:\/\/www.swisstabletennis.ch\/fr\/wp-json\/wp\/v2\/posts\/11821","targetHints":{"allow":["GET"]}}],"collection":[{"href":"https:\/\/www.swisstabletennis.ch\/fr\/wp-json\/wp\/v2\/posts"}],"about":[{"href":"https:\/\/www.swisstabletennis.ch\/fr\/wp-json\/wp\/v2\/types\/post"}],"author":[{"embeddable":true,"href":"https:\/\/www.swisstabletennis.ch\/fr\/wp-json\/wp\/v2\/users\/8"}],"replies":[{"embeddable":true,"href":"https:\/\/www.swisstabletennis.ch\/fr\/wp-json\/wp\/v2\/comments?post=11821"}],"version-history":[{"count":0,"href":"https:\/\/www.swisstabletennis.ch\/fr\/wp-json\/wp\/v2\/posts\/11821\/revisions"}],"wp:featuredmedia":[{"embeddable":true,"href":"https:\/\/www.swisstabletennis.ch\/fr\/wp-json\/wp\/v2\/media\/11483"}],"wp:attachment":[{"href":"https:\/\/www.swisstabletennis.ch\/fr\/wp-json\/wp\/v2\/media?parent=11821"}],"wp:term":[{"taxonomy":"category","embeddable":true,"href":"https:\/\/www.swisstabletennis.ch\/fr\/wp-json\/wp\/v2\/categories?post=11821"},{"taxonomy":"post_tag","embeddable":true,"href":"https:\/\/www.swisstabletennis.ch\/fr\/wp-json\/wp\/v2\/tags?post=11821"}],"curies":[{"name":"wp","href":"https:\/\/api.w.org\/{rel}","templated":true}]}}