{"id":11949,"date":"2020-10-02T13:45:00","date_gmt":"2020-10-02T12:45:00","guid":{"rendered":"https:\/\/swisstabletennis.ch\/neu\/corona\/"},"modified":"2020-10-02T13:45:00","modified_gmt":"2020-10-02T12:45:00","slug":"corona","status":"publish","type":"post","link":"https:\/\/www.swisstabletennis.ch\/fr\/corona\/","title":{"rendered":"Corona"},"content":{"rendered":"<p class=\"titel\"><a href=\"https:\/\/www.swisstabletennis.ch\/wp-content\/uploads\/2020\/03\/STT_announcement.PNG\" class=\"jcepopup noicon\" data-mediabox=\"1\" data-mediabox-title=\"STT announcement\"><strong><img fetchpriority=\"high\" decoding=\"async\" class=\" alignleft size-full wp-image-11483\" src=\"https:\/\/www.swisstabletennis.ch\/wp-content\/uploads\/2020\/03\/STT_announcement.PNG\" alt=\"STT announcement\" width=\"520\" height=\"291\" style=\"margin-right: 20px; margin-bottom: 10px; float: left;\" srcset=\"https:\/\/www.swisstabletennis.ch\/wp-content\/uploads\/2020\/03\/STT_announcement.PNG 1735w, https:\/\/www.swisstabletennis.ch\/wp-content\/uploads\/2020\/03\/STT_announcement-600x335.png 600w\" sizes=\"(max-width: 520px) 100vw, 520px\" \/><\/strong><\/a>Mise \u00e0 jour documents Covid-19<\/p>\n<p class=\"untertitel\">Comment r\u00e9agir \u00e0 un cas positif au Covid-19? Qui est responsable de quoi? Quel document faut-il remplir? Comment organiser et accueillir une manifestation sportive? Qui sera autoris\u00e9 \u00e0 prendre des d\u00e9cisions urgentes? Nous t\u00e2chons d&rsquo;y r\u00e9pondre ici.<\/p>\n<p><!--more--><\/p>\n<p>&nbsp;<\/p>\n<p>La situation de crise sanitaire \u00e9voluent sans arr\u00eat dans le monde et en Suisse \u00e9galement. Nous devons constamment nous adapter et faire les modifications n\u00e9cessaires. De plus, la situation actuelle nous oblige \u00e0 la plus grande prudence. C&rsquo;est pourquoi nous avons concu un concept de communication en cas d&rsquo;un cas positif au covid-19. Celui-ci vous explique comment la personne concern\u00e9e, le club ou les AR doivent r\u00e9agir dans une telle situation. De plus, vous trouverez \u00e9galement le formulaire \u00e0 remplir en cas de test positif au Covid-19.<\/p>\n<p>&nbsp;<\/p>\n<p><a href=\"https:\/\/www.swisstabletennis.ch\/wp-content\/uploads\/2020\/10\/Concept_de_communication_Covid-19.pdf\" target=\"_blank\" class=\"wf_file\" rel=\"noopener\"><img decoding=\"async\" width=\"20\" height=\"20\" class=\" size-full wp-image-3202\" src=\"https:\/\/www.swisstabletennis.ch\/wp-content\/uploads\/2012\/12\/pdf.png\" alt=\"pdf\" class=\"wf_file_icon\" style=\"border: 0px; vertical-align: middle; max-width: inherit;\" \/><span class=\"wf_file_text\">Concept de communication covid-19<\/span><\/a><\/p>\n<p><a href=\"https:\/\/www.swisstabletennis.ch\/wp-content\/uploads\/2020\/10\/Annonce_dun_cas_Covid-19.docx\" target=\"_blank\" class=\"wf_file\" rel=\"noopener\"><img decoding=\"async\" width=\"20\" height=\"20\" class=\" size-full wp-image-3629\" src=\"https:\/\/www.swisstabletennis.ch\/wp-content\/uploads\/2021\/07\/office.png\" alt=\"docx\" class=\"wf_file_icon\" style=\"border: 0px; vertical-align: middle; max-width: inherit;\" \/><span class=\"wf_file_text\">Annoncer un cas positif au covid-19<\/span><\/a><\/p>\n<p>&nbsp;<\/p>\n<p>&nbsp;<\/p>\n<p>Nous avons \u00e9galement mis \u00e0 jour notre le concept de protection pour les manifestations sportives. Les modifications les plus importantes, qui entrent tout de suite en vigueur, sont les suivantes:<\/p>\n<ul>\n<li data-mce-word-list=\"1\">Diff\u00e9rence claire entre les conditions cadres qui doivent \u00eatre respect\u00e9es par chaque organisateur et les simples recommandations<\/li>\n<li data-mce-word-list=\"1\">Obligation du port du masque \u00e0 toutes les manifestations sauf d\u00e9rogation pour les personnes sur le terrain de jeu &#8211;&gt; Raison: les restrictions cantonales sont assez diff\u00e9rentes sur le sujet, c\u2019est pourquoi nous pr\u00e9f\u00e9rons une obligation stricte et commune<\/li>\n<li data-mce-word-list=\"1\">Obligation (et non plus une recommandation comme c\u2019\u00e9tait le cas dans la version pr\u00e9c\u00e9dente) de tenir des listes de pr\u00e9sence et obligation pour chaque personne qui entre dans la salle de d\u00e9clarer qu\u2019elle n\u2019a pas de sympt\u00f4mes, qu\u2019elle n\u2019\u00e9tait pas dans une r\u00e9gion \u00ab&nbsp;\u00e0 risque&nbsp;\u00bb dans les derniers 10 jours et qu&rsquo;elle n&rsquo;a pas \u00e9t\u00e9 mise en quarantaine par les autorit\u00e9s cantonales<\/li>\n<li data-mce-word-list=\"1\">Diminution des r\u00e8gles concr\u00e8tes pour l\u2019impl\u00e9mentation des mesures de s\u00e9curit\u00e9 \u00e0 plut\u00f4t des recommandations<\/li>\n<li data-mce-word-list=\"1\">Mise \u00e0 jour des dispositions pour les matchs de ligue nationale, surtout concernant la quarantaine et l\u2019isolation en relation avec les voyages \u00e0 l&rsquo;\u00e9tranger<\/li>\n<li>Chaque club est tenu d&rsquo;examiner la situation de ses joueurs \u00e9trangers et, le cas \u00e9ch\u00e9ant, de demander une d\u00e9rogation \u00e0 son canton.&nbsp;<\/li>\n<\/ul>\n<p>&nbsp;<\/p>\n<p><a href=\"https:\/\/www.swisstabletennis.ch\/wp-content\/uploads\/2020\/10\/Covid-19_Modele_concept_de_protection_manifestations_v2.pdf\" target=\"_blank\" class=\"wf_file\" rel=\"noopener\"><img decoding=\"async\" width=\"20\" height=\"20\" class=\" size-full wp-image-3202\" src=\"https:\/\/www.swisstabletennis.ch\/wp-content\/uploads\/2012\/12\/pdf.png\" alt=\"pdf\" class=\"wf_file_icon\" style=\"border: 0px; vertical-align: middle; max-width: inherit;\" \/><span class=\"wf_file_text\">Concept de protection manifestations sportives<\/span><\/a><\/p>\n<p><a href=\"https:\/\/www.swisstabletennis.ch\/wp-content\/uploads\/2020\/10\/formulaire_liste_de_presence.docx\" target=\"_blank\" class=\"wf_file\" rel=\"noopener\"><img decoding=\"async\" width=\"20\" height=\"20\" class=\" size-full wp-image-3629\" src=\"https:\/\/www.swisstabletennis.ch\/wp-content\/uploads\/2021\/07\/office.png\" alt=\"docx\" class=\"wf_file_icon\" style=\"border: 0px; vertical-align: middle; max-width: inherit;\" \/><span class=\"wf_file_text\">Formulaire liste de pr\u00e9sence<\/span><\/a><\/p>\n<p><a href=\"https:\/\/www.swisstabletennis.ch\/wp-content\/uploads\/2020\/10\/Formulario_lista_di_presenze.docx\" target=\"_blank\" class=\"wf_file\" rel=\"noopener\"><img decoding=\"async\" width=\"20\" height=\"20\" class=\" size-full wp-image-3629\" src=\"https:\/\/www.swisstabletennis.ch\/wp-content\/uploads\/2021\/07\/office.png\" alt=\"docx\" class=\"wf_file_icon\" style=\"border: 0px; vertical-align: middle; max-width: inherit;\" \/><span class=\"wf_file_text\">Formulario lista di presenze<\/span><\/a><\/p>\n<p>&nbsp;<\/p>\n<p>&nbsp;<\/p>\n<p>Nous vous demandons d\u2019adapter vos concepts de protection pour les manifestations en cons\u00e9quence!<\/p>\n<p>&nbsp;<\/p>\n<p>C&rsquo;est gr\u00e2ce \u00e0 ces restrictions et \u00e0 la solidarit\u00e9 de tous que nous pourrons poursuivre la saison 2020-21. En cas de questions concernant la situation du Corona, n&rsquo;h\u00e9sitez pas \u00e0 nous \u00e9crire \u00e0 l&rsquo;adresse suivante: <a href=\"mailto:info@swisstabletennis.ch\">corona@swisstabletennis.ch<\/a>&nbsp;<\/p>\n<p>&nbsp;<\/p>\n<p>&nbsp;<\/p>\n<p>Pour la dur\u00e9e de la pand\u00e9mie Covid-19, l&rsquo;Assembl\u00e9e des d\u00e9l\u00e9gu\u00e9s du 26 septembre 2020 a cr\u00e9\u00e9 une commission Covid-19 et a autoris\u00e9 la commission \u00e0 prendre les d\u00e9cisions d&rsquo;urgence qui sont n\u00e9cessaires en raison des mesures de protection Covid-19. Le pouvoir de d\u00e9cision de la commission Covid-19 est limit\u00e9 aux d\u00e9cisions d&rsquo;urgence concernant les comp\u00e9titions qui doivent \u00eatre prises sur la base des mesures Covid-19 et qui entra\u00eenent des d\u00e9rogations \u00e0 diff\u00e9rents articles du r\u00e8glement sportif de STT. D&rsquo;autres informations suivront concernant ce sujet.<\/p>\n","protected":false},"excerpt":{"rendered":"<p>Mise \u00e0 jour documents Covid-19 Comment r\u00e9agir \u00e0 un cas positif au Covid-19? Qui est responsable de quoi? Quel document&hellip;<\/p>\n","protected":false},"author":8,"featured_media":11483,"comment_status":"","ping_status":"closed","sticky":false,"template":"","format":"standard","meta":{"_monsterinsights_skip_tracking":false,"_monsterinsights_sitenote_active":false,"_monsterinsights_sitenote_note":"","_monsterinsights_sitenote_category":0,"footnotes":""},"categories":[116],"tags":[],"class_list":["post-11949","post","type-post","status-publish","format-standard","has-post-thumbnail","hentry","category-news-kategorie-fr"],"_links":{"self":[{"href":"https:\/\/www.swisstabletennis.ch\/fr\/wp-json\/wp\/v2\/posts\/11949","targetHints":{"allow":["GET"]}}],"collection":[{"href":"https:\/\/www.swisstabletennis.ch\/fr\/wp-json\/wp\/v2\/posts"}],"about":[{"href":"https:\/\/www.swisstabletennis.ch\/fr\/wp-json\/wp\/v2\/types\/post"}],"author":[{"embeddable":true,"href":"https:\/\/www.swisstabletennis.ch\/fr\/wp-json\/wp\/v2\/users\/8"}],"replies":[{"embeddable":true,"href":"https:\/\/www.swisstabletennis.ch\/fr\/wp-json\/wp\/v2\/comments?post=11949"}],"version-history":[{"count":0,"href":"https:\/\/www.swisstabletennis.ch\/fr\/wp-json\/wp\/v2\/posts\/11949\/revisions"}],"wp:featuredmedia":[{"embeddable":true,"href":"https:\/\/www.swisstabletennis.ch\/fr\/wp-json\/wp\/v2\/media\/11483"}],"wp:attachment":[{"href":"https:\/\/www.swisstabletennis.ch\/fr\/wp-json\/wp\/v2\/media?parent=11949"}],"wp:term":[{"taxonomy":"category","embeddable":true,"href":"https:\/\/www.swisstabletennis.ch\/fr\/wp-json\/wp\/v2\/categories?post=11949"},{"taxonomy":"post_tag","embeddable":true,"href":"https:\/\/www.swisstabletennis.ch\/fr\/wp-json\/wp\/v2\/tags?post=11949"}],"curies":[{"name":"wp","href":"https:\/\/api.w.org\/{rel}","templated":true}]}}