{"id":12499,"date":"2021-05-27T07:56:00","date_gmt":"2021-05-27T06:56:00","guid":{"rendered":"https:\/\/swisstabletennis.ch\/neu\/consequences-de-la-pandemie-et-rapports-des-responsables-des-clubs-tessinois-partie-1-2\/"},"modified":"2021-05-27T07:56:00","modified_gmt":"2021-05-27T06:56:00","slug":"consequences-de-la-pandemie-et-rapports-des-responsables-des-clubs-tessinois-partie-1-2","status":"publish","type":"post","link":"https:\/\/www.swisstabletennis.ch\/fr\/consequences-de-la-pandemie-et-rapports-des-responsables-des-clubs-tessinois-partie-1-2\/","title":{"rendered":"Coin du Tessin"},"content":{"rendered":"<p class=\"titel\"><a href=\"https:\/\/www.swisstabletennis.ch\/wp-content\/uploads\/2021\/05\/Bild1DiegoLisi.jpeg\" class=\"jcepopup noicon\" data-mediabox=\"1\" data-mediabox-title=\"Diego Lisi, STT Locarno\"><strong><img fetchpriority=\"high\" decoding=\"async\" class=\" alignleft size-full wp-image-12493\" src=\"https:\/\/www.swisstabletennis.ch\/wp-content\/uploads\/2021\/05\/Bild1DiegoLisi.jpeg\" alt=\"Diego Lisi, STT Locarno\" width=\"520\" height=\"351\" style=\"margin-right: 20px; margin-bottom: 10px; float: left;\" \/><\/strong><\/a>Cons\u00e9quences de la pand\u00e9mie et rapports des responsables des clubs tessinois (partie 1\/2)<\/p>\n<p class=\"untertitel\">Comme on le sait, l\u2019ann\u00e9e derni\u00e8re, la pand\u00e9mie de Covid-19 a touch\u00e9 en premier le Tessin en provenance de la r\u00e9gion italienne de Lombardie. La sc\u00e8ne du tennis de table dans le sud de la Suisse a \u00e9galement \u00e9t\u00e9 secou\u00e9e par ce fait. Ce n&rsquo;est pas la seule raison pour laquelle Sidespin s\u2019est int\u00e9ress\u00e9e aux cinq directions de clubs et au comit\u00e9 de l&rsquo;association. Dans ce num\u00e9ro, nous vous pr\u00e9sentons des rapports vari\u00e9s de Locarno, Bellinzona, Lugano, Riva San Vitale, Tenero et \u00ab\u00a0last but not least\u00a0\u00bb de celui de l\u2019association r\u00e9gionale.<\/p>\n<p><!--more--><\/p>\n<p>&nbsp;<\/p>\n<p>Texte et photos: Robert Szendr\u00f6i<\/p>\n<p>&nbsp;<\/p>\n<p>Nous commen\u00e7ons par une information choc du c\u00f4t\u00e9 du STT Locarno. Apr\u00e8s 18 ans, la \u00ab\u00a0dynastie Lisi\u00a0\u00bb \u00e0 la t\u00eate du club au bord du lac Majeur touche \u00e0 sa fin. Diego Lisi (41 ans), qui est toujours aux commandes, nous donne les d\u00e9tails : \u00ab&nbsp;En fait, ma m\u00e8re Fabienne a \u00e9t\u00e9 pr\u00e9sidente de 2003 \u00e0 2011, mon p\u00e8re Antonio de 2011 \u00e0 2015 et moi de 2015 \u00e0 2021.&nbsp;\u00bb En regardant le bilan de ses six ann\u00e9es de mandat, Diego L. n&rsquo;a pas cherch\u00e9 la voie du moindre effort, comme le d\u00e9montre clairement l&rsquo;exemple suivant : \u00ab&nbsp;Lors de la saison 2018\/2019, j&rsquo;ai retir\u00e9 nos \u00e9quipes de la comp\u00e9tition. J&rsquo;ai trouv\u00e9 incompr\u00e9hensible que nos joueurs soient derri\u00e8re la table avec un syst\u00e8me d&rsquo;\u00e9limination directe. En tant que grand partisan des matchs de groupe o\u00f9 chaque joueur actif pourrait jouer six ou sept parties, cela a finalement \u00e9t\u00e9 rapidement accept\u00e9. Ainsi, lors de la saison suivante 2019\/2020, nos joueurs ont tap\u00e9 les balles \u00e9tant \u00e0 nouveau motiv\u00e9s et avec toute leur vigueur au-dessus du filet de tennis de table. Ce n&rsquo;est pas pour rien que notre jeune talent Kim Bertolotti s&rsquo;est hiss\u00e9 entre-temps au classement C7&nbsp;\u00bb. L&rsquo;actuel pr\u00e9sident du STT Locarno ne tarit pas d&rsquo;\u00e9loges sur le comportement de Swiss Olympic : \u00ab&nbsp;Ils nous ont d\u00e9dommag\u00e9s pour la perte de revenus des tournois ainsi que pour les frais d&rsquo;entra\u00eenement. De plus, la f\u00e9d\u00e9ration STT nous a transf\u00e9r\u00e9 8000 CHF pour que nous puissions couvrir les frais de licence des joueurs. Notre club a compl\u00e8tement renonc\u00e9 \u00e0 ce revenu pour nos membres, en raison de l&rsquo;absence de concurrence.&nbsp;\u00bb Lisi est particuli\u00e8rement fier d\u2019un point : \u00ab&nbsp;En 2018 encore, nous comptions 56 joueurs licenci\u00e9s. Ce nombre est pass\u00e9 \u00e0 pr\u00e8s de 100 joueurs licenci\u00e9s en 2021 !&nbsp;\u00bb<\/p>\n<p>D&rsquo;ailleurs, apr\u00e8s le transfert au d\u00e9but de l&rsquo;\u00e9t\u00e9, Diego continuera \u00e0 jouer en tant que membre actif de l&rsquo;\u00e9quipe de 2\u00e8me ligue et\/ou \u00e0 agir en tant que rempla\u00e7ant dans l&rsquo;\u00e9quipe de 1\u00e8re ligue si n\u00e9cessaire.<\/p>\n<p>&nbsp;<\/p>\n<p><a href=\"https:\/\/www.swisstabletennis.ch\/wp-content\/uploads\/2021\/05\/Bild2RaoulGomez.jpeg\" class=\"jcepopup noicon\" data-mediabox=\"1\" data-mediabox-title=\"Raoul Gomez, STT Bellinzona\"><img decoding=\"async\" class=\" alignleft size-full wp-image-12495\" src=\"https:\/\/www.swisstabletennis.ch\/wp-content\/uploads\/2021\/05\/Bild2RaoulGomez.jpeg\" alt=\"Raoul Gomez, STT Bellinzona\" width=\"260\" height=\"347\" style=\"margin-right: 20px; margin-bottom: 10px; float: left;\" srcset=\"https:\/\/www.swisstabletennis.ch\/wp-content\/uploads\/2021\/05\/Bild2RaoulGomez.jpeg 1512w, https:\/\/www.swisstabletennis.ch\/wp-content\/uploads\/2021\/05\/Bild2RaoulGomez-600x800.jpeg 600w\" sizes=\"(max-width: 260px) 100vw, 260px\" \/><\/a><\/p>\n<p><strong>Raoul Gomez, pr\u00e9sident du STT Bellinzona : La lutte pour la survie continue&#8230;<\/strong><\/p>\n<p>C&rsquo;est surtout dans la capitale cantonale du Tessin, o\u00f9 le club n&rsquo;en est qu&rsquo;\u00e0 ses d\u00e9buts apr\u00e8s sa renaissance, que la pand\u00e9mie a fait des vagues et a entra\u00een\u00e9 de s\u00e9rieuses difficult\u00e9s pour le d\u00e9veloppement du club. Raoul Gomez (62 ans), responsable du club de Bellinzona et as du tennis de table, explique : \u00ab&nbsp;Pendant quatre mois, nous sommes rest\u00e9s sans salle d&rsquo;entra\u00eenement car nous n&rsquo;avons toujours pas d&rsquo;\u00e9quipe junior de moins de 20 ans. Enfin, depuis la mi-avril, nous avons pu reprendre les entra\u00eenements. Cependant, dans les membres actifs, nous n&rsquo;avons que 3-4 joueurs. En raison de la pand\u00e9mie en cours, certains de nos membres actuels ont chang\u00e9 d&rsquo;orientation sportive et ont \u00ab\u00a0quitt\u00e9 le navire\u00a0\u00bb, du moins pour le moment.&nbsp;\u00bb Une lettre a \u00e9t\u00e9 envoy\u00e9e \u00e0 tous les membres du club en ao\u00fbt dernier. Raoul G. reprend la parole : \u00ab&nbsp;A l&rsquo;\u00e9poque, nous nous \u00e9tions fix\u00e9s comme objectif d&rsquo;avoir deux \u00e9quipes. Aujourd&rsquo;hui, nous devons \u00eatre heureux si nous pouvons au moins constituer une \u00e9quipe qui peut \u00eatre comp\u00e9titive. Personnellement, c&rsquo;est frustrant pour moi !&nbsp;\u00bb<\/p>\n<p>&nbsp;<\/p>\n<p><a href=\"https:\/\/www.swisstabletennis.ch\/wp-content\/uploads\/2021\/05\/Bild3PerlaLangwieserUndLisaDucaVLNR.jpg\" class=\"jcepopup noicon\" data-mediabox=\"1\" data-mediabox-title=\"Perla Langwieser &amp; Lisa Duca, STT Locarno\"><img decoding=\"async\" class=\" alignleft size-full wp-image-12497\" src=\"https:\/\/www.swisstabletennis.ch\/wp-content\/uploads\/2021\/05\/Bild3PerlaLangwieserUndLisaDucaVLNR.jpg\" alt=\"Perla Langwieser &amp; Lisa Duca, STT Locarno\" width=\"520\" height=\"347\" style=\"margin-right: 20px; margin-bottom: 10px; float: left;\" srcset=\"https:\/\/www.swisstabletennis.ch\/wp-content\/uploads\/2021\/05\/Bild3PerlaLangwieserUndLisaDucaVLNR.jpg 2000w, https:\/\/www.swisstabletennis.ch\/wp-content\/uploads\/2021\/05\/Bild3PerlaLangwieserUndLisaDucaVLNR-600x401.jpg 600w\" sizes=\"(max-width: 520px) 100vw, 520px\" \/><\/a><\/p>\n<p><strong>&nbsp;<\/strong><\/p>\n<p><strong>Perla Langwieser, responsable jeunesse du STT Locarno : accent sur la promotion intensive de la jeunesse et nouveau comit\u00e9 en perspective<\/strong><\/p>\n<p>Malgr\u00e9 les difficult\u00e9s des derniers mois, Perla Langwieser (34 ans) n&rsquo;a pas perdu sa grande motivation pour son travail d&rsquo;entra\u00eeneur \u00e0 Locarno, mais aussi \u00e0 Tenero. Dans ses explications, elle revient sur le mois d&rsquo;ao\u00fbt dernier : \u00ab&nbsp;Nous avons repris les deux entra\u00eenements r\u00e9guliers par semaine en ao\u00fbt 2020 avec nos 25 jeunes de Locarno, soit 24 gar\u00e7ons et une fille. Comme il n&rsquo;y avait pas de comp\u00e9titions, nous nous sommes concentr\u00e9s sur l&rsquo;am\u00e9lioration de la technique et sur un entra\u00eenement g\u00e9n\u00e9ralement intensif. De plus, nous essayons d&rsquo;attirer plus de filles vers notre sport attractif au Tessin. Toutefois, cela reste une t\u00e2che hercul\u00e9enne, car dans notre r\u00e9gion, le tennis de table est consid\u00e9r\u00e9 comme un sport masculin.&nbsp;\u00bb<\/p>\n<p>\u00c0 l&rsquo;avenir, Perla ne sera pas seulement charg\u00e9e de la formation. Elle r\u00e9v\u00e8le : \u00ab&nbsp;A la mi-juin 2021, le nouveau comit\u00e9 sera lanc\u00e9. Elisa Langwieser (33 ans) devrait \u00eatre \u00e9lue nouvelle pr\u00e9sidente et je devrais la soutenir au poste de vice-pr\u00e9sidente.&nbsp;\u00bb<\/p>\n<p>&nbsp;<\/p>\n<p>&nbsp;<\/p>\n<p>La deuxi\u00e8me partie de cet article sera publi\u00e9 dans le Sidespin du mois de juin.<\/p>\n<p>&nbsp;<\/p>\n<p>&nbsp;<\/p>\n<p><strong>Autres articles dans cette \u00e9dition:<\/strong><\/p>\n<p><a href=\"https:\/\/www.swisstabletennis.ch\/fr\/10-sidespin\/3086-lna-saison-2020-2021\">LNA Saison 2020-2021<\/a><\/p>\n<p><a href=\"https:\/\/www.swisstabletennis.ch\/fr\/10-sidespin\/3090-ms-sports\">MS Sports: TTC Urdorf<\/a><\/p>\n<p><a href=\"https:\/\/www.swisstabletennis.ch\/fr\/10-sidespin\/3092-cashyou\">Cashyou &amp; STT<\/a><\/p>\n<p><a href=\"https:\/\/www.swisstabletennis.ch\/fr\/news\/news-archive\/126-sport-d-elite\/3095-selektionen-jugend-em-in-kroatien-fr\">S\u00e9lections Championnats d&rsquo;Europe Jeunesse 2021<\/a><\/p>\n<p><a href=\"https:\/\/mcusercontent.com\/804caa17f370e450cbd18df5c\/images\/3beaa82b-551c-027c-0c8c-70581872943b.jpg\">Very Bad Ping: S\u00e9rie noire<\/a><\/p>\n<p><a href=\"https:\/\/www.youtube.com\/watch?v=jvbBLUJG1-w&amp;list=PLIl_mJ3zK7B8lzavydpFuHIEmGqUcLu85&amp;index=15\">Vid\u00e9o du mois: Mauro Sch\u00e4rrer \u00e0&nbsp;Vila Real (Portugal)<\/a><\/p>\n","protected":false},"excerpt":{"rendered":"<p>Cons\u00e9quences de la pand\u00e9mie et rapports des responsables des clubs tessinois (partie 1\/2) Comme on le sait, l\u2019ann\u00e9e derni\u00e8re, la&hellip;<\/p>\n","protected":false},"author":8,"featured_media":12493,"comment_status":"","ping_status":"closed","sticky":false,"template":"","format":"standard","meta":{"_monsterinsights_skip_tracking":false,"_monsterinsights_sitenote_active":false,"_monsterinsights_sitenote_note":"","_monsterinsights_sitenote_category":0,"footnotes":""},"categories":[110],"tags":[],"class_list":["post-12499","post","type-post","status-publish","format-standard","has-post-thumbnail","hentry","category-sidespin"],"_links":{"self":[{"href":"https:\/\/www.swisstabletennis.ch\/fr\/wp-json\/wp\/v2\/posts\/12499","targetHints":{"allow":["GET"]}}],"collection":[{"href":"https:\/\/www.swisstabletennis.ch\/fr\/wp-json\/wp\/v2\/posts"}],"about":[{"href":"https:\/\/www.swisstabletennis.ch\/fr\/wp-json\/wp\/v2\/types\/post"}],"author":[{"embeddable":true,"href":"https:\/\/www.swisstabletennis.ch\/fr\/wp-json\/wp\/v2\/users\/8"}],"replies":[{"embeddable":true,"href":"https:\/\/www.swisstabletennis.ch\/fr\/wp-json\/wp\/v2\/comments?post=12499"}],"version-history":[{"count":0,"href":"https:\/\/www.swisstabletennis.ch\/fr\/wp-json\/wp\/v2\/posts\/12499\/revisions"}],"wp:featuredmedia":[{"embeddable":true,"href":"https:\/\/www.swisstabletennis.ch\/fr\/wp-json\/wp\/v2\/media\/12493"}],"wp:attachment":[{"href":"https:\/\/www.swisstabletennis.ch\/fr\/wp-json\/wp\/v2\/media?parent=12499"}],"wp:term":[{"taxonomy":"category","embeddable":true,"href":"https:\/\/www.swisstabletennis.ch\/fr\/wp-json\/wp\/v2\/categories?post=12499"},{"taxonomy":"post_tag","embeddable":true,"href":"https:\/\/www.swisstabletennis.ch\/fr\/wp-json\/wp\/v2\/tags?post=12499"}],"curies":[{"name":"wp","href":"https:\/\/api.w.org\/{rel}","templated":true}]}}