{"id":13011,"date":"2021-11-29T09:30:00","date_gmt":"2021-11-29T08:30:00","guid":{"rendered":"https:\/\/swisstabletennis.ch\/neu\/29-11-2021\/"},"modified":"2021-11-29T09:30:00","modified_gmt":"2021-11-29T08:30:00","slug":"29-11-2021","status":"publish","type":"post","link":"https:\/\/www.swisstabletennis.ch\/fr\/29-11-2021\/","title":{"rendered":"Corona"},"content":{"rendered":"<p class=\"titel\"><a href=\"https:\/\/www.swisstabletennis.ch\/wp-content\/uploads\/2020\/03\/STT_announcement.PNG\" class=\"jcepopup noicon\" data-mediabox=\"1\" data-mediabox-title=\"STT announcement\"><img fetchpriority=\"high\" decoding=\"async\" class=\" alignleft size-full wp-image-11483\" src=\"https:\/\/www.swisstabletennis.ch\/wp-content\/uploads\/2020\/03\/STT_announcement.PNG\" alt=\"STT announcement\" width=\"520\" height=\"291\" style=\"margin-right: 20px; margin-bottom: 10px; float: left;\" srcset=\"https:\/\/www.swisstabletennis.ch\/wp-content\/uploads\/2020\/03\/STT_announcement.PNG 1735w, https:\/\/www.swisstabletennis.ch\/wp-content\/uploads\/2020\/03\/STT_announcement-600x335.png 600w\" sizes=\"(max-width: 520px) 100vw, 520px\" \/><\/a>Swiss Olympic encourage les f\u00e9d\u00e9rations \u00e0 introduire le port du masque obligatoire pour le public<\/p>\n<p class=\"untertitel\">Appel \u00e0 l&rsquo;introduction du port du masque lors des manifestations sportives pour toutes les personnes pr\u00e9sentes qui ne sont pas elles-m\u00eames actives sportivement.<\/p>\n<p><!--more--><\/p>\n<p>&nbsp;<\/p>\n<p>Texte: Swiss Olympic &amp; STT<\/p>\n<p>&nbsp;<\/p>\n<p>Le nombre de nouvelles infections \u00e0 la COVID-19 est en forte hausse et la vague actuelle de coronavirus menace \u00e9galement les libert\u00e9s dont jouit actuellement le sport suisse. Pour que le sport et l&rsquo;activit\u00e9 physique restent possibles avec le moins de restrictions possibles durant les mois d&rsquo;hiver \u00e0 venir, nous devons toutes et tous contribuer \u00e0 endiguer la pand\u00e9mie en respectant les mesures de protection. <\/p>\n<p>Dans le cadre du Parlement du sport du 26 novembre 2021, Swiss Olympic a donc explicitement demand\u00e9 \u00e0 ses membres d&rsquo;exiger d\u00e8s \u00e0 pr\u00e9sent le port obligatoire du masque pour toutes les personnes pr\u00e9sentes aux comp\u00e9titions et autres manifestations sportives (en particulier pour les sports en salle), \u00e0 l&rsquo;exception des sportives et sportifs participant activement \u00e0 la comp\u00e9tition.<\/p>\n<p>Swiss Table Tennis soutient cette initiative et demande aux clubs et aux organisateurs de suivre cette directive. Ce n&rsquo;est qu&rsquo;ensemble que nous parviendrons \u00e0 pr\u00e9server la libert\u00e9 de pratiquer nos disciplines sportives. <\/p>\n<p>Nous vous remercions pour votre engagement et vous souhaitons le meilleur.<\/p>\n<p>&nbsp;<\/p>\n<p><a href=\"https:\/\/www.swissolympicteam.ch\/fr\/news\/details?pageId=7b67b970-d2c0-420c-815e-41089c83c6f3&amp;entryId=S111070\">Swiss Olympic News<\/a><\/p>\n","protected":false},"excerpt":{"rendered":"<p>Swiss Olympic encourage les f\u00e9d\u00e9rations \u00e0 introduire le port du masque obligatoire pour le public Appel \u00e0 l&rsquo;introduction du port&hellip;<\/p>\n","protected":false},"author":8,"featured_media":11483,"comment_status":"","ping_status":"closed","sticky":false,"template":"","format":"standard","meta":{"_monsterinsights_skip_tracking":false,"_monsterinsights_sitenote_active":false,"_monsterinsights_sitenote_note":"","_monsterinsights_sitenote_category":0,"footnotes":""},"categories":[120],"tags":[],"class_list":["post-13011","post","type-post","status-publish","format-standard","has-post-thumbnail","hentry","category-stt-news-kategorie-fr"],"_links":{"self":[{"href":"https:\/\/www.swisstabletennis.ch\/fr\/wp-json\/wp\/v2\/posts\/13011","targetHints":{"allow":["GET"]}}],"collection":[{"href":"https:\/\/www.swisstabletennis.ch\/fr\/wp-json\/wp\/v2\/posts"}],"about":[{"href":"https:\/\/www.swisstabletennis.ch\/fr\/wp-json\/wp\/v2\/types\/post"}],"author":[{"embeddable":true,"href":"https:\/\/www.swisstabletennis.ch\/fr\/wp-json\/wp\/v2\/users\/8"}],"replies":[{"embeddable":true,"href":"https:\/\/www.swisstabletennis.ch\/fr\/wp-json\/wp\/v2\/comments?post=13011"}],"version-history":[{"count":0,"href":"https:\/\/www.swisstabletennis.ch\/fr\/wp-json\/wp\/v2\/posts\/13011\/revisions"}],"wp:featuredmedia":[{"embeddable":true,"href":"https:\/\/www.swisstabletennis.ch\/fr\/wp-json\/wp\/v2\/media\/11483"}],"wp:attachment":[{"href":"https:\/\/www.swisstabletennis.ch\/fr\/wp-json\/wp\/v2\/media?parent=13011"}],"wp:term":[{"taxonomy":"category","embeddable":true,"href":"https:\/\/www.swisstabletennis.ch\/fr\/wp-json\/wp\/v2\/categories?post=13011"},{"taxonomy":"post_tag","embeddable":true,"href":"https:\/\/www.swisstabletennis.ch\/fr\/wp-json\/wp\/v2\/tags?post=13011"}],"curies":[{"name":"wp","href":"https:\/\/api.w.org\/{rel}","templated":true}]}}