{"id":13057,"date":"2021-12-16T09:25:00","date_gmt":"2021-12-16T08:25:00","guid":{"rendered":"https:\/\/swisstabletennis.ch\/neu\/16-12-21\/"},"modified":"2022-06-24T09:19:07","modified_gmt":"2022-06-24T08:19:07","slug":"16-12-21","status":"publish","type":"post","link":"https:\/\/www.swisstabletennis.ch\/fr\/16-12-21\/","title":{"rendered":"Workshop STT"},"content":{"rendered":"<p class=\"titel\"><a href=\"https:\/\/www.swisstabletennis.ch\/wp-content\/uploads\/2021\/12\/Strukturreform.JPG\" class=\"jcepopup noicon\" data-mediabox=\"1\" data-mediabox-title=\"Workshop r\u00e9forme structurelle\"><img fetchpriority=\"high\" decoding=\"async\" class=\" alignleft size-full wp-image-13051\" src=\"https:\/\/www.swisstabletennis.ch\/wp-content\/uploads\/2021\/12\/Strukturreform.JPG\" alt=\"Workshop r\u00e9forme structurelle\" width=\"520\" height=\"351\" style=\"margin-right: 20px; margin-bottom: 10px; float: left;\" \/><\/a>R\u00e9forme structurelle : \u00e9cho positif des associations r\u00e9gionales<\/p>\n<p class=\"untertitel\">Samedi dernier, les pr\u00e9sidents des AR se sont r\u00e9unis avec le groupe de travail \u00ab\u00a0Structures\u00a0\u00bb \u00e0 Ittigen pour un atelier afin de discuter des propositions pour une nouvelle organisation de l&rsquo;association. Le projet a fait l&rsquo;objet d&rsquo;une discussion critique et d&rsquo;importants apports des r\u00e9gions ont \u00e9t\u00e9 pris en compte. L&rsquo;orientation g\u00e9n\u00e9rale est la bonne : lors d&rsquo;un vote consultatif, sept associations sur huit se sont prononc\u00e9es en faveur de la proposition du groupe de travail.<\/p>\n<p><!--more--><\/p>\n<p>&nbsp;<\/p>\n<p>Texte et photos: Marc Schwitter<\/p>\n<p>&nbsp;<\/p>\n<p>Qualit\u00e9 sup\u00e9rieure, efficacit\u00e9 accrue : les nouvelles structures de la f\u00e9d\u00e9ration doivent faire de STT une f\u00e9d\u00e9ration sportive moderne, bien g\u00e9r\u00e9e et adapt\u00e9e aux besoins. Depuis septembre 2020, le groupe de travail (dont les membres figurent ci-dessous) a consacr\u00e9 plus de 400 heures \u00e0 l&rsquo;\u00e9laboration de possibilit\u00e9s pour une nouvelle r\u00e9partition des comp\u00e9tences et des domaines de responsabilit\u00e9 au sein de la f\u00e9d\u00e9ration. <br \/>Br\u00e8ve r\u00e9trospective : au d\u00e9but, l&rsquo;accent a \u00e9t\u00e9 mis sur une analyse de la situation actuelle et sur une comparaison avec d&rsquo;autres f\u00e9d\u00e9rations sportives. Des propositions de solutions ont \u00e9t\u00e9 discut\u00e9es au sein du groupe et deux approches concr\u00e8tes ont \u00e9t\u00e9 d\u00e9velopp\u00e9es. Le groupe de travail a recueilli l&rsquo;avis de la base dans le cadre d&rsquo;ateliers sur l&rsquo;avenir, auxquels chaque personne int\u00e9ress\u00e9e par le tennis de table a pu participer et apporter sa contribution.<\/p>\n<p><strong>Renforcement de la capacit\u00e9 d&rsquo;action du Comit\u00e9 central (CC)<br \/><\/strong>Samedi, c&rsquo;\u00e9tait au tour des associations r\u00e9gionales de se r\u00e9unir. Apr\u00e8s un mot de bienvenue du pr\u00e9sident Pascal Giroud et une introduction de Fredi von Gunten (Swiss Olympic), avec entre autres les nouveaut\u00e9s d\u00e9cid\u00e9es par le Parlement du sport concernant le statut \u00e9thique, les discussions ont \u00e9t\u00e9 anim\u00e9es en deux groupes. Les comp\u00e9tences et les domaines des associations r\u00e9gionales dans la nouvelle structure ont naturellement suscit\u00e9 un int\u00e9r\u00eat particuli\u00e8rement \u00e9lev\u00e9. <br \/>L&rsquo;un des principes directeurs de la nouvelle structure est le renforcement du nouveau CC, qui doit \u00eatre \u00e9lu par l&rsquo;AD. L&rsquo;association nationale doit ainsi devenir plus efficace et plus op\u00e9rationnelle. Deux nouveaux points le permettent : avec une conf\u00e9rence de direction de l&rsquo;association, les associations r\u00e9gionales obtiennent une plateforme pour la participation strat\u00e9gique ainsi que des comp\u00e9tences budg\u00e9taires. D&rsquo;autre part, le Comit\u00e9 central mettra \u00e0 l&rsquo;avenir l&rsquo;accent sur les comp\u00e9tences techniques et de direction, sur une bonne diversit\u00e9 et sur le travail en \u00e9quipe.<\/p>\n<p><strong>Pas d&rsquo;augmentation du budget<br \/><\/strong>Du point de vue des repr\u00e9sentants des associations r\u00e9gionales, la visibilit\u00e9 des AR devrait rester garantie. La conf\u00e9rence des directeurs d&rsquo;associations devrait avoir lieu au moins deux fois par an et tant la commission des r\u00e8glements sportifs que la commission de gestion devraient \u00eatre renforc\u00e9es. La question de savoir si la nouvelle structure s&rsquo;accompagne d&rsquo;une augmentation du budget a \u00e9galement \u00e9t\u00e9 abord\u00e9e. Le groupe de travail retient que ce ne sera pas le cas, on travaillera avec le budget existant et les gains d&rsquo;efficacit\u00e9 devront \u00eatre utilis\u00e9s pour le d\u00e9veloppement du tennis de table.<\/p>\n<p>&nbsp;<\/p>\n<p><a href=\"https:\/\/www.swisstabletennis.ch\/wp-content\/uploads\/2021\/12\/Strukturreform_2.JPG\" class=\"jcepopup noicon\" data-mediabox=\"1\" data-mediabox-title=\"Workshop r\u00e9forme structurelle\"><img decoding=\"async\" class=\" alignleft size-full wp-image-13053\" src=\"https:\/\/www.swisstabletennis.ch\/wp-content\/uploads\/2021\/12\/Strukturreform_2.JPG\" alt=\"Workshop r\u00e9forme structurelle\" width=\"520\" height=\"390\" style=\"margin-right: 20px; margin-bottom: 10px; float: left;\" \/><\/a><strong>Prochaines \u00e9tapes jusqu&rsquo;\u00e0 l&rsquo;Assembl\u00e9e des d\u00e9l\u00e9gu\u00e9s<br \/><\/strong>Le groupe de travail va maintenant discuter des propositions des repr\u00e9sentants des associations r\u00e9gionales et \u00e9valuer la meilleure fa\u00e7on de les prendre en compte dans le projet. L&rsquo;\u00e9change entre les AR et le groupe de travail ainsi que toutes les personnes int\u00e9ress\u00e9es se poursuivra jusqu&rsquo;au vote lors de l&rsquo;Assembl\u00e9e des d\u00e9l\u00e9gu\u00e9s du 5 mars 2022 \u00e0 Crissier. La personne de contact pour toutes les questions et r\u00e9actions est Urs Sch\u00e4rrer, responsable du groupe de projet \u00ab\u00a0Structures\u00a0\u00bb : e-mail \/ t\u00e9l\u00e9phone <a href=\"mailto:urs.schaerrer@swisstabletennis.ch\">urs.schaerrer@swisstabletennis.ch<\/a>&nbsp;\/ 079 246 37 81.<\/p>\n<p>&nbsp;<\/p>\n<p><a href=\"https:\/\/www.swisstabletennis.ch\/fit-in-die-saison\/\" target=\"_blank\" class=\"wf_file\" rel=\"noopener\"><img decoding=\"async\" width=\"20\" height=\"20\" class=\" size-full wp-image-3202\" src=\"https:\/\/www.swisstabletennis.ch\/wp-content\/uploads\/2012\/12\/pdf.png\" alt=\"pdf\" class=\"wf_file_icon\" style=\"border: 0px; vertical-align: middle; max-width: inherit;\" \/><span class=\"wf_file_text\">La proposition de solution actuelle du groupe de travail \u00ab\u00a0Structures\u00a0\u00bb<\/span><\/a><\/p>\n<p>&nbsp;<\/p>\n<p><strong>Les membres du groupe de travail<br \/><\/strong>Urs Sch\u00e4rrer (chef de projet)<br \/>Markus Steinmann (en tant que repr\u00e9sentant du CC)<br \/>Georg Silberschmidt (en tant que repr\u00e9sentant du DCC)<br \/>Thierry Miller, CTT Rossens (Suisse romande)<br \/>Olivier Schwab, CTT Omega Bienne (Suisse romande)<br \/>Kathrin Volkart, TTC YS Z\u00fcrich (Suisse al\u00e9manique)<br \/>Michel Tschanz, TTC Rio-Star Muttenz (Suisse al\u00e9manique)<br \/>Markus Werner (Directeur STT)<\/p>\n<p>&nbsp;<\/p>\n<p><strong>Accompagnement externe<br \/><\/strong>Conseil : Fredi von Gunten (Swiss Olympic)<br \/>Communication : Marc Schwitter (PING PONG STORY GMBH)<\/p>\n","protected":false},"excerpt":{"rendered":"<p>R\u00e9forme structurelle : \u00e9cho positif des associations r\u00e9gionales Samedi dernier, les pr\u00e9sidents des AR se sont r\u00e9unis avec le groupe&hellip;<\/p>\n","protected":false},"author":8,"featured_media":13051,"comment_status":"closed","ping_status":"closed","sticky":false,"template":"","format":"standard","meta":{"_monsterinsights_skip_tracking":false,"_monsterinsights_sitenote_active":false,"_monsterinsights_sitenote_note":"","_monsterinsights_sitenote_category":0,"footnotes":""},"categories":[120],"tags":[],"class_list":["post-13057","post","type-post","status-publish","format-standard","has-post-thumbnail","hentry","category-stt-news-kategorie-fr"],"_links":{"self":[{"href":"https:\/\/www.swisstabletennis.ch\/fr\/wp-json\/wp\/v2\/posts\/13057","targetHints":{"allow":["GET"]}}],"collection":[{"href":"https:\/\/www.swisstabletennis.ch\/fr\/wp-json\/wp\/v2\/posts"}],"about":[{"href":"https:\/\/www.swisstabletennis.ch\/fr\/wp-json\/wp\/v2\/types\/post"}],"author":[{"embeddable":true,"href":"https:\/\/www.swisstabletennis.ch\/fr\/wp-json\/wp\/v2\/users\/8"}],"replies":[{"embeddable":true,"href":"https:\/\/www.swisstabletennis.ch\/fr\/wp-json\/wp\/v2\/comments?post=13057"}],"version-history":[{"count":0,"href":"https:\/\/www.swisstabletennis.ch\/fr\/wp-json\/wp\/v2\/posts\/13057\/revisions"}],"wp:featuredmedia":[{"embeddable":true,"href":"https:\/\/www.swisstabletennis.ch\/fr\/wp-json\/wp\/v2\/media\/13051"}],"wp:attachment":[{"href":"https:\/\/www.swisstabletennis.ch\/fr\/wp-json\/wp\/v2\/media?parent=13057"}],"wp:term":[{"taxonomy":"category","embeddable":true,"href":"https:\/\/www.swisstabletennis.ch\/fr\/wp-json\/wp\/v2\/categories?post=13057"},{"taxonomy":"post_tag","embeddable":true,"href":"https:\/\/www.swisstabletennis.ch\/fr\/wp-json\/wp\/v2\/tags?post=13057"}],"curies":[{"name":"wp","href":"https:\/\/api.w.org\/{rel}","templated":true}]}}