{"id":13066,"date":"2021-12-17T07:00:00","date_gmt":"2021-12-17T06:00:00","guid":{"rendered":"https:\/\/swisstabletennis.ch\/neu\/direction-stt-gsi\/"},"modified":"2021-12-17T07:00:00","modified_gmt":"2021-12-17T06:00:00","slug":"direction-stt-gsi","status":"publish","type":"post","link":"https:\/\/www.swisstabletennis.ch\/fr\/direction-stt-gsi\/","title":{"rendered":"Direction STT"},"content":{"rendered":"<p><a href=\"https:\/\/www.swisstabletennis.ch\/wp-content\/uploads\/2021\/12\/Georg_3.JPG\" class=\"jcepopup noicon\" data-mediabox=\"1\" data-mediabox-title=\"Georg Silberschmidt\"><img fetchpriority=\"high\" decoding=\"async\" class=\" alignleft size-full wp-image-13063\" src=\"https:\/\/www.swisstabletennis.ch\/wp-content\/uploads\/2021\/12\/Georg_3.JPG\" alt=\"Georg Silberschmidt\" width=\"520\" height=\"293\" style=\"margin-right: 20px; margin-bottom: 10px; float: left;\" \/><\/a><span class=\"titel\">Georg Silberschmidt devient directeur de STT<\/span><\/p>\n<p><!--more--><\/p>\n<p>&nbsp;&nbsp;&nbsp;<\/p>\n<p>Suite au fait que le directeur d\u00e9sign\u00e9 Cosimo Lupi n&rsquo;ait pas pu prendre ses fonctions \u00e0 l&rsquo;automne, le processus de recrutement est d\u00e9sormais termin\u00e9. Georg Silberschmidt, membre engag\u00e9 du comit\u00e9 central depuis des ann\u00e9es et qui a largement contribu\u00e9 au d\u00e9veloppement positif du sport de comp\u00e9tition pendant plus d&rsquo;une d\u00e9cennie, reprendra la direction de STT au 1er janvier 2022.<\/p>\n<p>Silberschmidt, qui a occup\u00e9 diff\u00e9rentes fonctions dans le tennis de table tout au long de sa vie professionnelle, aussi bien \u00e0 titre professionnel que b\u00e9n\u00e9vole, est une aubaine absolue pour STT. Ce professeur de sport de formation a commenc\u00e9 sa carri\u00e8re de pongiste en tant qu&rsquo;entra\u00eeneur national \u00e0 plein temps de la F\u00e9d\u00e9ration bavaroise de tennis de table, puis a \u00e9t\u00e9 nomm\u00e9 entra\u00eeneur national de Suisse de 1987 \u00e0 1989. La nomination qui s&rsquo;en est suivie en tant que directeur du sport de comp\u00e9tition de la F\u00e9d\u00e9ration allemande de tennis de table a \u00e9t\u00e9 une grande reconnaissance de notre grand voisin pongiste. Apr\u00e8s cette premi\u00e8re phase de sa carri\u00e8re professionnelle dans le sport de comp\u00e9tition, il a \u00e9t\u00e9 nomm\u00e9 chef de branche Jeunesse et Sport du tennis de table \u00e0 l&rsquo;Office f\u00e9d\u00e9ral du sport, une fonction qu&rsquo;il a occup\u00e9e jusqu&rsquo;en 2019. Depuis 2005, Silberschmidt est membre du comit\u00e9 central et, \u00e0 ce titre, responsable du sport de comp\u00e9tition. Il quittera cette fonction \u00e0 la fin de l&rsquo;ann\u00e9e 2021 pour devenir directeur de Swiss Table Tennis \u00e0 50% \u00e0 partir du 1er janvier 2022.<\/p>\n<p>&nbsp;<\/p>\n","protected":false},"excerpt":{"rendered":"<p>Georg Silberschmidt devient directeur de STT<\/p>\n","protected":false},"author":8,"featured_media":13063,"comment_status":"","ping_status":"closed","sticky":false,"template":"","format":"standard","meta":{"_monsterinsights_skip_tracking":false,"_monsterinsights_sitenote_active":false,"_monsterinsights_sitenote_note":"","_monsterinsights_sitenote_category":0,"footnotes":""},"categories":[120],"tags":[],"class_list":["post-13066","post","type-post","status-publish","format-standard","has-post-thumbnail","hentry","category-stt-news-kategorie-fr"],"_links":{"self":[{"href":"https:\/\/www.swisstabletennis.ch\/fr\/wp-json\/wp\/v2\/posts\/13066","targetHints":{"allow":["GET"]}}],"collection":[{"href":"https:\/\/www.swisstabletennis.ch\/fr\/wp-json\/wp\/v2\/posts"}],"about":[{"href":"https:\/\/www.swisstabletennis.ch\/fr\/wp-json\/wp\/v2\/types\/post"}],"author":[{"embeddable":true,"href":"https:\/\/www.swisstabletennis.ch\/fr\/wp-json\/wp\/v2\/users\/8"}],"replies":[{"embeddable":true,"href":"https:\/\/www.swisstabletennis.ch\/fr\/wp-json\/wp\/v2\/comments?post=13066"}],"version-history":[{"count":0,"href":"https:\/\/www.swisstabletennis.ch\/fr\/wp-json\/wp\/v2\/posts\/13066\/revisions"}],"wp:featuredmedia":[{"embeddable":true,"href":"https:\/\/www.swisstabletennis.ch\/fr\/wp-json\/wp\/v2\/media\/13063"}],"wp:attachment":[{"href":"https:\/\/www.swisstabletennis.ch\/fr\/wp-json\/wp\/v2\/media?parent=13066"}],"wp:term":[{"taxonomy":"category","embeddable":true,"href":"https:\/\/www.swisstabletennis.ch\/fr\/wp-json\/wp\/v2\/categories?post=13066"},{"taxonomy":"post_tag","embeddable":true,"href":"https:\/\/www.swisstabletennis.ch\/fr\/wp-json\/wp\/v2\/tags?post=13066"}],"curies":[{"name":"wp","href":"https:\/\/api.w.org\/{rel}","templated":true}]}}