{"id":13233,"date":"2022-02-16T16:35:00","date_gmt":"2022-02-16T15:35:00","guid":{"rendered":"https:\/\/swisstabletennis.ch\/neu\/16-02-2022\/"},"modified":"2022-02-16T16:35:00","modified_gmt":"2022-02-16T15:35:00","slug":"16-02-2022","status":"publish","type":"post","link":"https:\/\/www.swisstabletennis.ch\/fr\/16-02-2022\/","title":{"rendered":"Corona"},"content":{"rendered":"<p class=\"titel\"><a href=\"https:\/\/www.swisstabletennis.ch\/wp-content\/uploads\/2020\/03\/STT_announcement.PNG\" class=\"jcepopup noicon\" data-mediabox=\"1\" data-mediabox-title=\"STT announcement\"><img fetchpriority=\"high\" decoding=\"async\" class=\" alignleft size-full wp-image-11483\" src=\"https:\/\/www.swisstabletennis.ch\/wp-content\/uploads\/2020\/03\/STT_announcement.PNG\" alt=\"STT announcement\" width=\"520\" height=\"291\" style=\"margin-right: 20px; margin-bottom: 10px; float: left;\" srcset=\"https:\/\/www.swisstabletennis.ch\/wp-content\/uploads\/2020\/03\/STT_announcement.PNG 1735w, https:\/\/www.swisstabletennis.ch\/wp-content\/uploads\/2020\/03\/STT_announcement-600x335.png 600w\" sizes=\"(max-width: 520px) 100vw, 520px\" \/><\/a>Le Conseil f\u00e9d\u00e9ral annule le certificat Covid en Suisse<\/p>\n<p class=\"untertitel\">La s\u00e9ance du Conseil f\u00e9d\u00e9ral d&rsquo;aujourd&rsquo;hui \u00e9tait tr\u00e8s attendue. D\u00e8s demain, presque toutes les mesures de lutte contre le coronavirus seront annul\u00e9es. Le certificat Covid, notamment, ne sera plus obligatoire.<\/p>\n<p><!--more--><\/p>\n<p>&nbsp;<\/p>\n<p>Ce n&rsquo;est pas la fin de la pand\u00e9mie, mais la Suisse revient \u00e0 une quasi normalit\u00e9. Voici les d\u00e9cisions importantes prises aujourd&rsquo;hui par le Conseil F\u00e9d\u00e9ral:<\/p>\n<ul>\n<li>L&rsquo;acc\u00e8s aux magasins, aux restaurants, aux \u00e9tablissements culturels, aux \u00e9tablissements ouverts au public et aux manifestations est \u00e0 nouveau possible sans masque ni certificat Covid (fin des r\u00e8gles dites des 3G, 2G et 2G+)<\/li>\n<li>Le certificat Covid n&rsquo;est plus n\u00e9cessaire en Suisse<\/li>\n<li>Le certificat Covid demeure utile pour les voyages<\/li>\n<li>Seuls l&rsquo;obligation de porter un masque dans les transports publics et les \u00e9tablissements de sant\u00e9 ainsi que l&rsquo;isolement en cas de test positif sont maintenus jusqu&rsquo;\u00e0 fin mars<\/li>\n<\/ul>\n<p>&nbsp;<\/p>\n<p>Le masque peut continuer \u00e0 \u00eatre port\u00e9 volontairement, notamment pour les personnes appartenant \u00e0 des groupes \u00e0 risque.<\/p>\n<p>&nbsp;<\/p>\n<p>Pour le <strong>tennis de table<\/strong>, voici ce que cela signifie:<\/p>\n<ul>\n<li><strong>Le certificat Covid n&rsquo;est plus n\u00e9cessaire pour les entra\u00eenements ou les comp\u00e9titions<\/strong><\/li>\n<\/ul>\n<p>&nbsp;<\/p>\n<p>Swiss Table Tennis se r\u00e9jouit de pouvoir reprendre toutes les comp\u00e9titions de tennis de table dans une situation normale et sans mesures contraignantes pour les athl\u00e8tes, coachs, spectateurs et organisateurs.<\/p>\n","protected":false},"excerpt":{"rendered":"<p>Le Conseil f\u00e9d\u00e9ral annule le certificat Covid en Suisse La s\u00e9ance du Conseil f\u00e9d\u00e9ral d&rsquo;aujourd&rsquo;hui \u00e9tait tr\u00e8s attendue. D\u00e8s demain,&hellip;<\/p>\n","protected":false},"author":8,"featured_media":11483,"comment_status":"","ping_status":"closed","sticky":false,"template":"","format":"standard","meta":{"_monsterinsights_skip_tracking":false,"_monsterinsights_sitenote_active":false,"_monsterinsights_sitenote_note":"","_monsterinsights_sitenote_category":0,"footnotes":""},"categories":[120],"tags":[],"class_list":["post-13233","post","type-post","status-publish","format-standard","has-post-thumbnail","hentry","category-stt-news-kategorie-fr"],"_links":{"self":[{"href":"https:\/\/www.swisstabletennis.ch\/fr\/wp-json\/wp\/v2\/posts\/13233","targetHints":{"allow":["GET"]}}],"collection":[{"href":"https:\/\/www.swisstabletennis.ch\/fr\/wp-json\/wp\/v2\/posts"}],"about":[{"href":"https:\/\/www.swisstabletennis.ch\/fr\/wp-json\/wp\/v2\/types\/post"}],"author":[{"embeddable":true,"href":"https:\/\/www.swisstabletennis.ch\/fr\/wp-json\/wp\/v2\/users\/8"}],"replies":[{"embeddable":true,"href":"https:\/\/www.swisstabletennis.ch\/fr\/wp-json\/wp\/v2\/comments?post=13233"}],"version-history":[{"count":0,"href":"https:\/\/www.swisstabletennis.ch\/fr\/wp-json\/wp\/v2\/posts\/13233\/revisions"}],"wp:featuredmedia":[{"embeddable":true,"href":"https:\/\/www.swisstabletennis.ch\/fr\/wp-json\/wp\/v2\/media\/11483"}],"wp:attachment":[{"href":"https:\/\/www.swisstabletennis.ch\/fr\/wp-json\/wp\/v2\/media?parent=13233"}],"wp:term":[{"taxonomy":"category","embeddable":true,"href":"https:\/\/www.swisstabletennis.ch\/fr\/wp-json\/wp\/v2\/categories?post=13233"},{"taxonomy":"post_tag","embeddable":true,"href":"https:\/\/www.swisstabletennis.ch\/fr\/wp-json\/wp\/v2\/tags?post=13233"}],"curies":[{"name":"wp","href":"https:\/\/api.w.org\/{rel}","templated":true}]}}