{"id":13251,"date":"2022-02-23T13:15:00","date_gmt":"2022-02-23T12:15:00","guid":{"rendered":"https:\/\/swisstabletennis.ch\/neu\/mot-du-president-23-02-22\/"},"modified":"2022-02-23T13:15:00","modified_gmt":"2022-02-23T12:15:00","slug":"mot-du-president-23-02-22","status":"publish","type":"post","link":"https:\/\/www.swisstabletennis.ch\/fr\/mot-du-president-23-02-22\/","title":{"rendered":"Mot du Pr\u00e9sident"},"content":{"rendered":"<p class=\"titel\"><a href=\"https:\/\/www.swisstabletennis.ch\/wp-content\/uploads\/2022\/02\/Giroud_Top8_2022.jpg\" class=\"jcepopup noicon\" data-mediabox=\"1\" data-mediabox-title=\"Pascal Giroud (au centre) lors du Top 8 jeunesse 2022 \u00e0 Ch\u00e2telaine\"><img fetchpriority=\"high\" decoding=\"async\" class=\" alignleft size-full wp-image-13249\" src=\"https:\/\/www.swisstabletennis.ch\/wp-content\/uploads\/2022\/02\/Giroud_Top8_2022.jpg\" alt=\"Pascal Giroud (au centre) lors du Top 8 jeunesse 2022 \u00e0 Ch\u00e2telaine\" width=\"520\" height=\"347\" style=\"margin-right: 20px; margin-bottom: 10px; float: left;\" srcset=\"https:\/\/www.swisstabletennis.ch\/wp-content\/uploads\/2022\/02\/Giroud_Top8_2022.jpg 2048w, https:\/\/www.swisstabletennis.ch\/wp-content\/uploads\/2022\/02\/Giroud_Top8_2022-600x400.jpg 600w\" sizes=\"(max-width: 520px) 100vw, 520px\" \/><\/a>Le Pr\u00e9sident STT se r\u00e9jouit des d\u00e9cisions du Conseil F\u00e9d\u00e9ral<\/p>\n<p class=\"untertitel\">\u00ab\u00a0Nous allons enfin pouvoir retrouver une vie plus saine, lib\u00e9r\u00e9s de tous ces soucis, retrouver un meilleur moral, nos familles, nos amis et notre sport favori.\u00a0\u00bb Pascal Giroud<\/p>\n<p><!--more--><\/p>\n<p>&nbsp;<\/p>\n<p>Ch\u00e8res et chers pongistes,<\/p>\n<p>&nbsp;<\/p>\n<p>Apr\u00e8s deux ans d\u2019incertitude due au covid, de diverses contraintes, de rebondissements (oui \u2013 non etc..) enfin le CF a pris la juste d\u00e9cision tant attendue par toutes et tous, le 16 f\u00e9vrier, d\u2019enfin enlever la majorit\u00e9 des mesures sanitaires d\u00e8s ce jeudi 17 f\u00e9vrier<\/p>\n<p>&nbsp;<\/p>\n<p>Nous allons enfin pouvoir retrouver une vie plus saine, lib\u00e9r\u00e9s de tous ces soucis, retrouver un meilleur moral, nos familles,<\/p>\n<p>nos amis et notre sport favori<\/p>\n<p>&nbsp;<\/p>\n<p>Je tiens \u00e0 vous remercier infiniment pour votre gentillesse, votre patience et votre compr\u00e9hension tout du long. Les d\u00e9cisions prise par le DCC n\u2019ont h\u00e9las pas toujours \u00e9t\u00e9 agr\u00e9ables, mais vous avez su faire abstraction de tout cela dans un esprit sportif exemplaire<\/p>\n<p>&nbsp;<\/p>\n<p>Je vous souhaite \u00e0 tout le monde de bien reprendre la saison et de profiter pleinement de ces moments de joie et de bonheur, autant avec vos proches, qu\u2019autour de la table, sans aucune retenue<\/p>\n<p>&nbsp;<\/p>\n<p>Avec mes meilleures salutations sportives<\/p>\n<p>&nbsp;<\/p>\n<p>Pascal Giroud<strong><br \/> <\/strong>Pr\u00e9sident STT<\/p>\n<p>&nbsp;<\/p>\n<p><a href=\"https:\/\/www.swisstabletennis.ch\/wp-content\/uploads\/2012\/12\/Pascal_Giroud.jpg\" class=\"jcepopup noicon\" data-mediabox=\"1\" data-mediabox-title=\"Pascal Giroud\"><img decoding=\"async\" class=\" alignleft size-full wp-image-3540\" src=\"https:\/\/www.swisstabletennis.ch\/wp-content\/uploads\/2012\/12\/Pascal_Giroud.jpg\" alt=\"Pascal Giroud\" width=\"260\" height=\"347\" style=\"margin-right: 20px; margin-bottom: 10px; float: left;\" \/><\/a><\/p>\n","protected":false},"excerpt":{"rendered":"<p>Le Pr\u00e9sident STT se r\u00e9jouit des d\u00e9cisions du Conseil F\u00e9d\u00e9ral \u00ab\u00a0Nous allons enfin pouvoir retrouver une vie plus saine, lib\u00e9r\u00e9s&hellip;<\/p>\n","protected":false},"author":8,"featured_media":13249,"comment_status":"","ping_status":"closed","sticky":false,"template":"","format":"standard","meta":{"_monsterinsights_skip_tracking":false,"_monsterinsights_sitenote_active":false,"_monsterinsights_sitenote_note":"","_monsterinsights_sitenote_category":0,"footnotes":""},"categories":[120],"tags":[],"class_list":["post-13251","post","type-post","status-publish","format-standard","has-post-thumbnail","hentry","category-stt-news-kategorie-fr"],"_links":{"self":[{"href":"https:\/\/www.swisstabletennis.ch\/fr\/wp-json\/wp\/v2\/posts\/13251","targetHints":{"allow":["GET"]}}],"collection":[{"href":"https:\/\/www.swisstabletennis.ch\/fr\/wp-json\/wp\/v2\/posts"}],"about":[{"href":"https:\/\/www.swisstabletennis.ch\/fr\/wp-json\/wp\/v2\/types\/post"}],"author":[{"embeddable":true,"href":"https:\/\/www.swisstabletennis.ch\/fr\/wp-json\/wp\/v2\/users\/8"}],"replies":[{"embeddable":true,"href":"https:\/\/www.swisstabletennis.ch\/fr\/wp-json\/wp\/v2\/comments?post=13251"}],"version-history":[{"count":0,"href":"https:\/\/www.swisstabletennis.ch\/fr\/wp-json\/wp\/v2\/posts\/13251\/revisions"}],"wp:featuredmedia":[{"embeddable":true,"href":"https:\/\/www.swisstabletennis.ch\/fr\/wp-json\/wp\/v2\/media\/13249"}],"wp:attachment":[{"href":"https:\/\/www.swisstabletennis.ch\/fr\/wp-json\/wp\/v2\/media?parent=13251"}],"wp:term":[{"taxonomy":"category","embeddable":true,"href":"https:\/\/www.swisstabletennis.ch\/fr\/wp-json\/wp\/v2\/categories?post=13251"},{"taxonomy":"post_tag","embeddable":true,"href":"https:\/\/www.swisstabletennis.ch\/fr\/wp-json\/wp\/v2\/tags?post=13251"}],"curies":[{"name":"wp","href":"https:\/\/api.w.org\/{rel}","templated":true}]}}