{"id":13334,"date":"2022-04-13T06:00:00","date_gmt":"2022-04-13T05:00:00","guid":{"rendered":"https:\/\/swisstabletennis.ch\/neu\/wanted-4\/"},"modified":"2022-04-13T06:00:00","modified_gmt":"2022-04-13T05:00:00","slug":"wanted-4","status":"publish","type":"post","link":"https:\/\/www.swisstabletennis.ch\/fr\/wanted-4\/","title":{"rendered":"Wanted: Responsable marketing\/communication\/m\u00e9dias et sport de masse 80-100%"},"content":{"rendered":"<p class=\"titel\"><a href=\"https:\/\/www.swisstabletennis.ch\/wp-content\/uploads\/2022\/04\/Join_our_Team.png\" class=\"jcepopup noicon\" data-mediabox=\"1\" data-mediabox-title=\"Join our Team\" data-mediabox-src=\"https:\/\/www.swisstabletennis.ch\/wp-content\/uploads\/2022\/04\/Join_our_Team.png\"><img fetchpriority=\"high\" decoding=\"async\" class=\" alignleft size-full wp-image-1383 alignleft size-full wp-image-1383\" src=\"https:\/\/www.swisstabletennis.ch\/wp-content\/uploads\/2022\/04\/Join_our_Team.png\" alt=\"Join our Team\" width=\"520\" height=\"334\" style=\"margin-right: 20px; margin-bottom: 10px; float: left;\" srcset=\"https:\/\/www.swisstabletennis.ch\/wp-content\/uploads\/2022\/04\/Join_our_Team.png 1112w, https:\/\/www.swisstabletennis.ch\/wp-content\/uploads\/2022\/04\/Join_our_Team-600x385.png 600w, https:\/\/www.swisstabletennis.ch\/wp-content\/uploads\/2022\/04\/Join_our_Team-300x193.png 300w, https:\/\/www.swisstabletennis.ch\/wp-content\/uploads\/2022\/04\/Join_our_Team-1024x657.png 1024w, https:\/\/www.swisstabletennis.ch\/wp-content\/uploads\/2022\/04\/Join_our_Team-768x493.png 768w, https:\/\/www.swisstabletennis.ch\/wp-content\/uploads\/2022\/04\/Join_our_Team-500x321.png 500w, https:\/\/www.swisstabletennis.ch\/wp-content\/uploads\/2022\/04\/Join_our_Team-400x257.png 400w, https:\/\/www.swisstabletennis.ch\/wp-content\/uploads\/2022\/04\/Join_our_Team-32x21.png 32w, https:\/\/www.swisstabletennis.ch\/wp-content\/uploads\/2022\/04\/Join_our_Team-370x238.png 370w, https:\/\/www.swisstabletennis.ch\/wp-content\/uploads\/2022\/04\/Join_our_Team-818x525.png 818w, https:\/\/www.swisstabletennis.ch\/wp-content\/uploads\/2022\/04\/Join_our_Team-406x261.png 406w\" sizes=\"(max-width: 520px) 100vw, 520px\" \/><\/a>Wanted: Responsable marketing\/communication\/m\u00e9dias et sport de masse 80-100%<\/p>\n<p><!--more--><\/p>\n<p>&nbsp;&nbsp;&nbsp;<\/p>\n<p>Pour notre \u00e9quipe du secr\u00e9tariat g\u00e9n\u00e9ral \u00e0 la Maison du Sport \u00e0 Ittigen pr\u00e8s de Berne, nous cherchons un\/une <strong>Responsable marketing\/communication\/m\u00e9dias et sport de masse 80-100%<\/strong>. (les deux domaines peuvent \u00e9galement \u00eatre r\u00e9partis sur deux postes).<\/p>\n<p>&nbsp;<\/p>\n<p><a href=\"https:\/\/www.swisstabletennis.ch\/wp-content\/uploads\/2022\/04\/Swiss_Table_Tennis_Marketing_Kommunikation_Breitensport_f.pdf\" target=\"_blank\" class=\"wf_file\" rel=\"noopener\"><img decoding=\"async\" width=\"20\" height=\"20\" class=\" size-full wp-image-3202\" src=\"https:\/\/www.swisstabletennis.ch\/wp-content\/uploads\/2012\/12\/pdf.png\" alt=\"pdf\" class=\"wf_file_icon\" style=\"border: 0px; vertical-align: middle; max-width: inherit;\" \/><span class=\"wf_file_text\">Vous trouverez ici de plus amples informations sur le poste annonc\u00e9.<\/span><\/a><\/p>\n","protected":false},"excerpt":{"rendered":"<p>Wanted: Responsable marketing\/communication\/m\u00e9dias et sport de masse 80-100%<\/p>\n","protected":false},"author":4,"featured_media":1383,"comment_status":"","ping_status":"closed","sticky":false,"template":"","format":"standard","meta":{"_monsterinsights_skip_tracking":false,"_monsterinsights_sitenote_active":false,"_monsterinsights_sitenote_note":"","_monsterinsights_sitenote_category":0,"footnotes":""},"categories":[120],"tags":[],"class_list":["post-13334","post","type-post","status-publish","format-standard","has-post-thumbnail","hentry","category-stt-news-kategorie-fr"],"_links":{"self":[{"href":"https:\/\/www.swisstabletennis.ch\/fr\/wp-json\/wp\/v2\/posts\/13334","targetHints":{"allow":["GET"]}}],"collection":[{"href":"https:\/\/www.swisstabletennis.ch\/fr\/wp-json\/wp\/v2\/posts"}],"about":[{"href":"https:\/\/www.swisstabletennis.ch\/fr\/wp-json\/wp\/v2\/types\/post"}],"author":[{"embeddable":true,"href":"https:\/\/www.swisstabletennis.ch\/fr\/wp-json\/wp\/v2\/users\/4"}],"replies":[{"embeddable":true,"href":"https:\/\/www.swisstabletennis.ch\/fr\/wp-json\/wp\/v2\/comments?post=13334"}],"version-history":[{"count":0,"href":"https:\/\/www.swisstabletennis.ch\/fr\/wp-json\/wp\/v2\/posts\/13334\/revisions"}],"wp:featuredmedia":[{"embeddable":true,"href":"https:\/\/www.swisstabletennis.ch\/fr\/wp-json\/wp\/v2\/media\/1383"}],"wp:attachment":[{"href":"https:\/\/www.swisstabletennis.ch\/fr\/wp-json\/wp\/v2\/media?parent=13334"}],"wp:term":[{"taxonomy":"category","embeddable":true,"href":"https:\/\/www.swisstabletennis.ch\/fr\/wp-json\/wp\/v2\/categories?post=13334"},{"taxonomy":"post_tag","embeddable":true,"href":"https:\/\/www.swisstabletennis.ch\/fr\/wp-json\/wp\/v2\/tags?post=13334"}],"curies":[{"name":"wp","href":"https:\/\/api.w.org\/{rel}","templated":true}]}}