{"id":16115,"date":"2022-08-22T11:35:45","date_gmt":"2022-08-22T10:35:45","guid":{"rendered":"https:\/\/swisstabletennis.ch\/neu\/?p=16115"},"modified":"2022-08-30T13:07:03","modified_gmt":"2022-08-30T12:07:03","slug":"monica-midali-devient-directrice-de-stt","status":"publish","type":"post","link":"https:\/\/www.swisstabletennis.ch\/fr\/monica-midali-devient-directrice-de-stt\/","title":{"rendered":"Monica Midali devient directrice de STT"},"content":{"rendered":"<p>Elle succ\u00e8de \u00e0 Georg Silberschmidt et h\u00e9rite de ses fonctions depuis juillet 2022.<\/p>\n<p>\u00ab\u00a0Si je m&rsquo;arr\u00eate un instant pour r\u00e9fl\u00e9chir, je n&rsquo;arrive pas \u00e0 croire que plus d&rsquo;un mois s&rsquo;est d\u00e9j\u00e0 \u00e9coul\u00e9. Depuis juillet, j&rsquo;ai repris la direction du bureau.<\/p>\n<p>C&rsquo;est certainement compliqu\u00e9 d&rsquo;assumer l&rsquo;h\u00e9ritage de quelqu&rsquo;un comme Georg. Depuis qu&rsquo;il a pris le poste de directeur en janvier, il a tout de suite insuffl\u00e9 une \u00e9nergie positive au bureau et restaur\u00e9 la motivation qui avait quelque peu fait d\u00e9faut au cours des mois pr\u00e9c\u00e9dents.<\/p>\n<p>Ces derniers mois, alors que nous avions laiss\u00e9 Covid-19 derri\u00e8re nous, nous avons recommenc\u00e9 \u00e0 parler de sport. Tournois internationaux, \u00e9v\u00e9nements locaux, m\u00e9dailles, arbitres, cours&#8230;<\/p>\n<p>Outre ce fait et le d\u00e9part de Luca, les derni\u00e8res \u00e9tapes de la r\u00e9forme structurelle ont \u00e9t\u00e9 lanc\u00e9es au printemps et seront achev\u00e9es dans quelques semaines avec les nouvelles nominations.<\/p>\n<p>Voici ce que j&rsquo;ai sur mon bureau depuis le premier juillet. Tant de projets et tant d&rsquo;envie de les r\u00e9aliser au mieux de mes capacit\u00e9s.<\/p>\n<p>Apr\u00e8s une premi\u00e8re phase de collecte d&rsquo;informations et d&rsquo;\u00e9coute, j&rsquo;\u00e9tablis gr\u00e2ce \u00e0 la priorisation d\u00e9cid\u00e9e avec le comit\u00e9 central le programme pour les deux prochaines ann\u00e9es, jusqu&rsquo;\u00e0 la fin de la strat\u00e9gie actuelle (2024). Cette p\u00e9riode co\u00efncide \u00e9galement avec les projets li\u00e9s \u00e0 la revitalisation selon Covid-19, pour lesquels la Conf\u00e9d\u00e9ration a d\u00e9bloqu\u00e9 des fonds.<\/p>\n<p>Je remercie le comit\u00e9 central pour la confiance qu&rsquo;il m&rsquo;a accord\u00e9e et j&rsquo;esp\u00e8re avoir de nombreux \u00e9changes avec vous tous.\u00a0\u00bb<\/p>\n","protected":false},"excerpt":{"rendered":"<p>Elle succ\u00e8de \u00e0 Georg Silberschmidt et h\u00e9rite de ses fonctions depuis juillet 2022. \u00ab\u00a0Si je m&rsquo;arr\u00eate un instant pour r\u00e9fl\u00e9chir,&hellip;<\/p>\n","protected":false},"author":8,"featured_media":2432,"comment_status":"closed","ping_status":"closed","sticky":false,"template":"","format":"standard","meta":{"_monsterinsights_skip_tracking":false,"_monsterinsights_sitenote_active":false,"_monsterinsights_sitenote_note":"","_monsterinsights_sitenote_category":0,"footnotes":""},"categories":[120],"tags":[],"class_list":["post-16115","post","type-post","status-publish","format-standard","has-post-thumbnail","hentry","category-stt-news-kategorie-fr"],"_links":{"self":[{"href":"https:\/\/www.swisstabletennis.ch\/fr\/wp-json\/wp\/v2\/posts\/16115","targetHints":{"allow":["GET"]}}],"collection":[{"href":"https:\/\/www.swisstabletennis.ch\/fr\/wp-json\/wp\/v2\/posts"}],"about":[{"href":"https:\/\/www.swisstabletennis.ch\/fr\/wp-json\/wp\/v2\/types\/post"}],"author":[{"embeddable":true,"href":"https:\/\/www.swisstabletennis.ch\/fr\/wp-json\/wp\/v2\/users\/8"}],"replies":[{"embeddable":true,"href":"https:\/\/www.swisstabletennis.ch\/fr\/wp-json\/wp\/v2\/comments?post=16115"}],"version-history":[{"count":0,"href":"https:\/\/www.swisstabletennis.ch\/fr\/wp-json\/wp\/v2\/posts\/16115\/revisions"}],"wp:featuredmedia":[{"embeddable":true,"href":"https:\/\/www.swisstabletennis.ch\/fr\/wp-json\/wp\/v2\/media\/2432"}],"wp:attachment":[{"href":"https:\/\/www.swisstabletennis.ch\/fr\/wp-json\/wp\/v2\/media?parent=16115"}],"wp:term":[{"taxonomy":"category","embeddable":true,"href":"https:\/\/www.swisstabletennis.ch\/fr\/wp-json\/wp\/v2\/categories?post=16115"},{"taxonomy":"post_tag","embeddable":true,"href":"https:\/\/www.swisstabletennis.ch\/fr\/wp-json\/wp\/v2\/tags?post=16115"}],"curies":[{"name":"wp","href":"https:\/\/api.w.org\/{rel}","templated":true}]}}