{"id":16175,"date":"2022-08-29T10:45:34","date_gmt":"2022-08-29T09:45:34","guid":{"rendered":"https:\/\/swisstabletennis.ch\/neu\/?p=16175"},"modified":"2022-08-31T10:47:25","modified_gmt":"2022-08-31T09:47:25","slug":"interview-avec-lionel-weber","status":"publish","type":"post","link":"https:\/\/www.swisstabletennis.ch\/fr\/interview-avec-lionel-weber\/","title":{"rendered":"Interview avec Lionel Weber"},"content":{"rendered":"<h6>Sidespin est parti \u00e0 la rencontre de Lionel Weber, quintuple champion national. Apr\u00e8s son op\u00e9ration de la hanche en juillet 2022 et de sa retraite de l&rsquo;\u00e9quipe nationale, Lionel Weber explique ce qu&rsquo;il pense de son avenir sur la sc\u00e8ne du tennis de table.<\/h6>\n<p>&nbsp;<\/p>\n<p>Texte : Raouf Morsi \/ Image : Ren\u00e9 Zwald<\/p>\n<p>&nbsp;<\/p>\n<p><strong>Salut Lionel\u00a0! Comment te sens-tu apr\u00e8s ton op\u00e9ration\u00a0? Est-ce que tu peux reprendre les entra\u00eenements\u00a0?<\/strong><\/p>\n<p>Je ressens toujours quelques douleurs et il se peut que je me fasse op\u00e9rer de la deuxi\u00e8me hanche. Je ne peux pas faire de sport depuis janvier 2021 et cela n\u2019est pas pr\u00e8s de changer.<\/p>\n<p>Je compense mon manque de sport par une th\u00e9rapie (v\u00e9lo), mais il est clair que cela n&rsquo;est pas comparable \u00e0 un entra\u00eenement en club. Je fais r\u00e9guli\u00e8rement des check-up chez un sp\u00e9cialiste pour voir dans quelle direction la situation \u00e9volue, mais m\u00eame du c\u00f4t\u00e9 du sp\u00e9cialiste, c&rsquo;est encore un peu flou.<\/p>\n<p>&nbsp;<\/p>\n<p><strong>Je vois que cela met un sacr\u00e9 frein \u00e0 ta carri\u00e8re sportive, comment est-ce que tu appr\u00e9hendes cette situation\u00a0?<\/strong><\/p>\n<p>Bien s\u00fbr que cela me fait peur de prendre du retard \u00e0 cause de ma blessure, mais dans une telle situation, je sais que je suis impuissant et je ne peux qu&rsquo;esp\u00e9rer que cela s&rsquo;am\u00e9liore avec le temps. Pour l&rsquo;instant, mon objectif est de rester en bonne condition physique afin que, d\u00e8s que cette situation sera pass\u00e9e, je puisse reprendre le sport sans trop de difficult\u00e9s. Il faut garder la t\u00eate froide dans ces moments-l\u00e0, car si je me poussais, cela pourrait aggraver ma blessure et retarder ma reprise.<\/p>\n<p><strong>Tu n\u2019es pas le seul joueur de ton club en situation d\u2019handicap, comment cela affecte Rio-Star\u00a0?<\/strong><\/p>\n<p>En effet, moi et Tschanz devont nous remettre d\u2019une op\u00e9ration de la hanche tandis que Posch doit encore lutter contre les effets \u00e0 long terme du covid. Forc\u00e9ment que cela a eu un impact sur les performances du club mais les effets n\u2019\u00e9taient pas dramatiques, pour combler ce manque de joueurs, Rio-Star Muttenz a recrut\u00e9 d\u2019autres joueurs.<\/p>\n<p>&nbsp;<\/p>\n<p><strong>Quels sont tes buts pour cette saison\u00a0?<\/strong><\/p>\n<p>Eh ben\u2026 Je n\u2019en ai pas vu que je ne peux pas jouer *rires*.<\/p>\n<p>Apr\u00e8s si nous parlons d&rsquo;objectifs g\u00e9n\u00e9raux et non de comp\u00e9titions, je r\u00e9pondrais que je veux en quelque sorte laisser ma place et que quelqu&rsquo;un reprenne le flambeau. Mais je dirais que la principale raison pour laquelle je ne jouerai plus en \u00e9quipe nationale est que je ne veux pas prendre la place d&rsquo;un joueur plus jeune qui est motiv\u00e9 pour progresser et s&rsquo;imposer au niveau international. Je viens de terminer mes \u00e9tudes universitaires et je veux aussi pouvoir me concentrer sur ma carri\u00e8re professionnelle.<\/p>\n<p>Cependant, pour moi il est tr\u00e8s important de garder mes racines en tant que pongiste, je continue de joueur chez Ina Rio-Star Muttenz, mais je coach aussi des jeunes depuis quelques ann\u00e9es et j&rsquo;ai l&rsquo;intention de suivre cette voie et pourquoi pas d\u2019assister \u00e0 l\u2019ascension \u00e0 du prochain champion suisse. Si je peux rejouer, ce serait formidable mais cela d\u00e9pendra uniquement si ma hanche me le permet.<\/p>\n<p>&nbsp;<\/p>\n<p><strong>N\u2019es-tu pas triste de finir ta carri\u00e8re nationale sur une blessure\u00a0?<\/strong><\/p>\n<p>\u00c7a fait parti des contraintes du sport et je ne peux qu\u2019aller de l\u2019avant. Pour moi, ce n\u2019est pas la blessure qui d\u00e9finit ma carri\u00e8re mais c\u2019est le plus mais le parcours effectu\u00e9 pour en arriver jusqu\u2019\u00e0 l\u00e0, et j\u2019en suis fier de ce parcours.<\/p>\n<p>J&rsquo;aimerais profiter de l&rsquo;occasion pour remercier tous mes co\u00e9quipiers de l&rsquo;\u00e9quipe nationale, avec qui ce fut un plaisir et un honneur de repr\u00e9senter la Suisse. Je remercie \u00e9galement STT et les entra\u00eeneurs de l&rsquo;\u00e9quipe suisse, en particulier Samir, qui m&rsquo;ont beaucoup soutenu.<\/p>\n","protected":false},"excerpt":{"rendered":"<p>Sidespin est parti \u00e0 la rencontre de Lionel Weber, quintuple champion national. Apr\u00e8s son op\u00e9ration de la hanche en juillet&hellip;<\/p>\n","protected":false},"author":8,"featured_media":2724,"comment_status":"closed","ping_status":"closed","sticky":false,"template":"","format":"standard","meta":{"_monsterinsights_skip_tracking":false,"_monsterinsights_sitenote_active":false,"_monsterinsights_sitenote_note":"","_monsterinsights_sitenote_category":0,"footnotes":""},"categories":[124],"tags":[],"class_list":["post-16175","post","type-post","status-publish","format-standard","has-post-thumbnail","hentry","category-sidespin-fr"],"_links":{"self":[{"href":"https:\/\/www.swisstabletennis.ch\/fr\/wp-json\/wp\/v2\/posts\/16175","targetHints":{"allow":["GET"]}}],"collection":[{"href":"https:\/\/www.swisstabletennis.ch\/fr\/wp-json\/wp\/v2\/posts"}],"about":[{"href":"https:\/\/www.swisstabletennis.ch\/fr\/wp-json\/wp\/v2\/types\/post"}],"author":[{"embeddable":true,"href":"https:\/\/www.swisstabletennis.ch\/fr\/wp-json\/wp\/v2\/users\/8"}],"replies":[{"embeddable":true,"href":"https:\/\/www.swisstabletennis.ch\/fr\/wp-json\/wp\/v2\/comments?post=16175"}],"version-history":[{"count":0,"href":"https:\/\/www.swisstabletennis.ch\/fr\/wp-json\/wp\/v2\/posts\/16175\/revisions"}],"wp:featuredmedia":[{"embeddable":true,"href":"https:\/\/www.swisstabletennis.ch\/fr\/wp-json\/wp\/v2\/media\/2724"}],"wp:attachment":[{"href":"https:\/\/www.swisstabletennis.ch\/fr\/wp-json\/wp\/v2\/media?parent=16175"}],"wp:term":[{"taxonomy":"category","embeddable":true,"href":"https:\/\/www.swisstabletennis.ch\/fr\/wp-json\/wp\/v2\/categories?post=16175"},{"taxonomy":"post_tag","embeddable":true,"href":"https:\/\/www.swisstabletennis.ch\/fr\/wp-json\/wp\/v2\/tags?post=16175"}],"curies":[{"name":"wp","href":"https:\/\/api.w.org\/{rel}","templated":true}]}}