{"id":22145,"date":"2023-05-03T14:19:26","date_gmt":"2023-05-03T12:19:26","guid":{"rendered":"https:\/\/www.swisstabletennis.ch\/?p=22145"},"modified":"2023-05-03T14:25:56","modified_gmt":"2023-05-03T12:25:56","slug":"preparation-a-la-qualification-pour-les-championnats-deurope","status":"publish","type":"post","link":"https:\/\/www.swisstabletennis.ch\/fr\/preparation-a-la-qualification-pour-les-championnats-deurope\/","title":{"rendered":"Pr\u00e9paration \u00e0 la qualification pour les Championnats d&rsquo;Europe"},"content":{"rendered":"<p>Texte : Raouf Morsi \/ Photo : Ren\u00e9 Zwald<\/p>\n<p>Comme nous l&rsquo;avons annonc\u00e9 dans notre <a href=\"https:\/\/www.swisstabletennis.ch\/fr\/compte-rendu-championnats-europeens-u21-a-sarajevo\/\">article du 11 avril<\/a> consacr\u00e9 aux championnats d&rsquo;Europe des moins de 21 ans, la d\u00e9l\u00e9gation masculine suisse compos\u00e9e de Barish Moulet, Elias Hardmeier, Pedro Osiro et Lo\u00efc Stoll se rendra \u00e0 Osijek, en Croatie, pour y disputer la deuxi\u00e8me phase de qualification et tenter de d\u00e9crocher une place pour les championnats d&rsquo;Europe qui se d\u00e9rouleront \u00e0 Malm\u00f6, en Su\u00e8de, du 10 au 17 septembre 2023.<\/p>\n<p>Selon le dernier bilan de l&rsquo;entra\u00eeneur Samir Mulabdic pendant le championnat \u00e0 Sarajevo, les joueurs suisses \u00e9taient trop passifs et n&rsquo;avaient pas impos\u00e9 leur rythme de jeu. Bien s\u00fbr, il faut aussi tenir compte du niveau de la comp\u00e9tition. Des pays comme la Hongrie, la Roumanie ou la Pologne se sont r\u00e9v\u00e9l\u00e9s \u00eatre des adversaires redoutables et si la Suisse veut esp\u00e9rer d\u00e9crocher une place en Su\u00e8de, elle devra non seulement apprendre de ses erreurs, mais aussi \u00eatre performante du d\u00e9but \u00e0 la fin sur le terrain.<\/p>\n","protected":false},"excerpt":{"rendered":"<p>Texte : Raouf Morsi \/ Photo : Ren\u00e9 Zwald Comme nous l&rsquo;avons annonc\u00e9 dans notre article du 11 avril consacr\u00e9&hellip;<\/p>\n","protected":false},"author":8,"featured_media":22146,"comment_status":"closed","ping_status":"closed","sticky":false,"template":"","format":"standard","meta":{"_monsterinsights_skip_tracking":false,"_monsterinsights_sitenote_active":false,"_monsterinsights_sitenote_note":"","_monsterinsights_sitenote_category":0,"footnotes":""},"categories":[118],"tags":[],"class_list":["post-22145","post","type-post","status-publish","format-standard","has-post-thumbnail","hentry","category-sport-d-elite"],"_links":{"self":[{"href":"https:\/\/www.swisstabletennis.ch\/fr\/wp-json\/wp\/v2\/posts\/22145","targetHints":{"allow":["GET"]}}],"collection":[{"href":"https:\/\/www.swisstabletennis.ch\/fr\/wp-json\/wp\/v2\/posts"}],"about":[{"href":"https:\/\/www.swisstabletennis.ch\/fr\/wp-json\/wp\/v2\/types\/post"}],"author":[{"embeddable":true,"href":"https:\/\/www.swisstabletennis.ch\/fr\/wp-json\/wp\/v2\/users\/8"}],"replies":[{"embeddable":true,"href":"https:\/\/www.swisstabletennis.ch\/fr\/wp-json\/wp\/v2\/comments?post=22145"}],"version-history":[{"count":0,"href":"https:\/\/www.swisstabletennis.ch\/fr\/wp-json\/wp\/v2\/posts\/22145\/revisions"}],"wp:featuredmedia":[{"embeddable":true,"href":"https:\/\/www.swisstabletennis.ch\/fr\/wp-json\/wp\/v2\/media\/22146"}],"wp:attachment":[{"href":"https:\/\/www.swisstabletennis.ch\/fr\/wp-json\/wp\/v2\/media?parent=22145"}],"wp:term":[{"taxonomy":"category","embeddable":true,"href":"https:\/\/www.swisstabletennis.ch\/fr\/wp-json\/wp\/v2\/categories?post=22145"},{"taxonomy":"post_tag","embeddable":true,"href":"https:\/\/www.swisstabletennis.ch\/fr\/wp-json\/wp\/v2\/tags?post=22145"}],"curies":[{"name":"wp","href":"https:\/\/api.w.org\/{rel}","templated":true}]}}