{"id":22596,"date":"2023-05-25T15:33:56","date_gmt":"2023-05-25T13:33:56","guid":{"rendered":"https:\/\/www.swisstabletennis.ch\/?p=22596"},"modified":"2023-05-26T08:24:21","modified_gmt":"2023-05-26T06:24:21","slug":"recherche-de-fonctionnaires","status":"publish","type":"post","link":"https:\/\/www.swisstabletennis.ch\/fr\/recherche-de-fonctionnaires\/","title":{"rendered":"Recherche de fonctionnaires"},"content":{"rendered":"<p>Afin de fonctionner au mieux, la STT a r\u00e9form\u00e9 sa structure en juillet 2022.<\/p>\n<p>Elle a maintenant besoin que son organigramme soit complet.<\/p>\n<p>En vue de l&rsquo;assembl\u00e9e de septembre prochain, nous recherchons ces fonctionnaires.<\/p>\n<ul>\n<li style=\"list-style-type: none;\">\n<ul>\n<li>2 membres du <strong>Comit\u00e9 Central<\/strong> (CC) : id\u00e9alement de Romandie, dont au moins une femme et au moins un membre ayant une formation juridique<\/li>\n<li>1 membre de la <strong>Commission de Contr\u00f4le de Gestion<\/strong> (CCG)<\/li>\n<li>1-2 membres pour la <strong>Commission de recours<\/strong> (CR)<\/li>\n<li>1-2 membres pour la <strong>Commission des Juge arbitre \/ arbitre<\/strong> (Commission des JA\/A)<\/li>\n<li>1-2 membres pour la <strong>Commission des Statuts et du R\u00e8glements<\/strong> (CSR)<\/li>\n<li>Membres pour la <strong>Commission Sport de loisirs<\/strong> (CSL)<\/li>\n<li>Membres pour le <strong>Comit\u00e9 de la Comit\u00e9 Ligue nationale<\/strong> (Comit\u00e9 LN)<\/li>\n<li>Membres pour le <strong>Comit\u00e9 de la Swiss Table Tennis League<\/strong> (Comit\u00e9 de la STTL)<\/li>\n<\/ul>\n<\/li>\n<\/ul>\n<p>La coop\u00e9ration avec la f\u00e9d\u00e9ration nationale offre la possibilit\u00e9 de participer \u00e0 la d\u00e9finition de l&rsquo;avenir de notre sport.<\/p>\n<p>En outre, elle permet d&rsquo;\u00e9largir son r\u00e9seau de contacts et peut-\u00eatre m\u00eame d&rsquo;am\u00e9liorer le CV gr\u00e2ce \u00e0 une exp\u00e9rience de haut niveau.<\/p>\n<p>Les personnes qui souhaitent se proposer ou qui ont des candidats \u00e0 pr\u00e9senter peuvent volontiers s&rsquo;annoncer directement \u00e0 <a href=\"mailto:monica.midali@swisstabletennis.ch\">monica.midali#swisstabletennis.ch<\/a>.<\/p>\n","protected":false},"excerpt":{"rendered":"<p>Afin de fonctionner au mieux, la STT a r\u00e9form\u00e9 sa structure en juillet 2022. Elle a maintenant besoin que son&hellip;<\/p>\n","protected":false},"author":8,"featured_media":22599,"comment_status":"closed","ping_status":"closed","sticky":false,"template":"","format":"standard","meta":{"_monsterinsights_skip_tracking":false,"_monsterinsights_sitenote_active":false,"_monsterinsights_sitenote_note":"","_monsterinsights_sitenote_category":0,"footnotes":""},"categories":[120],"tags":[],"class_list":["post-22596","post","type-post","status-publish","format-standard","has-post-thumbnail","hentry","category-stt-news-kategorie-fr"],"_links":{"self":[{"href":"https:\/\/www.swisstabletennis.ch\/fr\/wp-json\/wp\/v2\/posts\/22596","targetHints":{"allow":["GET"]}}],"collection":[{"href":"https:\/\/www.swisstabletennis.ch\/fr\/wp-json\/wp\/v2\/posts"}],"about":[{"href":"https:\/\/www.swisstabletennis.ch\/fr\/wp-json\/wp\/v2\/types\/post"}],"author":[{"embeddable":true,"href":"https:\/\/www.swisstabletennis.ch\/fr\/wp-json\/wp\/v2\/users\/8"}],"replies":[{"embeddable":true,"href":"https:\/\/www.swisstabletennis.ch\/fr\/wp-json\/wp\/v2\/comments?post=22596"}],"version-history":[{"count":0,"href":"https:\/\/www.swisstabletennis.ch\/fr\/wp-json\/wp\/v2\/posts\/22596\/revisions"}],"wp:featuredmedia":[{"embeddable":true,"href":"https:\/\/www.swisstabletennis.ch\/fr\/wp-json\/wp\/v2\/media\/22599"}],"wp:attachment":[{"href":"https:\/\/www.swisstabletennis.ch\/fr\/wp-json\/wp\/v2\/media?parent=22596"}],"wp:term":[{"taxonomy":"category","embeddable":true,"href":"https:\/\/www.swisstabletennis.ch\/fr\/wp-json\/wp\/v2\/categories?post=22596"},{"taxonomy":"post_tag","embeddable":true,"href":"https:\/\/www.swisstabletennis.ch\/fr\/wp-json\/wp\/v2\/tags?post=22596"}],"curies":[{"name":"wp","href":"https:\/\/api.w.org\/{rel}","templated":true}]}}