{"id":23117,"date":"2023-06-19T15:52:38","date_gmt":"2023-06-19T13:52:38","guid":{"rendered":"https:\/\/www.swisstabletennis.ch\/?p=23117"},"modified":"2023-06-19T15:52:38","modified_gmt":"2023-06-19T13:52:38","slug":"championnats-deurope-u13-a-zagreb","status":"publish","type":"post","link":"https:\/\/www.swisstabletennis.ch\/fr\/championnats-deurope-u13-a-zagreb\/","title":{"rendered":"Championnats d&rsquo;Europe U13 \u00e0 Zagreb"},"content":{"rendered":"<h6>Lors des championnats d&rsquo;Europe des moins de 13 ans, qui se sont d\u00e9roul\u00e9s du 14 au 18 juin \u00e0 Zagreb, le sextuor de Swiss Table Tennis compos\u00e9 d&rsquo;Akhyata Patra, Ilvi Ulrich et Enya Hu, ainsi que de Lowis Vogler, Charlie Hurtado et Yanni Andriani, a obtenu une excellente 10e place dans la comp\u00e9tition par \u00e9quipes.<\/h6>\n<p>&nbsp;<\/p>\n<p>Texte : Raouf Morsi \/ Photos : ETTU &amp; Priv\u00e9<\/p>\n<p>&nbsp;<\/p>\n<p>Lors du premier tour, l&rsquo;\u00e9quipe de Pedro Pelz et Yannik Charmot a termin\u00e9 le groupe \u00e0 une tr\u00e8s bonne deuxi\u00e8me place, \u00e0 \u00e9galit\u00e9 avec le vainqueur du groupe, l&rsquo;Italie, avec 11 points.<\/p>\n<p>Apr\u00e8s une d\u00e9faite 2:3 contre l&rsquo;Italie, la Suisse a remport\u00e9 une victoire surprenante 4:1 contre le Portugal et 5:0 contre le Kosovo. Au tour interm\u00e9diaire, l&rsquo;Espagne a battu la Suisse 0:5 suivi d&rsquo;une autre d\u00e9faite de la Hongrie 1:4. La journ\u00e9e s&rsquo;est tout de m\u00eame conclue par une belle victoire 4:1 contre Isra\u00ebl.<\/p>\n<p>En phase finale, les joueurs ont jou\u00e9 pour les places 9 \u00e0 12, o\u00f9 ils se sont impos\u00e9s 3:1 contre les favoris su\u00e9dois. Dans le match pour la 9e place, l&rsquo;\u00e9quipe polonaise a domin\u00e9 0:3 \u00e0 l&rsquo;issue d&rsquo;un match serr\u00e9. Les filles ont r\u00e9alis\u00e9 une performance inattendue en remportant presque tous leurs matchs d&rsquo;\u00e9quipe et en contribuant ainsi de mani\u00e8re d\u00e9terminante \u00e0 la r\u00e9ussite de cette comp\u00e9tition.<\/p>\n<figure id=\"attachment_23114\" aria-describedby=\"caption-attachment-23114\" style=\"width: 1024px\" class=\"wp-caption alignnone\"><a href=\"https:\/\/www.swisstabletennis.ch\/wp-content\/uploads\/2023\/06\/52976816998_9bed1077a7_k-1024x683.jpg\"><img fetchpriority=\"high\" decoding=\"async\" class=\"wp-image-23114 size-large\" src=\"https:\/\/www.swisstabletennis.ch\/wp-content\/uploads\/2023\/06\/52976816998_9bed1077a7_k-1024x683.jpg\" alt=\"\" width=\"1024\" height=\"683\" srcset=\"https:\/\/www.swisstabletennis.ch\/wp-content\/uploads\/2023\/06\/52976816998_9bed1077a7_k-1024x683.jpg 1024w, https:\/\/www.swisstabletennis.ch\/wp-content\/uploads\/2023\/06\/52976816998_9bed1077a7_k-300x200.jpg 300w, https:\/\/www.swisstabletennis.ch\/wp-content\/uploads\/2023\/06\/52976816998_9bed1077a7_k-768x512.jpg 768w, https:\/\/www.swisstabletennis.ch\/wp-content\/uploads\/2023\/06\/52976816998_9bed1077a7_k-391x260.jpg 391w, https:\/\/www.swisstabletennis.ch\/wp-content\/uploads\/2023\/06\/52976816998_9bed1077a7_k-1536x1024.jpg 1536w, https:\/\/www.swisstabletennis.ch\/wp-content\/uploads\/2023\/06\/52976816998_9bed1077a7_k-370x247.jpg 370w, https:\/\/www.swisstabletennis.ch\/wp-content\/uploads\/2023\/06\/52976816998_9bed1077a7_k-818x545.jpg 818w, https:\/\/www.swisstabletennis.ch\/wp-content\/uploads\/2023\/06\/52976816998_9bed1077a7_k-406x271.jpg 406w, https:\/\/www.swisstabletennis.ch\/wp-content\/uploads\/2023\/06\/52976816998_9bed1077a7_k-600x400.jpg 600w, https:\/\/www.swisstabletennis.ch\/wp-content\/uploads\/2023\/06\/52976816998_9bed1077a7_k-500x333.jpg 500w, https:\/\/www.swisstabletennis.ch\/wp-content\/uploads\/2023\/06\/52976816998_9bed1077a7_k-400x267.jpg 400w, https:\/\/www.swisstabletennis.ch\/wp-content\/uploads\/2023\/06\/52976816998_9bed1077a7_k-32x21.jpg 32w, https:\/\/www.swisstabletennis.ch\/wp-content\/uploads\/2023\/06\/52976816998_9bed1077a7_k.jpg 2047w\" sizes=\"(max-width: 1024px) 100vw, 1024px\" \/><\/a><figcaption id=\"caption-attachment-23114\" class=\"wp-caption-text\">Yannick Charmot en train de coacher Charlie Hurtado<\/figcaption><\/figure>\n<p>Ce sont \u00e9galement les filles Ilvi Ulrich et Enya Hu qui ont atteint le tour principal dans les comp\u00e9titions individuelles.<\/p>\n<p>Lowis Vogler a \u00e9galement atteint le tour principal. Ici, seule Enya Hu a pu gagner son match et se hisser jusqu&rsquo;au tour des 32 meilleures joueuses.<\/p>\n<p>Enya Hu a montr\u00e9 qu&rsquo;elle compte parmi les plus grands talents d&rsquo;Europe \u00e0 son \u00e2ge et qu&rsquo;il faudra compter avec elle \u00e0 l&rsquo;avenir. Il faut \u00e9galement souligner la tr\u00e8s bonne performance d&rsquo;Ilvi Ulrich, qui n&rsquo;a perdu qu&rsquo;un seul simple de justesse dans les comp\u00e9titions par \u00e9quipe et qui a \u00e9t\u00e9 \u00e9limin\u00e9e de mani\u00e8re extr\u00eamement malheureuse contre une joueuse de mat\u00e9riel en simple.<\/p>\n<figure id=\"attachment_23112\" aria-describedby=\"caption-attachment-23112\" style=\"width: 1024px\" class=\"wp-caption alignnone\"><a href=\"https:\/\/www.swisstabletennis.ch\/wp-content\/uploads\/2023\/06\/52978673358_3ab9092979_k-1024x683.jpg\"><img decoding=\"async\" class=\"wp-image-23112 size-large\" src=\"https:\/\/www.swisstabletennis.ch\/wp-content\/uploads\/2023\/06\/52978673358_3ab9092979_k-1024x683.jpg\" alt=\"\" width=\"1024\" height=\"683\" srcset=\"https:\/\/www.swisstabletennis.ch\/wp-content\/uploads\/2023\/06\/52978673358_3ab9092979_k-1024x683.jpg 1024w, https:\/\/www.swisstabletennis.ch\/wp-content\/uploads\/2023\/06\/52978673358_3ab9092979_k-300x200.jpg 300w, https:\/\/www.swisstabletennis.ch\/wp-content\/uploads\/2023\/06\/52978673358_3ab9092979_k-768x512.jpg 768w, https:\/\/www.swisstabletennis.ch\/wp-content\/uploads\/2023\/06\/52978673358_3ab9092979_k-391x260.jpg 391w, https:\/\/www.swisstabletennis.ch\/wp-content\/uploads\/2023\/06\/52978673358_3ab9092979_k-1536x1024.jpg 1536w, https:\/\/www.swisstabletennis.ch\/wp-content\/uploads\/2023\/06\/52978673358_3ab9092979_k-370x247.jpg 370w, https:\/\/www.swisstabletennis.ch\/wp-content\/uploads\/2023\/06\/52978673358_3ab9092979_k-818x545.jpg 818w, https:\/\/www.swisstabletennis.ch\/wp-content\/uploads\/2023\/06\/52978673358_3ab9092979_k-406x271.jpg 406w, https:\/\/www.swisstabletennis.ch\/wp-content\/uploads\/2023\/06\/52978673358_3ab9092979_k-600x400.jpg 600w, https:\/\/www.swisstabletennis.ch\/wp-content\/uploads\/2023\/06\/52978673358_3ab9092979_k-500x333.jpg 500w, https:\/\/www.swisstabletennis.ch\/wp-content\/uploads\/2023\/06\/52978673358_3ab9092979_k-400x267.jpg 400w, https:\/\/www.swisstabletennis.ch\/wp-content\/uploads\/2023\/06\/52978673358_3ab9092979_k-32x21.jpg 32w, https:\/\/www.swisstabletennis.ch\/wp-content\/uploads\/2023\/06\/52978673358_3ab9092979_k.jpg 2048w\" sizes=\"(max-width: 1024px) 100vw, 1024px\" \/><\/a><figcaption id=\"caption-attachment-23112\" class=\"wp-caption-text\">Enya Hu<\/figcaption><\/figure>\n<p><a href=\"https:\/\/www.ettu.org\/en\/events\/european-under-13-championships\/draws---results\/\">Resultate<\/a><\/p>\n","protected":false},"excerpt":{"rendered":"<p>Lors des championnats d&rsquo;Europe des moins de 13 ans, qui se sont d\u00e9roul\u00e9s du 14 au 18 juin \u00e0 Zagreb,&hellip;<\/p>\n","protected":false},"author":8,"featured_media":23111,"comment_status":"closed","ping_status":"closed","sticky":false,"template":"","format":"standard","meta":{"_monsterinsights_skip_tracking":false,"_monsterinsights_sitenote_active":false,"_monsterinsights_sitenote_note":"","_monsterinsights_sitenote_category":0,"footnotes":""},"categories":[118],"tags":[],"class_list":["post-23117","post","type-post","status-publish","format-standard","has-post-thumbnail","hentry","category-sport-d-elite"],"_links":{"self":[{"href":"https:\/\/www.swisstabletennis.ch\/fr\/wp-json\/wp\/v2\/posts\/23117","targetHints":{"allow":["GET"]}}],"collection":[{"href":"https:\/\/www.swisstabletennis.ch\/fr\/wp-json\/wp\/v2\/posts"}],"about":[{"href":"https:\/\/www.swisstabletennis.ch\/fr\/wp-json\/wp\/v2\/types\/post"}],"author":[{"embeddable":true,"href":"https:\/\/www.swisstabletennis.ch\/fr\/wp-json\/wp\/v2\/users\/8"}],"replies":[{"embeddable":true,"href":"https:\/\/www.swisstabletennis.ch\/fr\/wp-json\/wp\/v2\/comments?post=23117"}],"version-history":[{"count":0,"href":"https:\/\/www.swisstabletennis.ch\/fr\/wp-json\/wp\/v2\/posts\/23117\/revisions"}],"wp:featuredmedia":[{"embeddable":true,"href":"https:\/\/www.swisstabletennis.ch\/fr\/wp-json\/wp\/v2\/media\/23111"}],"wp:attachment":[{"href":"https:\/\/www.swisstabletennis.ch\/fr\/wp-json\/wp\/v2\/media?parent=23117"}],"wp:term":[{"taxonomy":"category","embeddable":true,"href":"https:\/\/www.swisstabletennis.ch\/fr\/wp-json\/wp\/v2\/categories?post=23117"},{"taxonomy":"post_tag","embeddable":true,"href":"https:\/\/www.swisstabletennis.ch\/fr\/wp-json\/wp\/v2\/tags?post=23117"}],"curies":[{"name":"wp","href":"https:\/\/api.w.org\/{rel}","templated":true}]}}