{"id":23237,"date":"2023-06-24T14:50:36","date_gmt":"2023-06-24T12:50:36","guid":{"rendered":"https:\/\/www.swisstabletennis.ch\/?p=23237"},"modified":"2023-06-24T14:50:36","modified_gmt":"2023-06-24T12:50:36","slug":"bienvenue-a-la-sttl","status":"publish","type":"post","link":"https:\/\/www.swisstabletennis.ch\/fr\/bienvenue-a-la-sttl\/","title":{"rendered":"Bienvenue \u00e0 la STTL !"},"content":{"rendered":"<p><strong>Samedi 24 juin, un nouveau chapitre de l&rsquo;histoire du tennis de table suisse s&rsquo;ouvre : la cr\u00e9ation de la Swiss Table Tennis League !<\/strong><\/p>\n<p>Le projet de restructuration de la ligue nationale trouve ses racines avant m\u00eame la r\u00e9forme de la STT, dont ce sera le premier anniversaire dans quelques jours !<\/p>\n<p>Le d\u00e9veloppement d&rsquo;un sport passe aussi par une ligue sup\u00e9rieure de plus en plus attractive \u00e0 tous points de vue. La qualit\u00e9 du jeu, l&rsquo;implication des clubs, la promotion des jeunes talents, l&rsquo;infrastructure, le public et enfin les moyens financiers. Avec la naissance de la STTL, ces besoins doivent \u00eatre satisfaits ou le seront.<\/p>\n<p>L&rsquo;ind\u00e9pendance de la chambre STTL permet \u00e0 tous les clubs qui en font partie de participer \u00e0 la discussion sur des sujets importants.<\/p>\n<p>C&rsquo;\u00e9tait par exemple le cas le soir du 30 mai, lorsque le syst\u00e8me de jeu a \u00e9t\u00e9 discut\u00e9. Je me souviens avec grand plaisir de cette soir\u00e9e. Le sport \u00e9tait au centre de l&rsquo;attention. Il n&rsquo;y avait pas de barri\u00e8res linguistiques ou de difficult\u00e9s bureaucratiques. Les souhaits sportifs \u00e9taient au centre des pr\u00e9occupations. \u00ab\u00a0Jouer le plus possible\u00a0\u00bb, \u00ab\u00a0comment g\u00e9rer le syst\u00e8me de points\u00a0\u00bb, \u00ab\u00a0r\u00e9fl\u00e9chir aux matchs en double\u00a0\u00bb.<\/p>\n<p>Tout cela a \u00e9t\u00e9 couronn\u00e9 ce matin par des approbations formelles.<\/p>\n<p>L&rsquo;assembl\u00e9e des d\u00e9l\u00e9gu\u00e9s de la STT a approuv\u00e9 \u00e0 une large majorit\u00e9 le nouvel organe \u00ab\u00a0STTL\u00a0\u00bb et sa structure.<\/p>\n<p>La ligue nationale (d\u00e9sormais B et C) a ensuite \u00e9lu son comit\u00e9 directeur.<\/p>\n<p><strong>Le nouveau comit\u00e9 de la NL se compose comme suit :<\/strong><\/p>\n<p>Michel Tschanz &#8211; Rio Star Muttenz (pr\u00e9sident de la saison de transition)<\/p>\n<p>Patrick Traber &#8211; TTC St-Gall<\/p>\n<p>Beat Hostettler &#8211; Rapperswil-Jona (saison de transition)<\/p>\n<p>Les clubs qui jouaient en LNA lors de la saison 2022-23, ainsi que les clubs de la saison 2023-24 (qui \u00e9taient pr\u00e9sents pour avoir leur mot \u00e0 dire, bien qu&rsquo;ils n&rsquo;aient pas encore formellement le droit de vote) ont finalement approuv\u00e9 les statuts de la STTL et tous les \u00e9l\u00e9ments formels.<\/p>\n<p><strong>Le nouveau comit\u00e9 de la STTL se compose comme suit :<\/strong><\/p>\n<p>Michel Tschanz &#8211; Rio Star Muttenz (pr\u00e9sident)<\/p>\n<p>Christian Foutrel &#8211; ZZ-Lancy<\/p>\n<p>Samir von D\u00e4niken &#8211; Young Stars Zurich<\/p>\n<p>Beat Hostettler &#8211; Rapperswil-Jona<\/p>\n<p>Monica Midali &#8211; repr\u00e9sentante STT<\/p>\n<p>Dans la chambre STTL, la discussion sur le syst\u00e8me de jeu a de nouveau \u00e9t\u00e9 au centre des d\u00e9bats.<\/p>\n<p>Cela montre la force de la nouvelle structure et son efficacit\u00e9.<\/p>\n<p>Apr\u00e8s une comparaison int\u00e9ressante des propositions sur la table, une d\u00e9cision a \u00e9t\u00e9 prise : La saison 2023-24 se jouera d&rsquo;abord avec le r\u00e8glement d\u00e9j\u00e0 connu, puis un nouveau syst\u00e8me sera test\u00e9 apr\u00e8s la fin de la saison r\u00e9guli\u00e8re.<\/p>\n<p>Cinq matchs, dont un de double, seront disput\u00e9s. De cette fa\u00e7on, chaque joueur a la possibilit\u00e9 de jouer deux fois.<\/p>\n<p>En cas de victoire 5-0 \/ 4-1, le vainqueur re\u00e7oit 3 points.<\/p>\n<p>En cas de 3-2, les points sont partag\u00e9s : 2 points pour le vainqueur et 1 point pour le perdant.<\/p>\n<p>Ce syst\u00e8me a d\u00e9j\u00e0 \u00e9t\u00e9 test\u00e9 pendant la p\u00e9riode de Covid et est maintenant remis sur les rails avec une attribution de points diff\u00e9rente.<\/p>\n<p>Une fois ces discussions termin\u00e9es \u00e0 la grande satisfaction de l&rsquo;\u00e9quipe de projet, nous avons pu nous tourner vers la vision de la super finale.<\/p>\n<p>Mais cela n&rsquo;a eu lieu qu&rsquo;apr\u00e8s avoir remerci\u00e9 les personnes qui ont rendu cette journ\u00e9e possible. Tout d&rsquo;abord, nous remercions la CSRS et en particulier son pr\u00e9sident Jean-Marc Wichser. Au cours des derniers mois, ils ont suivi le projet avec attention, un regard critique et un esprit proactif, ainsi qu&rsquo;un temps de r\u00e9action vraiment ambitieux, et tout cela sur une base b\u00e9n\u00e9vole !<\/p>\n<p>En plus d&rsquo;eux, le comit\u00e9 central, le comit\u00e9 de la NL et la conf\u00e9rence de pr\u00e9sident des AR ont \u00e9galement suivi le projet de pr\u00e8s et ont contribu\u00e9 de mani\u00e8re constructive \u00e0 lever certaines ambigu\u00eft\u00e9s. Je remercie Michel Tschanz et Urs Sch\u00e4rrer pour les innombrables heures de r\u00e9flexion et d&rsquo;analyse qu&rsquo;ils ont apport\u00e9es gr\u00e2ce \u00e0 leur longue exp\u00e9rience. Je n&rsquo;oublie pas non plus mes coll\u00e8gues de l\u2019office central qui, malgr\u00e9 leur surcharge de travail, ont toujours trouv\u00e9 le temps de donner leur feedback de ce qu&rsquo;on appelle \u00a0\u00bb le point de vue interne \u00a0\u00bb !<\/p>\n<p>Pour finir, je souhaite le meilleur \u00e0 la STTL, \u00e0 son comit\u00e9 directeur, \u00e0 la chambre et \u00e0 Sebastian Lauener, le collaborateur de la STTL. La premi\u00e8re saison sera un voyage de d\u00e9couverte avec beaucoup de changements, mais le bateau a un super \u00e9quipage et nous sommes tous impatients de l&rsquo;accompagner dans ce voyage !<\/p>\n","protected":false},"excerpt":{"rendered":"<p>Samedi 24 juin, un nouveau chapitre de l&rsquo;histoire du tennis de table suisse s&rsquo;ouvre : la cr\u00e9ation de la Swiss&hellip;<\/p>\n","protected":false},"author":8,"featured_media":22449,"comment_status":"closed","ping_status":"closed","sticky":false,"template":"","format":"standard","meta":{"_monsterinsights_skip_tracking":false,"_monsterinsights_sitenote_active":false,"_monsterinsights_sitenote_note":"","_monsterinsights_sitenote_category":0,"footnotes":""},"categories":[471],"tags":[],"class_list":["post-23237","post","type-post","status-publish","format-standard","has-post-thumbnail","hentry","category-sttl-swiss-table-tennis-league"],"_links":{"self":[{"href":"https:\/\/www.swisstabletennis.ch\/fr\/wp-json\/wp\/v2\/posts\/23237","targetHints":{"allow":["GET"]}}],"collection":[{"href":"https:\/\/www.swisstabletennis.ch\/fr\/wp-json\/wp\/v2\/posts"}],"about":[{"href":"https:\/\/www.swisstabletennis.ch\/fr\/wp-json\/wp\/v2\/types\/post"}],"author":[{"embeddable":true,"href":"https:\/\/www.swisstabletennis.ch\/fr\/wp-json\/wp\/v2\/users\/8"}],"replies":[{"embeddable":true,"href":"https:\/\/www.swisstabletennis.ch\/fr\/wp-json\/wp\/v2\/comments?post=23237"}],"version-history":[{"count":0,"href":"https:\/\/www.swisstabletennis.ch\/fr\/wp-json\/wp\/v2\/posts\/23237\/revisions"}],"wp:featuredmedia":[{"embeddable":true,"href":"https:\/\/www.swisstabletennis.ch\/fr\/wp-json\/wp\/v2\/media\/22449"}],"wp:attachment":[{"href":"https:\/\/www.swisstabletennis.ch\/fr\/wp-json\/wp\/v2\/media?parent=23237"}],"wp:term":[{"taxonomy":"category","embeddable":true,"href":"https:\/\/www.swisstabletennis.ch\/fr\/wp-json\/wp\/v2\/categories?post=23237"},{"taxonomy":"post_tag","embeddable":true,"href":"https:\/\/www.swisstabletennis.ch\/fr\/wp-json\/wp\/v2\/tags?post=23237"}],"curies":[{"name":"wp","href":"https:\/\/api.w.org\/{rel}","templated":true}]}}