{"id":23578,"date":"2023-07-07T10:26:09","date_gmt":"2023-07-07T08:26:09","guid":{"rendered":"https:\/\/www.swisstabletennis.ch\/?p=23578"},"modified":"2023-07-07T10:26:09","modified_gmt":"2023-07-07T08:26:09","slug":"stt-avec-un-nouveau-logo","status":"publish","type":"post","link":"https:\/\/www.swisstabletennis.ch\/fr\/stt-avec-un-nouveau-logo\/","title":{"rendered":"STT avec un nouveau logo"},"content":{"rendered":"<p>Parmi les innovations de ces derni\u00e8res ann\u00e9es, il y a la nouvelle structure de l&rsquo;association, plus l\u00e9g\u00e8re et plus r\u00e9active, et la cr\u00e9ation de la ligue nationale sup\u00e9rieure \u00ab\u00a0STTL\u00a0\u00bb. La professionnalisation s&rsquo;est accompagn\u00e9e d&rsquo;une r\u00e9flexion sur le logo qui devait repr\u00e9senter l&rsquo;association. Au d\u00e9part, il \u00e9tait pr\u00e9vu de conserver le logo actuel de STT et de le modifier pour la STTL et les autres \u00ab\u00a0marques\u00a0\u00bb en y apportant de l\u00e9g\u00e8res adaptations.<\/p>\n<p>Cependant, chacune des agences consult\u00e9es \u00e9tait sceptique et nous a fait remarquer que le logo n&rsquo;\u00e9tait plus d&rsquo;actualit\u00e9 et qu&rsquo;il \u00e9tait difficile d&rsquo;y int\u00e9grer de nouveaux \u00e9l\u00e9ments.<\/p>\n<p>C&rsquo;est pourquoi, apr\u00e8s avoir \u00e9valu\u00e9 plusieurs feedbacks qui demandaient \u00e0 l&rsquo;unanimit\u00e9 un rebranding complet, il a \u00e9t\u00e9 d\u00e9cid\u00e9 d&rsquo;accepter le point de vue des professionnels et de confier cette t\u00e2che \u00e0 l&rsquo;agence Koch, qui a d\u00e9j\u00e0 plusieurs f\u00e9d\u00e9rations sportives dans son portefeuille.<\/p>\n<p>On souhaitait un logo moderne qui puisse \u00eatre utilis\u00e9, modifi\u00e9, pour divers \u00e9v\u00e9nements et qui permette l&rsquo;int\u00e9gration \u00e9ventuelle d&rsquo;un sponsor principal potentiel.<\/p>\n<p><a href=\"https:\/\/www.swisstabletennis.ch\/wp-content\/uploads\/2023\/07\/07_100517-1024x552.png\"><img fetchpriority=\"high\" decoding=\"async\" class=\"alignnone wp-image-23587 size-large\" src=\"https:\/\/www.swisstabletennis.ch\/wp-content\/uploads\/2023\/07\/07_100517-1024x552.png\" alt=\"\" width=\"1024\" height=\"552\" srcset=\"https:\/\/www.swisstabletennis.ch\/wp-content\/uploads\/2023\/07\/07_100517-1024x552.png 1024w, https:\/\/www.swisstabletennis.ch\/wp-content\/uploads\/2023\/07\/07_100517-300x162.png 300w, https:\/\/www.swisstabletennis.ch\/wp-content\/uploads\/2023\/07\/07_100517-768x414.png 768w, https:\/\/www.swisstabletennis.ch\/wp-content\/uploads\/2023\/07\/07_100517-370x200.png 370w, https:\/\/www.swisstabletennis.ch\/wp-content\/uploads\/2023\/07\/07_100517-818x441.png 818w, https:\/\/www.swisstabletennis.ch\/wp-content\/uploads\/2023\/07\/07_100517-406x219.png 406w, https:\/\/www.swisstabletennis.ch\/wp-content\/uploads\/2023\/07\/07_100517-600x324.png 600w, https:\/\/www.swisstabletennis.ch\/wp-content\/uploads\/2023\/07\/07_100517-500x270.png 500w, https:\/\/www.swisstabletennis.ch\/wp-content\/uploads\/2023\/07\/07_100517-400x216.png 400w, https:\/\/www.swisstabletennis.ch\/wp-content\/uploads\/2023\/07\/07_100517-32x17.png 32w, https:\/\/www.swisstabletennis.ch\/wp-content\/uploads\/2023\/07\/07_100517.png 1411w\" sizes=\"(max-width: 1024px) 100vw, 1024px\" \/><\/a><\/p>\n<p>&nbsp;<\/p>\n<p>Il en r\u00e9sulte une structure \u00e0 deux composantes : La composante gauche repr\u00e9sente l&rsquo;association, tandis que la composante droite repr\u00e9sente l&rsquo;\u00e9v\u00e9nement sp\u00e9cifique (ou un futur sponsor principal).<\/p>\n<p>Le tennis de table reste bien s\u00fbr au centre de l&rsquo;attention, c&rsquo;est pourquoi les deux composants ont la forme d&rsquo;une raquette stylis\u00e9e. Le double T dans l&rsquo;inscription doit \u00e9galement rappeler la forme d&rsquo;une table de tennis de table. Une r\u00e9f\u00e9rence \u00e0 la balle, comme dans le logo pr\u00e9c\u00e9dent, n&rsquo;a pas non plus \u00e9t\u00e9 omise.<\/p>\n<div style=\"width: 1278px;\" class=\"wp-video\"><video class=\"wp-video-shortcode\" id=\"video-23578-1\" width=\"1278\" height=\"719\" preload=\"metadata\" controls=\"controls\"><source type=\"video\/mp4\" src=\"https:\/\/www.swisstabletennis.ch\/wp-content\/uploads\/2023\/07\/Animation_Mood_Brand_STT.mp4?_=1\" \/><a href=\"https:\/\/www.swisstabletennis.ch\/wp-content\/uploads\/2023\/07\/Animation_Mood_Brand_STT.mp4\">https:\/\/www.swisstabletennis.ch\/wp-content\/uploads\/2023\/07\/Animation_Mood_Brand_STT.mp4<\/a><\/video><\/div>\n<p>En ce qui concerne les couleurs, le logo de l&rsquo;association conserve les couleurs dans la gamme rouge pour rappeler le drapeau suisse. Les autres logos ont \u00e9t\u00e9 con\u00e7us pour \u00eatre le mieux possible compatibles entre eux.<\/p>\n<p>Ces logos seront mis en service d\u00e8s maintenant, notamment pour les aspects num\u00e9riques. Le mat\u00e9riel de l&rsquo;association sera mis \u00e0 jour au cours de la saison, en mettant l&rsquo;accent sur le concept de durabilit\u00e9 et en \u00e9vitant le gaspillage.<\/p>\n<p>Esp\u00e9rons que le nouveau logo nous accompagnera longtemps et qu&rsquo;il apportera une s\u00e9rie de changements positifs au sein de l&rsquo;association.<\/p>\n","protected":false},"excerpt":{"rendered":"<p>Parmi les innovations de ces derni\u00e8res ann\u00e9es, il y a la nouvelle structure de l&rsquo;association, plus l\u00e9g\u00e8re et plus r\u00e9active,&hellip;<\/p>\n","protected":false},"author":8,"featured_media":23574,"comment_status":"closed","ping_status":"closed","sticky":false,"template":"","format":"standard","meta":{"_monsterinsights_skip_tracking":false,"_monsterinsights_sitenote_active":false,"_monsterinsights_sitenote_note":"","_monsterinsights_sitenote_category":0,"footnotes":""},"categories":[120],"tags":[],"class_list":["post-23578","post","type-post","status-publish","format-standard","has-post-thumbnail","hentry","category-stt-news-kategorie-fr"],"_links":{"self":[{"href":"https:\/\/www.swisstabletennis.ch\/fr\/wp-json\/wp\/v2\/posts\/23578","targetHints":{"allow":["GET"]}}],"collection":[{"href":"https:\/\/www.swisstabletennis.ch\/fr\/wp-json\/wp\/v2\/posts"}],"about":[{"href":"https:\/\/www.swisstabletennis.ch\/fr\/wp-json\/wp\/v2\/types\/post"}],"author":[{"embeddable":true,"href":"https:\/\/www.swisstabletennis.ch\/fr\/wp-json\/wp\/v2\/users\/8"}],"replies":[{"embeddable":true,"href":"https:\/\/www.swisstabletennis.ch\/fr\/wp-json\/wp\/v2\/comments?post=23578"}],"version-history":[{"count":0,"href":"https:\/\/www.swisstabletennis.ch\/fr\/wp-json\/wp\/v2\/posts\/23578\/revisions"}],"wp:featuredmedia":[{"embeddable":true,"href":"https:\/\/www.swisstabletennis.ch\/fr\/wp-json\/wp\/v2\/media\/23574"}],"wp:attachment":[{"href":"https:\/\/www.swisstabletennis.ch\/fr\/wp-json\/wp\/v2\/media?parent=23578"}],"wp:term":[{"taxonomy":"category","embeddable":true,"href":"https:\/\/www.swisstabletennis.ch\/fr\/wp-json\/wp\/v2\/categories?post=23578"},{"taxonomy":"post_tag","embeddable":true,"href":"https:\/\/www.swisstabletennis.ch\/fr\/wp-json\/wp\/v2\/tags?post=23578"}],"curies":[{"name":"wp","href":"https:\/\/api.w.org\/{rel}","templated":true}]}}