{"id":23736,"date":"2023-07-11T17:21:26","date_gmt":"2023-07-11T15:21:26","guid":{"rendered":"https:\/\/www.swisstabletennis.ch\/?p=23736"},"modified":"2023-07-11T17:21:32","modified_gmt":"2023-07-11T15:21:32","slug":"preparatifs-pour-les-cej-a-gliwice","status":"publish","type":"post","link":"https:\/\/www.swisstabletennis.ch\/fr\/preparatifs-pour-les-cej-a-gliwice\/","title":{"rendered":"Pr\u00e9paratifs pour les CEJ \u00e0 Gliwice"},"content":{"rendered":"<h6>Le championnat d&rsquo;Europe de la jeunesse aura lieu cette ann\u00e9e du 14 au 23 juillet 2023 dans la ville polonaise de Gliwice. Au cours des deux derniers week-ends, nos 4 \u00e9quipes de la rel\u00e8ve se sont pr\u00e9par\u00e9es \u00e0 Prilly et Filzbach pour ce point culminant de la saison.<\/h6>\n<p>&nbsp;<\/p>\n<p>Texte : Raouf Morsi \/ Photo : Samir Mulabdic<\/p>\n<p>&nbsp;<\/p>\n<p>A l&rsquo;exception de deux ou trois petits malaises, tous les joueurs se sentent bien et en bonne sant\u00e9. L&rsquo;\u00e9quipe d&rsquo;entra\u00eeneurs, Sonja Wicki, Yannick Charmot, Pedro Pelz et Samir Mulabdic, \u00e9tait satisfaite de l&rsquo;engagement et de la forme montr\u00e9s par les joueurs et joueuses lors des deux camps d&rsquo;entra\u00eenement.<\/p>\n<p>L&rsquo;entra\u00eenement a port\u00e9 sur les points forts suivants :<\/p>\n<p>&#8211; service\/rebond jeu avec jeu de jambes et techniques de frappe pr\u00e8s de la table<br \/>\n&#8211; Jeu service\/rebond avec t\u00e2ches tactiques<br \/>\n&#8211; Jeux avec pression de situation et de pr\u00e9cision<br \/>\n&#8211; Rapidit\u00e9 et r\u00e9action au d\u00e9part<br \/>\n&#8211; Visualisation<br \/>\n&#8211; Confiance en soi, rituel<\/p>\n<p>L&rsquo;objectif des JEM de Gliwice est qu&rsquo;une \u00e9quipe atteigne la premi\u00e8re division, les 16 meilleures \u00e9quipes. C&rsquo;est l&rsquo;\u00e9quipe des gar\u00e7ons de moins de 19 ans qui pourrait le plus facilement y parvenir.<\/p>\n<p>\u00ab\u00a0<em>Actuellement, nous n&rsquo;avons pas de joueurs et de joueuses parmi les 32 meilleurs au classement europ\u00e9en. En cons\u00e9quence, en simple et en double, nous esp\u00e9rons atteindre la meilleure forme personnelle et le deuxi\u00e8me ou troisi\u00e8me tour.<\/em>\u00a0\u00bb ajoute l&rsquo;entra\u00eeneur Samir Mulabdic.<\/p>\n","protected":false},"excerpt":{"rendered":"<p>Le championnat d&rsquo;Europe de la jeunesse aura lieu cette ann\u00e9e du 14 au 23 juillet 2023 dans la ville polonaise&hellip;<\/p>\n","protected":false},"author":8,"featured_media":23846,"comment_status":"closed","ping_status":"closed","sticky":false,"template":"","format":"standard","meta":{"_monsterinsights_skip_tracking":false,"_monsterinsights_sitenote_active":false,"_monsterinsights_sitenote_note":"","_monsterinsights_sitenote_category":0,"footnotes":""},"categories":[118],"tags":[],"class_list":["post-23736","post","type-post","status-publish","format-standard","has-post-thumbnail","hentry","category-sport-d-elite"],"_links":{"self":[{"href":"https:\/\/www.swisstabletennis.ch\/fr\/wp-json\/wp\/v2\/posts\/23736","targetHints":{"allow":["GET"]}}],"collection":[{"href":"https:\/\/www.swisstabletennis.ch\/fr\/wp-json\/wp\/v2\/posts"}],"about":[{"href":"https:\/\/www.swisstabletennis.ch\/fr\/wp-json\/wp\/v2\/types\/post"}],"author":[{"embeddable":true,"href":"https:\/\/www.swisstabletennis.ch\/fr\/wp-json\/wp\/v2\/users\/8"}],"replies":[{"embeddable":true,"href":"https:\/\/www.swisstabletennis.ch\/fr\/wp-json\/wp\/v2\/comments?post=23736"}],"version-history":[{"count":0,"href":"https:\/\/www.swisstabletennis.ch\/fr\/wp-json\/wp\/v2\/posts\/23736\/revisions"}],"wp:featuredmedia":[{"embeddable":true,"href":"https:\/\/www.swisstabletennis.ch\/fr\/wp-json\/wp\/v2\/media\/23846"}],"wp:attachment":[{"href":"https:\/\/www.swisstabletennis.ch\/fr\/wp-json\/wp\/v2\/media?parent=23736"}],"wp:term":[{"taxonomy":"category","embeddable":true,"href":"https:\/\/www.swisstabletennis.ch\/fr\/wp-json\/wp\/v2\/categories?post=23736"},{"taxonomy":"post_tag","embeddable":true,"href":"https:\/\/www.swisstabletennis.ch\/fr\/wp-json\/wp\/v2\/tags?post=23736"}],"curies":[{"name":"wp","href":"https:\/\/api.w.org\/{rel}","templated":true}]}}