{"id":24366,"date":"2023-07-25T09:05:09","date_gmt":"2023-07-25T07:05:09","guid":{"rendered":"https:\/\/www.swisstabletennis.ch\/?p=24366"},"modified":"2023-07-26T08:13:20","modified_gmt":"2023-07-26T06:13:20","slug":"conclusion-des-cej-a-gliwice-adieu-a-sonja-wicki","status":"publish","type":"post","link":"https:\/\/www.swisstabletennis.ch\/fr\/conclusion-des-cej-a-gliwice-adieu-a-sonja-wicki\/","title":{"rendered":"Conclusion des CEJ \u00e0 Gliwice + Adieu \u00e0 Sonja Wicki"},"content":{"rendered":"<p>Texte : Raouf Morsi \/ Photos : ETTU &amp; Priv\u00e9<\/p>\n<p>Apr\u00e8s notre premier bilan des Championnats d&rsquo;Europe Juniors (CEJ) \u00e0 Gliwice, les matchs d\u2019\u00e9quipes se sont encha\u00een\u00e9s, suivis des \u00e9preuves en simples et en doubles. Malheureusement, sur les trois objectifs que qui \u00e9taient initialement fix\u00e9s :<\/p>\n<ol>\n<li>Placer une \u00e9quipe dans le Top 16<\/li>\n<li>Placer une autre \u00e9quipe dans le Top 24<\/li>\n<li>Qualifier un joueur pour les 1\/8 finales<\/li>\n<\/ol>\n<p>un seul objectif a \u00e9t\u00e9 atteint. Celui de l&rsquo;\u00e9quipe des filles U15, qui s&rsquo;est hiss\u00e9e \u00e0 la 23\u00e8me place. En revanche, les r\u00e9sultats finaux en double et en simple n&rsquo;ont malheureusement pas \u00e9t\u00e9 aussi remarquables qu&rsquo;esp\u00e9r\u00e9.<\/p>\n<p>Voici les classements d&rsquo;\u00e9quipe :<\/p>\n<ul>\n<li>Gar\u00e7ons U19 : 29\u00e8me place<\/li>\n<li>Filles U19 : 27\u00e8me place<\/li>\n<li>Gar\u00e7ons U15 : 25\u00e8me place<\/li>\n<li>Filles U15 : 23\u00e8me place<\/li>\n<\/ul>\n<p>\u00ab\u00a0<em>L&rsquo;\u00e9quipe des filles U19 a r\u00e9alis\u00e9 un bon travail d&rsquo;\u00e9quipe. Un exemple marquant de leur d\u00e9termination s&rsquo;est d\u00e9roul\u00e9 lors de notre victoire 3-1 contre l&rsquo;\u00e9quipe des Pays-Bas. \u00c0 plusieurs reprises, Cynthia Lilly a su se battre ardemment dans les moments les plus cruciaux, ne laissant \u00e9chapper aucun point, et cela nous a permis de renverser la situation en notre faveur. Son esprit combatif a \u00e9t\u00e9 un atout majeur. Isabelle Yeo, pour sa part, a fait ses d\u00e9buts lors de ce tournoi international. Afin de lui permettre de gagner en exp\u00e9rience, j&rsquo;ai opt\u00e9 pour une rotation dans l&rsquo;\u00e9quipe, en l&rsquo;int\u00e9grant \u00e0 des moments strat\u00e9giques. Son apprentissage sera pr\u00e9cieux pour sa future progression. Dans l&rsquo;ensemble, nos joueuses juniors ont montr\u00e9 un niveau de jeu encourageant. Toutefois, pour atteindre un niveau de s\u00e9r\u00e9nit\u00e9 optimal, il est essentiel qu&rsquo;elles apprennent \u00e0 mieux g\u00e9rer les moments tendus en fin de set, o\u00f9 la nervosit\u00e9 peut parfois prendre le dessus. Il est \u00e9galement important qu&rsquo;elles s&rsquo;appuient sur les syst\u00e8mes de jeu qu&rsquo;elles ma\u00eetrisent afin de pouvoir exprimer tout leur potentiel. Du point de vue tactique, nous devons nous concentrer sur les moments cruciaux des matchs. En particulier, nous devons am\u00e9liorer la qualit\u00e9 des services, en \u00e9vitant de les rendre trop longs, et travailler sur les remises pour \u00e9viter de donner des opportunit\u00e9s \u00e0 l&rsquo;adversaire. En saisissant ces moments d&rsquo;initiative, nos joueuses pourront prendre le contr\u00f4le du jeu et fermer les \u00e9changes \u00e0 leur avantage.<\/em> \u00bb a ajout\u00e9 Yannick Charmot, entra\u00eeneur de cadre.<\/p>\n<p><a href=\"https:\/\/www.swisstabletennis.ch\/wp-content\/uploads\/2023\/07\/JEMGGliwiceU19.jpeg\"><img fetchpriority=\"high\" decoding=\"async\" class=\"alignnone wp-image-24367 size-large\" src=\"https:\/\/www.swisstabletennis.ch\/wp-content\/uploads\/2023\/07\/JEMGGliwiceU19-1024x768.jpeg\" alt=\"\" width=\"1024\" height=\"768\" srcset=\"https:\/\/www.swisstabletennis.ch\/wp-content\/uploads\/2023\/07\/JEMGGliwiceU19-1024x768.jpeg 1024w, https:\/\/www.swisstabletennis.ch\/wp-content\/uploads\/2023\/07\/JEMGGliwiceU19-300x225.jpeg 300w, https:\/\/www.swisstabletennis.ch\/wp-content\/uploads\/2023\/07\/JEMGGliwiceU19-768x576.jpeg 768w, https:\/\/www.swisstabletennis.ch\/wp-content\/uploads\/2023\/07\/JEMGGliwiceU19-1536x1152.jpeg 1536w, https:\/\/www.swisstabletennis.ch\/wp-content\/uploads\/2023\/07\/JEMGGliwiceU19-370x278.jpeg 370w, https:\/\/www.swisstabletennis.ch\/wp-content\/uploads\/2023\/07\/JEMGGliwiceU19-818x614.jpeg 818w, https:\/\/www.swisstabletennis.ch\/wp-content\/uploads\/2023\/07\/JEMGGliwiceU19-406x305.jpeg 406w, https:\/\/www.swisstabletennis.ch\/wp-content\/uploads\/2023\/07\/JEMGGliwiceU19-600x450.jpeg 600w, https:\/\/www.swisstabletennis.ch\/wp-content\/uploads\/2023\/07\/JEMGGliwiceU19-500x375.jpeg 500w, https:\/\/www.swisstabletennis.ch\/wp-content\/uploads\/2023\/07\/JEMGGliwiceU19-400x300.jpeg 400w, https:\/\/www.swisstabletennis.ch\/wp-content\/uploads\/2023\/07\/JEMGGliwiceU19-32x24.jpeg 32w, https:\/\/www.swisstabletennis.ch\/wp-content\/uploads\/2023\/07\/JEMGGliwiceU19.jpeg 1600w\" sizes=\"(max-width: 1024px) 100vw, 1024px\" \/><\/a><\/p>\n<figure id=\"attachment_24369\" aria-describedby=\"caption-attachment-24369\" style=\"width: 1024px\" class=\"wp-caption alignnone\"><a href=\"https:\/\/www.swisstabletennis.ch\/wp-content\/uploads\/2023\/07\/53058031597_00dc8c7d49_o.jpg\"><img decoding=\"async\" class=\"wp-image-24369 size-large\" src=\"https:\/\/www.swisstabletennis.ch\/wp-content\/uploads\/2023\/07\/53058031597_00dc8c7d49_o-1024x682.jpg\" alt=\"\" width=\"1024\" height=\"682\" srcset=\"https:\/\/www.swisstabletennis.ch\/wp-content\/uploads\/2023\/07\/53058031597_00dc8c7d49_o-1024x682.jpg 1024w, https:\/\/www.swisstabletennis.ch\/wp-content\/uploads\/2023\/07\/53058031597_00dc8c7d49_o-300x200.jpg 300w, https:\/\/www.swisstabletennis.ch\/wp-content\/uploads\/2023\/07\/53058031597_00dc8c7d49_o-768x512.jpg 768w, https:\/\/www.swisstabletennis.ch\/wp-content\/uploads\/2023\/07\/53058031597_00dc8c7d49_o-391x260.jpg 391w, https:\/\/www.swisstabletennis.ch\/wp-content\/uploads\/2023\/07\/53058031597_00dc8c7d49_o-370x247.jpg 370w, https:\/\/www.swisstabletennis.ch\/wp-content\/uploads\/2023\/07\/53058031597_00dc8c7d49_o-818x545.jpg 818w, https:\/\/www.swisstabletennis.ch\/wp-content\/uploads\/2023\/07\/53058031597_00dc8c7d49_o-406x271.jpg 406w, https:\/\/www.swisstabletennis.ch\/wp-content\/uploads\/2023\/07\/53058031597_00dc8c7d49_o-600x400.jpg 600w, https:\/\/www.swisstabletennis.ch\/wp-content\/uploads\/2023\/07\/53058031597_00dc8c7d49_o-500x333.jpg 500w, https:\/\/www.swisstabletennis.ch\/wp-content\/uploads\/2023\/07\/53058031597_00dc8c7d49_o-400x267.jpg 400w, https:\/\/www.swisstabletennis.ch\/wp-content\/uploads\/2023\/07\/53058031597_00dc8c7d49_o-32x21.jpg 32w, https:\/\/www.swisstabletennis.ch\/wp-content\/uploads\/2023\/07\/53058031597_00dc8c7d49_o.jpg 1400w\" sizes=\"(max-width: 1024px) 100vw, 1024px\" \/><\/a><figcaption id=\"caption-attachment-24369\" class=\"wp-caption-text\">Cynthia Lilly<\/figcaption><\/figure>\n<p>Alors que le rideau se ferme sur son dernier tournoi en tant qu&rsquo;entra\u00eeneuse STT, Sonja Wicki laisse derri\u00e8re elle un historique inestimable dans le monde sportif, une entra\u00eeneuse d&rsquo;exception qui a d\u00e9di\u00e9 plus de 15 ans de sa vie \u00e0 la promotion et au d\u00e9veloppement du tennis de table en Suisse.<\/p>\n<p>Reconnue pour son expertise en tant qu&rsquo;entra\u00eeneuse de l&rsquo;\u00e9quipe jeunesse et de l&rsquo;\u00e9quipe d&rsquo;\u00e9lite, Sonja Wicki a su insuffler un \u00e9tat d&rsquo;esprit optimiste et combatif autour de la table. Impliqu\u00e9e dans tous les aspects du tennis de table, elle a su transmettre sa passion et ses connaissances \u00e0 de nombreux joueurs et joueuses, contribuant ainsi \u00e0 l&rsquo;essor de ce sport dans notre pays.<\/p>\n<p>Son palmar\u00e8s parle de lui-m\u00eame : championne suisse, membre \u00e9m\u00e9rite de l&rsquo;\u00e9quipe nationale et de la commission sportive, Sonja Wicki s&rsquo;est forg\u00e9 une r\u00e9putation qui n&rsquo;est plus \u00e0 faire. Son nom est d\u00e9sormais indissociable dans le monde du tennis de table suisse.<\/p>\n<p>Aujourd&rsquo;hui, Sonja Wicki se tourne vers un nouveau d\u00e9fi passionnant avec son projet \u00ab\u00a0uniTTed spinners\u00a0\u00bb. En tant que responsable des op\u00e9rations d&rsquo;entra\u00eenement et co-entra\u00eeneuse, elle met \u00e0 profit son savoir-faire unique pour continuer \u00e0 faire grandir ce sport qu&rsquo;elle aime tant et d\u00e9busquer le talent cach\u00e9 de chaque joueur.<\/p>\n<p>Swiss Table Tennis tient \u00e0 exprimer toute sa gratitude envers Sonja Wicki pour sa contribution remarquable au d\u00e9veloppement du tennis de table en Suisse. Son d\u00e9vouement, son expertise et sa personnalit\u00e9 rayonnante resteront dans les m\u00e9moires, et nous lui souhaitons le meilleur pour l&rsquo;avenir avec son projet des uniTTed spinners.<\/p>\n<p><a href=\"https:\/\/www.swisstabletennis.ch\/wp-content\/uploads\/2023\/07\/image00001-scaled.jpeg\"><img decoding=\"async\" class=\"alignnone wp-image-24371 size-large\" src=\"https:\/\/www.swisstabletennis.ch\/wp-content\/uploads\/2023\/07\/image00001-1024x768.jpeg\" alt=\"\" width=\"1024\" height=\"768\" srcset=\"https:\/\/www.swisstabletennis.ch\/wp-content\/uploads\/2023\/07\/image00001-1024x768.jpeg 1024w, https:\/\/www.swisstabletennis.ch\/wp-content\/uploads\/2023\/07\/image00001-300x225.jpeg 300w, https:\/\/www.swisstabletennis.ch\/wp-content\/uploads\/2023\/07\/image00001-768x576.jpeg 768w, https:\/\/www.swisstabletennis.ch\/wp-content\/uploads\/2023\/07\/image00001-1536x1152.jpeg 1536w, https:\/\/www.swisstabletennis.ch\/wp-content\/uploads\/2023\/07\/image00001-2048x1536.jpeg 2048w, https:\/\/www.swisstabletennis.ch\/wp-content\/uploads\/2023\/07\/image00001-370x278.jpeg 370w, https:\/\/www.swisstabletennis.ch\/wp-content\/uploads\/2023\/07\/image00001-818x614.jpeg 818w, https:\/\/www.swisstabletennis.ch\/wp-content\/uploads\/2023\/07\/image00001-406x305.jpeg 406w, https:\/\/www.swisstabletennis.ch\/wp-content\/uploads\/2023\/07\/image00001-600x450.jpeg 600w, https:\/\/www.swisstabletennis.ch\/wp-content\/uploads\/2023\/07\/image00001-500x375.jpeg 500w, https:\/\/www.swisstabletennis.ch\/wp-content\/uploads\/2023\/07\/image00001-400x300.jpeg 400w, https:\/\/www.swisstabletennis.ch\/wp-content\/uploads\/2023\/07\/image00001-32x24.jpeg 32w\" sizes=\"(max-width: 1024px) 100vw, 1024px\" \/><\/a><\/p>\n<p><a href=\"https:\/\/www.swisstabletennis.ch\/fr\/premier-bilan-des-cej-a-gliwice\/\">Lien du premier bilan<\/a><\/p>\n<p><a href=\"https:\/\/www.ettu.org\/en\/events\/european-youth-championships\/draws--amp--results\/\">R\u00e9sultats<\/a><\/p>\n","protected":false},"excerpt":{"rendered":"<p>Texte : Raouf Morsi \/ Photos : ETTU &amp; Priv\u00e9 Apr\u00e8s notre premier bilan des Championnats d&rsquo;Europe Juniors (CEJ) \u00e0&hellip;<\/p>\n","protected":false},"author":8,"featured_media":24373,"comment_status":"closed","ping_status":"closed","sticky":false,"template":"","format":"standard","meta":{"_monsterinsights_skip_tracking":false,"_monsterinsights_sitenote_active":false,"_monsterinsights_sitenote_note":"","_monsterinsights_sitenote_category":0,"footnotes":""},"categories":[118],"tags":[],"class_list":["post-24366","post","type-post","status-publish","format-standard","has-post-thumbnail","hentry","category-sport-d-elite"],"_links":{"self":[{"href":"https:\/\/www.swisstabletennis.ch\/fr\/wp-json\/wp\/v2\/posts\/24366","targetHints":{"allow":["GET"]}}],"collection":[{"href":"https:\/\/www.swisstabletennis.ch\/fr\/wp-json\/wp\/v2\/posts"}],"about":[{"href":"https:\/\/www.swisstabletennis.ch\/fr\/wp-json\/wp\/v2\/types\/post"}],"author":[{"embeddable":true,"href":"https:\/\/www.swisstabletennis.ch\/fr\/wp-json\/wp\/v2\/users\/8"}],"replies":[{"embeddable":true,"href":"https:\/\/www.swisstabletennis.ch\/fr\/wp-json\/wp\/v2\/comments?post=24366"}],"version-history":[{"count":0,"href":"https:\/\/www.swisstabletennis.ch\/fr\/wp-json\/wp\/v2\/posts\/24366\/revisions"}],"wp:featuredmedia":[{"embeddable":true,"href":"https:\/\/www.swisstabletennis.ch\/fr\/wp-json\/wp\/v2\/media\/24373"}],"wp:attachment":[{"href":"https:\/\/www.swisstabletennis.ch\/fr\/wp-json\/wp\/v2\/media?parent=24366"}],"wp:term":[{"taxonomy":"category","embeddable":true,"href":"https:\/\/www.swisstabletennis.ch\/fr\/wp-json\/wp\/v2\/categories?post=24366"},{"taxonomy":"post_tag","embeddable":true,"href":"https:\/\/www.swisstabletennis.ch\/fr\/wp-json\/wp\/v2\/tags?post=24366"}],"curies":[{"name":"wp","href":"https:\/\/api.w.org\/{rel}","templated":true}]}}