{"id":24405,"date":"2023-07-26T13:36:01","date_gmt":"2023-07-26T11:36:01","guid":{"rendered":"https:\/\/www.swisstabletennis.ch\/?p=24405"},"modified":"2023-07-26T13:36:01","modified_gmt":"2023-07-26T11:36:01","slug":"coup-denvoi-des-summer-fisu-world-university-games","status":"publish","type":"post","link":"https:\/\/www.swisstabletennis.ch\/fr\/coup-denvoi-des-summer-fisu-world-university-games\/","title":{"rendered":"Coup d\u2019envoi des Summer FISU World University Games"},"content":{"rendered":"<h6 style=\"text-align: justify;\">La d\u00e9l\u00e9gation suisse de tennis de table, compos\u00e9e d\u2019Elias Hardmeier, Barish Moullet et Filip Karin, accompagn\u00e9s de l\u2019entra\u00eeneur Samir Mulabdic, a pris ses quartiers \u00e0 Chengdu, en Chine, pour les Summer FISU World University Games.<\/h6>\n<p style=\"text-align: justify;\">\n<p style=\"text-align: justify;\">Texte : Raouf Morsi \/ Photos : Samir Mulabdic<\/p>\n<p style=\"text-align: justify;\">\n<p style=\"text-align: justify;\">Ces jeux universitaires mondiaux constituent une occasion unique pour nos pongistes suisses de d\u00e9montrer leur savoir-faire et leur d\u00e9termination sur la sc\u00e8ne internationale.<\/p>\n<p style=\"text-align: justify;\">Pour rappel, <a href=\"https:\/\/www.swisstabletennis.ch\/fr\/summer-fisu-world-university-games-28-juillet-au-8-aout-2023\/\">notre article<\/a> publi\u00e9 en janvier dernier fournissait des d\u00e9tails essentiels sur ce prestigieux tournoi ainsi que sur les crit\u00e8res de s\u00e9lection rigoureux que nos joueurs ont d\u00fb satisfaire pour faire partie de cette d\u00e9l\u00e9gation. Nous vous invitons \u00e0 le relire afin de mieux comprendre l&rsquo;enjeu et le niveau de comp\u00e9tition auquel nos pongistes sont confront\u00e9s.<\/p>\n<p style=\"text-align: justify;\">Nous souhaitons \u00e0 Elias Hardmeier, Barish Moullet, Filip Karin et leur entra\u00eeneur Samir Mulabdic, une exp\u00e9rience m\u00e9morable et couronn\u00e9e de succ\u00e8s \u00e0 Chengdu\u00a0!<\/p>\n<p style=\"text-align: justify;\"><a href=\"https:\/\/www.swisstabletennis.ch\/wp-content\/uploads\/2023\/07\/SamirChengdu-scaled.jpeg\"><img fetchpriority=\"high\" decoding=\"async\" class=\"alignnone wp-image-24409 size-large\" src=\"https:\/\/www.swisstabletennis.ch\/wp-content\/uploads\/2023\/07\/SamirChengdu-1024x768.jpeg\" alt=\"\" width=\"1024\" height=\"768\" srcset=\"https:\/\/www.swisstabletennis.ch\/wp-content\/uploads\/2023\/07\/SamirChengdu-1024x768.jpeg 1024w, https:\/\/www.swisstabletennis.ch\/wp-content\/uploads\/2023\/07\/SamirChengdu-300x225.jpeg 300w, https:\/\/www.swisstabletennis.ch\/wp-content\/uploads\/2023\/07\/SamirChengdu-768x576.jpeg 768w, https:\/\/www.swisstabletennis.ch\/wp-content\/uploads\/2023\/07\/SamirChengdu-1536x1152.jpeg 1536w, https:\/\/www.swisstabletennis.ch\/wp-content\/uploads\/2023\/07\/SamirChengdu-2048x1536.jpeg 2048w, https:\/\/www.swisstabletennis.ch\/wp-content\/uploads\/2023\/07\/SamirChengdu-370x278.jpeg 370w, https:\/\/www.swisstabletennis.ch\/wp-content\/uploads\/2023\/07\/SamirChengdu-818x614.jpeg 818w, https:\/\/www.swisstabletennis.ch\/wp-content\/uploads\/2023\/07\/SamirChengdu-406x305.jpeg 406w, https:\/\/www.swisstabletennis.ch\/wp-content\/uploads\/2023\/07\/SamirChengdu-600x450.jpeg 600w, https:\/\/www.swisstabletennis.ch\/wp-content\/uploads\/2023\/07\/SamirChengdu-500x375.jpeg 500w, https:\/\/www.swisstabletennis.ch\/wp-content\/uploads\/2023\/07\/SamirChengdu-400x300.jpeg 400w, https:\/\/www.swisstabletennis.ch\/wp-content\/uploads\/2023\/07\/SamirChengdu-32x24.jpeg 32w\" sizes=\"(max-width: 1024px) 100vw, 1024px\" \/><\/a><\/p>\n<p style=\"text-align: justify;\">\n","protected":false},"excerpt":{"rendered":"<p>La d\u00e9l\u00e9gation suisse de tennis de table, compos\u00e9e d\u2019Elias Hardmeier, Barish Moullet et Filip Karin, accompagn\u00e9s de l\u2019entra\u00eeneur Samir Mulabdic,&hellip;<\/p>\n","protected":false},"author":8,"featured_media":24406,"comment_status":"closed","ping_status":"closed","sticky":false,"template":"","format":"standard","meta":{"_monsterinsights_skip_tracking":false,"_monsterinsights_sitenote_active":false,"_monsterinsights_sitenote_note":"","_monsterinsights_sitenote_category":0,"footnotes":""},"categories":[118],"tags":[],"class_list":["post-24405","post","type-post","status-publish","format-standard","has-post-thumbnail","hentry","category-sport-d-elite"],"_links":{"self":[{"href":"https:\/\/www.swisstabletennis.ch\/fr\/wp-json\/wp\/v2\/posts\/24405","targetHints":{"allow":["GET"]}}],"collection":[{"href":"https:\/\/www.swisstabletennis.ch\/fr\/wp-json\/wp\/v2\/posts"}],"about":[{"href":"https:\/\/www.swisstabletennis.ch\/fr\/wp-json\/wp\/v2\/types\/post"}],"author":[{"embeddable":true,"href":"https:\/\/www.swisstabletennis.ch\/fr\/wp-json\/wp\/v2\/users\/8"}],"replies":[{"embeddable":true,"href":"https:\/\/www.swisstabletennis.ch\/fr\/wp-json\/wp\/v2\/comments?post=24405"}],"version-history":[{"count":0,"href":"https:\/\/www.swisstabletennis.ch\/fr\/wp-json\/wp\/v2\/posts\/24405\/revisions"}],"wp:featuredmedia":[{"embeddable":true,"href":"https:\/\/www.swisstabletennis.ch\/fr\/wp-json\/wp\/v2\/media\/24406"}],"wp:attachment":[{"href":"https:\/\/www.swisstabletennis.ch\/fr\/wp-json\/wp\/v2\/media?parent=24405"}],"wp:term":[{"taxonomy":"category","embeddable":true,"href":"https:\/\/www.swisstabletennis.ch\/fr\/wp-json\/wp\/v2\/categories?post=24405"},{"taxonomy":"post_tag","embeddable":true,"href":"https:\/\/www.swisstabletennis.ch\/fr\/wp-json\/wp\/v2\/tags?post=24405"}],"curies":[{"name":"wp","href":"https:\/\/api.w.org\/{rel}","templated":true}]}}