{"id":24470,"date":"2023-08-03T14:14:18","date_gmt":"2023-08-03T12:14:18","guid":{"rendered":"https:\/\/www.swisstabletennis.ch\/?p=24470"},"modified":"2023-08-03T22:18:11","modified_gmt":"2023-08-03T20:18:11","slug":"rachel-moret-et-charlotte-luz-fra-au-top4-aux-wtt-feeders-a-havirov","status":"publish","type":"post","link":"https:\/\/www.swisstabletennis.ch\/fr\/rachel-moret-et-charlotte-luz-fra-au-top4-aux-wtt-feeders-a-havirov\/","title":{"rendered":"Rachel Moret et Charlotte Lutz (FRA) au Top4 aux WTT Feeders \u00e0 Havirov"},"content":{"rendered":"<h6>Du 27 au 30 juillet 2023 se sont d\u00e9roul\u00e9es les WTT Feeder \u00e0 Havirov en R\u00e9publique Tch\u00e8que. 3 joueurs suisses \u00e9taient pr\u00e9sents : C\u00e9dric Tschanz, Pedro Osiro et Rachel Moret qui a r\u00e9ussi \u00e0 atteindre les demi-finales dans la cat\u00e9gorie double avec son bin\u00f4me Chalotte Lutz.<\/h6>\n<p>&nbsp;<\/p>\n<p>Texte : Raouf Morsi \/ Photos : WTT<\/p>\n<p>&nbsp;<\/p>\n<p>Les joueurs suisses ont d\u00fb franchir les phases de qualifications pour acc\u00e9der au tableau principal. Pedro Osiro a remport\u00e9 sa premi\u00e8re rencontre avec brio, infligeant un 3-0 sans appel (11:7; 11:6; 11:4) \u00e0 l&rsquo;Autrichien Lukas Kramer, mais a malheureusement d\u00fb s&rsquo;avouer vaincu lors du deuxi\u00e8me tour contre le Maltais Felix Wetzel, sur un score de 0-3 (9:11; 5:11; 8:11).<\/p>\n<figure id=\"attachment_24473\" aria-describedby=\"caption-attachment-24473\" style=\"width: 1024px\" class=\"wp-caption alignnone\"><a href=\"https:\/\/www.swisstabletennis.ch\/wp-content\/uploads\/2023\/08\/53077139168_5cc90bd402_o.jpg\"><img fetchpriority=\"high\" decoding=\"async\" class=\"wp-image-24473 size-large\" src=\"https:\/\/www.swisstabletennis.ch\/wp-content\/uploads\/2023\/08\/53077139168_5cc90bd402_o-1024x659.jpg\" alt=\"\" width=\"1024\" height=\"659\" srcset=\"https:\/\/www.swisstabletennis.ch\/wp-content\/uploads\/2023\/08\/53077139168_5cc90bd402_o-1024x659.jpg 1024w, https:\/\/www.swisstabletennis.ch\/wp-content\/uploads\/2023\/08\/53077139168_5cc90bd402_o-300x193.jpg 300w, https:\/\/www.swisstabletennis.ch\/wp-content\/uploads\/2023\/08\/53077139168_5cc90bd402_o-768x494.jpg 768w, https:\/\/www.swisstabletennis.ch\/wp-content\/uploads\/2023\/08\/53077139168_5cc90bd402_o-1536x989.jpg 1536w, https:\/\/www.swisstabletennis.ch\/wp-content\/uploads\/2023\/08\/53077139168_5cc90bd402_o-370x238.jpg 370w, https:\/\/www.swisstabletennis.ch\/wp-content\/uploads\/2023\/08\/53077139168_5cc90bd402_o-818x527.jpg 818w, https:\/\/www.swisstabletennis.ch\/wp-content\/uploads\/2023\/08\/53077139168_5cc90bd402_o-406x261.jpg 406w, https:\/\/www.swisstabletennis.ch\/wp-content\/uploads\/2023\/08\/53077139168_5cc90bd402_o-600x386.jpg 600w, https:\/\/www.swisstabletennis.ch\/wp-content\/uploads\/2023\/08\/53077139168_5cc90bd402_o-500x322.jpg 500w, https:\/\/www.swisstabletennis.ch\/wp-content\/uploads\/2023\/08\/53077139168_5cc90bd402_o-400x258.jpg 400w, https:\/\/www.swisstabletennis.ch\/wp-content\/uploads\/2023\/08\/53077139168_5cc90bd402_o-32x21.jpg 32w, https:\/\/www.swisstabletennis.ch\/wp-content\/uploads\/2023\/08\/53077139168_5cc90bd402_o.jpg 1920w\" sizes=\"(max-width: 1024px) 100vw, 1024px\" \/><\/a><figcaption id=\"caption-attachment-24473\" class=\"wp-caption-text\">Pedro Osiro<\/figcaption><\/figure>\n<p>De son c\u00f4t\u00e9, C\u00e9dric Tschanz a directement acc\u00e9d\u00e9 au deuxi\u00e8me tour gr\u00e2ce \u00e0 un BYE, mais il a \u00e9t\u00e9 stopp\u00e9 net par le Chinois Congfan Xie dans un match extr\u00eamement disput\u00e9 lors des deux derniers sets. Le r\u00e9sultat final s&rsquo;est sold\u00e9 par un 0-3 en faveur du Chinois (5:11; 11:13; 11:13).<\/p>\n<p>Pedro Osiro et Cedric Tchanz ont form\u00e9s un bin\u00f4me pour concourir dans la cat\u00e9gorie double hommes. Le bin\u00f4me qui a l\u2019habitude de jouer ensemble dans leur club sont pass\u00e9s tr\u00e8s pr\u00e8s de la victoire lors de leur premier match contre le bin\u00f4me chinois Quan-Zeng. Bien que les Suisses aient pris l&rsquo;avantage 2-1 dans le match, leurs adversaires ont invers\u00e9 la tendance pour finalement remporter la victoire avec un score final de 2-3 (9:11; 14:12; 13:11; 5:11; 6:11).<\/p>\n<figure id=\"attachment_24477\" aria-describedby=\"caption-attachment-24477\" style=\"width: 1024px\" class=\"wp-caption alignnone\"><a href=\"https:\/\/www.swisstabletennis.ch\/wp-content\/uploads\/2023\/08\/53006723936_c30652b98b_o.jpg\"><img decoding=\"async\" class=\"wp-image-24477 size-large\" src=\"https:\/\/www.swisstabletennis.ch\/wp-content\/uploads\/2023\/08\/53006723936_c30652b98b_o-1024x683.jpg\" alt=\"\" width=\"1024\" height=\"683\" srcset=\"https:\/\/www.swisstabletennis.ch\/wp-content\/uploads\/2023\/08\/53006723936_c30652b98b_o-1024x683.jpg 1024w, https:\/\/www.swisstabletennis.ch\/wp-content\/uploads\/2023\/08\/53006723936_c30652b98b_o-300x200.jpg 300w, https:\/\/www.swisstabletennis.ch\/wp-content\/uploads\/2023\/08\/53006723936_c30652b98b_o-768x512.jpg 768w, https:\/\/www.swisstabletennis.ch\/wp-content\/uploads\/2023\/08\/53006723936_c30652b98b_o-391x260.jpg 391w, https:\/\/www.swisstabletennis.ch\/wp-content\/uploads\/2023\/08\/53006723936_c30652b98b_o-1536x1024.jpg 1536w, https:\/\/www.swisstabletennis.ch\/wp-content\/uploads\/2023\/08\/53006723936_c30652b98b_o-370x247.jpg 370w, https:\/\/www.swisstabletennis.ch\/wp-content\/uploads\/2023\/08\/53006723936_c30652b98b_o-818x545.jpg 818w, https:\/\/www.swisstabletennis.ch\/wp-content\/uploads\/2023\/08\/53006723936_c30652b98b_o-406x271.jpg 406w, https:\/\/www.swisstabletennis.ch\/wp-content\/uploads\/2023\/08\/53006723936_c30652b98b_o-600x400.jpg 600w, https:\/\/www.swisstabletennis.ch\/wp-content\/uploads\/2023\/08\/53006723936_c30652b98b_o-500x333.jpg 500w, https:\/\/www.swisstabletennis.ch\/wp-content\/uploads\/2023\/08\/53006723936_c30652b98b_o-400x267.jpg 400w, https:\/\/www.swisstabletennis.ch\/wp-content\/uploads\/2023\/08\/53006723936_c30652b98b_o-32x21.jpg 32w, https:\/\/www.swisstabletennis.ch\/wp-content\/uploads\/2023\/08\/53006723936_c30652b98b_o.jpg 1920w\" sizes=\"(max-width: 1024px) 100vw, 1024px\" \/><\/a><figcaption id=\"caption-attachment-24477\" class=\"wp-caption-text\">Pedro Osiro &amp; Cedric Tschanz (WTT Contender Zagreb)<\/figcaption><\/figure>\n<p>Dans la cat\u00e9gorie femme simple, Rachel Moret a directement acc\u00e9d\u00e9 au tableau principal. Dans le Top32, elle a affront\u00e9 la Grecque Elisavet Terpou. Les \u00e9changes de balle ont perdur\u00e9 jusqu\u2019au cinqui\u00e8me set et ce n\u2019est qu\u2019\u00e0 la balle de match et deux points d\u2019\u00e9cart que Rachel Moret s\u2019en est sortie vainqueuse de la rencontre. Victoire serr\u00e9 de 3-2 (11:4; 12:10; 11:4; 9:11; 11:9). Au Top16, la Slovaque Tatiana Kukulkova a mis un terme \u00e0 la progression de la joueuse suisse. Bien que Rachel Moret ait remport\u00e9 le premier set et \u00e9tait dans un avantage de tempo, son adversaire ne s\u2019est pas rel\u00e2ch\u00e9 une fois de toute la rencontre et a compl\u00e9tement retourn\u00e9 la situation \u00e0 son avantage. Fin de tournoi pour la Suissesse au Top16 sur le score de 1-3 (11:9\u00a0; 7:11; 10:12; 7:11).<\/p>\n<figure id=\"attachment_24475\" aria-describedby=\"caption-attachment-24475\" style=\"width: 1024px\" class=\"wp-caption alignnone\"><a href=\"https:\/\/www.swisstabletennis.ch\/wp-content\/uploads\/2023\/08\/53077907302_f8d9a63218_o.jpg\"><img decoding=\"async\" class=\"wp-image-24475 size-large\" src=\"https:\/\/www.swisstabletennis.ch\/wp-content\/uploads\/2023\/08\/53077907302_f8d9a63218_o-1024x556.jpg\" alt=\"\" width=\"1024\" height=\"556\" srcset=\"https:\/\/www.swisstabletennis.ch\/wp-content\/uploads\/2023\/08\/53077907302_f8d9a63218_o-1024x556.jpg 1024w, https:\/\/www.swisstabletennis.ch\/wp-content\/uploads\/2023\/08\/53077907302_f8d9a63218_o-300x163.jpg 300w, https:\/\/www.swisstabletennis.ch\/wp-content\/uploads\/2023\/08\/53077907302_f8d9a63218_o-768x417.jpg 768w, https:\/\/www.swisstabletennis.ch\/wp-content\/uploads\/2023\/08\/53077907302_f8d9a63218_o-1536x834.jpg 1536w, https:\/\/www.swisstabletennis.ch\/wp-content\/uploads\/2023\/08\/53077907302_f8d9a63218_o-370x201.jpg 370w, https:\/\/www.swisstabletennis.ch\/wp-content\/uploads\/2023\/08\/53077907302_f8d9a63218_o-818x444.jpg 818w, https:\/\/www.swisstabletennis.ch\/wp-content\/uploads\/2023\/08\/53077907302_f8d9a63218_o-406x221.jpg 406w, https:\/\/www.swisstabletennis.ch\/wp-content\/uploads\/2023\/08\/53077907302_f8d9a63218_o-600x326.jpg 600w, https:\/\/www.swisstabletennis.ch\/wp-content\/uploads\/2023\/08\/53077907302_f8d9a63218_o-500x272.jpg 500w, https:\/\/www.swisstabletennis.ch\/wp-content\/uploads\/2023\/08\/53077907302_f8d9a63218_o-400x217.jpg 400w, https:\/\/www.swisstabletennis.ch\/wp-content\/uploads\/2023\/08\/53077907302_f8d9a63218_o-32x17.jpg 32w, https:\/\/www.swisstabletennis.ch\/wp-content\/uploads\/2023\/08\/53077907302_f8d9a63218_o.jpg 1920w\" sizes=\"(max-width: 1024px) 100vw, 1024px\" \/><\/a><figcaption id=\"caption-attachment-24475\" class=\"wp-caption-text\">Rachel Moret<\/figcaption><\/figure>\n<p>En cat\u00e9gorie femme double, elle a form\u00e9 un groupe avec la fran\u00e7aise Charlotte Lutz (98<sup>\u00e8me<\/sup> mondiale). Charlotte Lutz est connue pour avoir remport\u00e9 de nombreux titres de championne de France et constitue aujourd\u2019hui avec sa s\u0153ur, Camille Lutz, la rel\u00e8ve pour les Jeux Olympiques 2024. Le bin\u00f4me helv\u00e9tico-fran\u00e7ais s\u2019est directement retrouv\u00e9 dans le Top8 o\u00f9 elles ont affront\u00e9 le bin\u00f4me Tch\u00e8que Tomanovska-Blaskova. Malgr\u00e9 un d\u00e9but difficile, le bin\u00f4me Moret-Lutz a rapidement retrouv\u00e9 son rythme et a finalement d\u00e9croch\u00e9 sa place en demi-finales avec un score de 3-1 (7:11; 11:4; 11:8; 11:5). En demi-finale, face au duo croate Surjan-Lupulekku, Rachel et Charlotte ont tout donn\u00e9 mais n&rsquo;ont pas r\u00e9ussi \u00e0 suivre la cadence impos\u00e9e par leurs adversaires, conc\u00e9dant la victoire sur un score de 1-3 (11:9; 4:11; 8:11; 5:11).<\/p>\n<p>Malgr\u00e9 une performance qui les a conduites au Top4, Rachel Moret et Charlotte Lutz n&rsquo;ont malheureusement pas re\u00e7u de m\u00e9daille ou de troph\u00e9e\u2026<\/p>\n<figure id=\"attachment_24479\" aria-describedby=\"caption-attachment-24479\" style=\"width: 852px\" class=\"wp-caption alignnone\"><a href=\"https:\/\/www.swisstabletennis.ch\/wp-content\/uploads\/2023\/08\/53080807705_1d51cf9933_b.jpg\"><img loading=\"lazy\" decoding=\"async\" class=\"wp-image-24479 size-full\" src=\"https:\/\/www.swisstabletennis.ch\/wp-content\/uploads\/2023\/08\/53080807705_1d51cf9933_b.jpg\" alt=\"\" width=\"852\" height=\"1024\" srcset=\"https:\/\/www.swisstabletennis.ch\/wp-content\/uploads\/2023\/08\/53080807705_1d51cf9933_b.jpg 852w, https:\/\/www.swisstabletennis.ch\/wp-content\/uploads\/2023\/08\/53080807705_1d51cf9933_b-250x300.jpg 250w, https:\/\/www.swisstabletennis.ch\/wp-content\/uploads\/2023\/08\/53080807705_1d51cf9933_b-768x923.jpg 768w, https:\/\/www.swisstabletennis.ch\/wp-content\/uploads\/2023\/08\/53080807705_1d51cf9933_b-370x445.jpg 370w, https:\/\/www.swisstabletennis.ch\/wp-content\/uploads\/2023\/08\/53080807705_1d51cf9933_b-818x983.jpg 818w, https:\/\/www.swisstabletennis.ch\/wp-content\/uploads\/2023\/08\/53080807705_1d51cf9933_b-406x488.jpg 406w, https:\/\/www.swisstabletennis.ch\/wp-content\/uploads\/2023\/08\/53080807705_1d51cf9933_b-600x721.jpg 600w, https:\/\/www.swisstabletennis.ch\/wp-content\/uploads\/2023\/08\/53080807705_1d51cf9933_b-416x500.jpg 416w, https:\/\/www.swisstabletennis.ch\/wp-content\/uploads\/2023\/08\/53080807705_1d51cf9933_b-333x400.jpg 333w, https:\/\/www.swisstabletennis.ch\/wp-content\/uploads\/2023\/08\/53080807705_1d51cf9933_b-27x32.jpg 27w\" sizes=\"(max-width: 852px) 100vw, 852px\" \/><\/a><figcaption id=\"caption-attachment-24479\" class=\"wp-caption-text\">Rachel Moret &amp; Charlotte Lutz<\/figcaption><\/figure>\n<p><a href=\"https:\/\/worldtabletennis.com\/eventInfo?selectedTab=Results&amp;eventId=2750\">R\u00e9sultats<\/a><\/p>\n","protected":false},"excerpt":{"rendered":"<p>Du 27 au 30 juillet 2023 se sont d\u00e9roul\u00e9es les WTT Feeder \u00e0 Havirov en R\u00e9publique Tch\u00e8que. 3 joueurs suisses&hellip;<\/p>\n","protected":false},"author":8,"featured_media":24471,"comment_status":"closed","ping_status":"closed","sticky":false,"template":"","format":"standard","meta":{"_monsterinsights_skip_tracking":false,"_monsterinsights_sitenote_active":false,"_monsterinsights_sitenote_note":"","_monsterinsights_sitenote_category":0,"footnotes":""},"categories":[118],"tags":[],"class_list":["post-24470","post","type-post","status-publish","format-standard","has-post-thumbnail","hentry","category-sport-d-elite"],"_links":{"self":[{"href":"https:\/\/www.swisstabletennis.ch\/fr\/wp-json\/wp\/v2\/posts\/24470","targetHints":{"allow":["GET"]}}],"collection":[{"href":"https:\/\/www.swisstabletennis.ch\/fr\/wp-json\/wp\/v2\/posts"}],"about":[{"href":"https:\/\/www.swisstabletennis.ch\/fr\/wp-json\/wp\/v2\/types\/post"}],"author":[{"embeddable":true,"href":"https:\/\/www.swisstabletennis.ch\/fr\/wp-json\/wp\/v2\/users\/8"}],"replies":[{"embeddable":true,"href":"https:\/\/www.swisstabletennis.ch\/fr\/wp-json\/wp\/v2\/comments?post=24470"}],"version-history":[{"count":0,"href":"https:\/\/www.swisstabletennis.ch\/fr\/wp-json\/wp\/v2\/posts\/24470\/revisions"}],"wp:featuredmedia":[{"embeddable":true,"href":"https:\/\/www.swisstabletennis.ch\/fr\/wp-json\/wp\/v2\/media\/24471"}],"wp:attachment":[{"href":"https:\/\/www.swisstabletennis.ch\/fr\/wp-json\/wp\/v2\/media?parent=24470"}],"wp:term":[{"taxonomy":"category","embeddable":true,"href":"https:\/\/www.swisstabletennis.ch\/fr\/wp-json\/wp\/v2\/categories?post=24470"},{"taxonomy":"post_tag","embeddable":true,"href":"https:\/\/www.swisstabletennis.ch\/fr\/wp-json\/wp\/v2\/tags?post=24470"}],"curies":[{"name":"wp","href":"https:\/\/api.w.org\/{rel}","templated":true}]}}