{"id":24648,"date":"2023-08-16T15:19:20","date_gmt":"2023-08-16T13:19:20","guid":{"rendered":"https:\/\/www.swisstabletennis.ch\/?p=24648"},"modified":"2023-08-17T14:06:47","modified_gmt":"2023-08-17T12:06:47","slug":"la-delegation-suisse-devoilee-pour-les-championnats-deurope-a-malmo","status":"publish","type":"post","link":"https:\/\/www.swisstabletennis.ch\/fr\/la-delegation-suisse-devoilee-pour-les-championnats-deurope-a-malmo\/","title":{"rendered":"La d\u00e9l\u00e9gation Suisse d\u00e9voil\u00e9e pour les Championnats d&rsquo;Europe \u00e0 Malm\u00f6"},"content":{"rendered":"<h6>\u00c0 l&rsquo;issue d&rsquo;un dernier camp d&rsquo;entra\u00eenement, la composition de la d\u00e9l\u00e9gation suisse pour les prochains Championnats d&rsquo;Europe \u00e0 Malm\u00f6 qui auront lieu du 10 au 17 septembre a \u00e9t\u00e9 officiellement d\u00e9voil\u00e9e. L&rsquo;\u00e9quipe est d\u00e9sormais form\u00e9e, r\u00e9unissant les athl\u00e8tes Elias Hardmeier, Chaitanya Vepa, Pedro Osiro et Lo\u00efc Stoll.<\/h6>\n<p>&nbsp;<\/p>\n<p>Texte\u00a0: Raouf Morsi \/ Photo\u00a0: Ren\u00e9 Zwald<\/p>\n<p>&nbsp;<\/p>\n<p>Une nouvelle \u00e8re s&rsquo;annonce avec Elias Hardmeier qui acc\u00e8de pour la premi\u00e8re fois \u00e0 la fonction prestigieuse de capitaine de l&rsquo;\u00e9quipe suisse. Ce r\u00f4le, autrefois incarn\u00e9 par Lionel Weber, s&rsquo;est lib\u00e9r\u00e9 \u00e0 la suite du retrait de ce dernier de la sc\u00e8ne nationale, un sujet que nous avons explor\u00e9 en profondeur l&rsquo;ann\u00e9e derni\u00e8re dans un article pr\u00e9c\u00e9dent sur <a href=\"https:\/\/www.swisstabletennis.ch\/fr\/interview-avec-lionel-weber\/\">Sidespin<\/a>.<\/p>\n<p>L&rsquo;objectif majeur de ce tournoi est clairement d\u00e9fini : chaque joueur s&rsquo;efforcera de d\u00e9crocher une \u00e0 deux victoires individuellement.<\/p>\n<p>En ce qui concerne les matchs en \u00e9quipe, la Suisse devra faire face \u00e0 des duels de taille, notamment contre la Croatie et l&rsquo;Autriche contre lesquelles elle a \u00e9t\u00e9 assign\u00e9e au groupe E. Ces adversaires ont confirm\u00e9 leur pr\u00e9sence sans encombre lors du premier tour.<\/p>\n<p>Nous souhaitons beaucoup de succ\u00e8s \u00e0 nos athl\u00e8tes !<\/p>\n","protected":false},"excerpt":{"rendered":"<p>\u00c0 l&rsquo;issue d&rsquo;un dernier camp d&rsquo;entra\u00eenement, la composition de la d\u00e9l\u00e9gation suisse pour les prochains Championnats d&rsquo;Europe \u00e0 Malm\u00f6 qui&hellip;<\/p>\n","protected":false},"author":8,"featured_media":24649,"comment_status":"closed","ping_status":"closed","sticky":false,"template":"","format":"standard","meta":{"_monsterinsights_skip_tracking":false,"_monsterinsights_sitenote_active":false,"_monsterinsights_sitenote_note":"","_monsterinsights_sitenote_category":0,"footnotes":""},"categories":[118],"tags":[],"class_list":["post-24648","post","type-post","status-publish","format-standard","has-post-thumbnail","hentry","category-sport-d-elite"],"_links":{"self":[{"href":"https:\/\/www.swisstabletennis.ch\/fr\/wp-json\/wp\/v2\/posts\/24648","targetHints":{"allow":["GET"]}}],"collection":[{"href":"https:\/\/www.swisstabletennis.ch\/fr\/wp-json\/wp\/v2\/posts"}],"about":[{"href":"https:\/\/www.swisstabletennis.ch\/fr\/wp-json\/wp\/v2\/types\/post"}],"author":[{"embeddable":true,"href":"https:\/\/www.swisstabletennis.ch\/fr\/wp-json\/wp\/v2\/users\/8"}],"replies":[{"embeddable":true,"href":"https:\/\/www.swisstabletennis.ch\/fr\/wp-json\/wp\/v2\/comments?post=24648"}],"version-history":[{"count":0,"href":"https:\/\/www.swisstabletennis.ch\/fr\/wp-json\/wp\/v2\/posts\/24648\/revisions"}],"wp:featuredmedia":[{"embeddable":true,"href":"https:\/\/www.swisstabletennis.ch\/fr\/wp-json\/wp\/v2\/media\/24649"}],"wp:attachment":[{"href":"https:\/\/www.swisstabletennis.ch\/fr\/wp-json\/wp\/v2\/media?parent=24648"}],"wp:term":[{"taxonomy":"category","embeddable":true,"href":"https:\/\/www.swisstabletennis.ch\/fr\/wp-json\/wp\/v2\/categories?post=24648"},{"taxonomy":"post_tag","embeddable":true,"href":"https:\/\/www.swisstabletennis.ch\/fr\/wp-json\/wp\/v2\/tags?post=24648"}],"curies":[{"name":"wp","href":"https:\/\/api.w.org\/{rel}","templated":true}]}}