{"id":25218,"date":"2023-09-12T13:20:21","date_gmt":"2023-09-12T11:20:21","guid":{"rendered":"https:\/\/www.swisstabletennis.ch\/?p=25218"},"modified":"2023-09-12T15:07:19","modified_gmt":"2023-09-12T13:07:19","slug":"anton-lehmann-sen-est-alle","status":"publish","type":"post","link":"https:\/\/www.swisstabletennis.ch\/fr\/anton-lehmann-sen-est-alle\/","title":{"rendered":"Anton Lehmann s&rsquo;en est all\u00e9"},"content":{"rendered":"<p><strong>Je n&rsquo;ai pas encore le temps de mourir !<\/strong><\/p>\n<p>Ces mots, Anton Lehmann les a prononc\u00e9s ou \u00e9crits \u00e0 plusieurs reprises au cours des derniers mois, montrant ainsi sa vision positive de la vie. Il vient de perdre son combat contre une maladie insidieuse.<\/p>\n<p>Avec Anton Lehmann, le tennis de table suisse perd une personnalit\u00e9 brillante qui a marqu\u00e9 durablement l&rsquo;histoire de notre sport en occupant diff\u00e9rentes fonctions. Dans les ann\u00e9es 60 et 70, le jeune \u00e9tudiant Toni \u00e9tait membre de la sc\u00e8ne alternative \u00e0 Berne et partisan des trotskistes. En 1974, il a \u00e9t\u00e9 le premier \u00e0 fonder une colocation \u00e0 Berne, dont il a r\u00e9cemment \u00e9crit l&rsquo;histoire dans le livre tr\u00e8s remarqu\u00e9 \u00ab\u00a0Er wohnt in einer stadtbekannten Kommune\u00a0\u00bb. Outre sa vie d&rsquo;\u00e9tudiant mouvement\u00e9e, o\u00f9 il a \u00e9t\u00e9 exclu de l&rsquo;universit\u00e9 pendant un certain temps en raison de ses opinions politiques, il a \u00e9t\u00e9 membre de la l\u00e9gendaire \u00e9quipe d&rsquo;Elite Berne (plus tard GGB) et a remport\u00e9 plusieurs titres de champion suisse par \u00e9quipe avec Marcel Grimm et Bernard Chatton. Il \u00e9tait \u00e9galement membre de l&rsquo;\u00e9quipe nationale suisse et a \u00e9galement repr\u00e9sent\u00e9 la Suisse aux championnats du monde de 1969 \u00e0 Munich.<\/p>\n<p><a href=\"https:\/\/www.swisstabletennis.ch\/wp-content\/uploads\/2023\/09\/Berner-TT-Auswahl.jpg\"><img fetchpriority=\"high\" decoding=\"async\" class=\"alignnone wp-image-25222 size-full\" src=\"https:\/\/www.swisstabletennis.ch\/wp-content\/uploads\/2023\/09\/Berner-TT-Auswahl.jpg\" alt=\"\" width=\"905\" height=\"563\" srcset=\"https:\/\/www.swisstabletennis.ch\/wp-content\/uploads\/2023\/09\/Berner-TT-Auswahl.jpg 905w, https:\/\/www.swisstabletennis.ch\/wp-content\/uploads\/2023\/09\/Berner-TT-Auswahl-300x187.jpg 300w, https:\/\/www.swisstabletennis.ch\/wp-content\/uploads\/2023\/09\/Berner-TT-Auswahl-768x478.jpg 768w, https:\/\/www.swisstabletennis.ch\/wp-content\/uploads\/2023\/09\/Berner-TT-Auswahl-370x230.jpg 370w, https:\/\/www.swisstabletennis.ch\/wp-content\/uploads\/2023\/09\/Berner-TT-Auswahl-818x509.jpg 818w, https:\/\/www.swisstabletennis.ch\/wp-content\/uploads\/2023\/09\/Berner-TT-Auswahl-406x253.jpg 406w, https:\/\/www.swisstabletennis.ch\/wp-content\/uploads\/2023\/09\/Berner-TT-Auswahl-600x373.jpg 600w, https:\/\/www.swisstabletennis.ch\/wp-content\/uploads\/2023\/09\/Berner-TT-Auswahl-500x311.jpg 500w, https:\/\/www.swisstabletennis.ch\/wp-content\/uploads\/2023\/09\/Berner-TT-Auswahl-400x249.jpg 400w, https:\/\/www.swisstabletennis.ch\/wp-content\/uploads\/2023\/09\/Berner-TT-Auswahl-32x20.jpg 32w\" sizes=\"(max-width: 905px) 100vw, 905px\" \/><\/a><br \/>\n<em>env. 1982 &#8211; S\u00e9lection bernoise de TT (de gauche \u00e0 droite : les bernois Beat Schladitz, Anton Lehmann, Adrian D\u00fcrig, Bernard Chatton) avec les meilleurs joueurs chinois de l&rsquo;\u00e9poque<\/em><\/p>\n<p>Dans les ann\u00e9es 70, Anton a de plus en plus mis ses connaissances \u00e0 disposition des jeunes joueurs en tant qu&rsquo;entra\u00eeneur. En 1978, malgr\u00e9 son pass\u00e9 politique, il a \u00e9t\u00e9 engag\u00e9 par l&rsquo;Ecole f\u00e9d\u00e9rale de sport de Macolin en tant que premier responsable du tennis de table dans Jeunesse et Sport, et a ainsi \u00e9t\u00e9 en premi\u00e8re ligne pour la mise en place de la formation et du perfectionnement des entra\u00eeneurs en Suisse.<\/p>\n<p>En 1986, j&rsquo;ai eu l&rsquo;occasion de faire un voyage d&rsquo;\u00e9tude de cinq semaines \u00e0 travers la Chine avec Daniel Allg\u00f6wer et Toni, sur mandat de l&rsquo;Ecole de sport de Macolin, ce qui nous a permis de d\u00e9couvrir de mani\u00e8re impressionnante la Chine, la grande puissance du tennis de table. Au d\u00e9but des ann\u00e9es 90, Anton m&rsquo;a confi\u00e9 la direction de la discipline Jeunesse+Sport, mais il a continu\u00e9 \u00e0 s&rsquo;int\u00e9resser au tennis de table dans diff\u00e9rentes fonctions. Il a v\u00e9cu son deuxi\u00e8me printemps en tant que joueur dans les cat\u00e9gories seniors et a \u00e9galement particip\u00e9 \u00e0 diff\u00e9rents championnats du monde et d&rsquo;Europe seniors.<\/p>\n<p>Depuis de nombreuses ann\u00e9es, Anton \u00e9tait secr\u00e9taire du Swaythlingclub de Suisse et r\u00e9digeait dans cette fonction, gr\u00e2ce \u00e0 ses comp\u00e9tences journalistiques, des n\u00e9crologies bien r\u00e9dig\u00e9es de grands noms du tennis de table comme Hugo Urchetti, Lazlo F\u00f6ldy ou encore Jacques Secretin. J&rsquo;ai maintenant eu l&rsquo;honneur de r\u00e9diger la n\u00e9crologie d&rsquo;Anton Lehmann, qui a laiss\u00e9 des traces durables sur la sc\u00e8ne du tennis de table suisse et \u00e0 la famille duquel nous adressons nos sinc\u00e8res condol\u00e9ances au nom de Swiss Table Tennis ! RIP Toni !<\/p>\n<p><em>Georg Silberschmidt<\/em><\/p>\n<p>&nbsp;<\/p>\n<p>Mon souvenir d&rsquo;Anton est celui d&rsquo;une personne toujours de bonne humeur, souriante, pr\u00eate \u00e0 recevoir et \u00e0 mettre de l&rsquo;ambiance autour d&rsquo;elle<\/p>\n<p>Sans oublier son sens de l&rsquo;humour :<\/p>\n<p>Il y a quelques ann\u00e9es, je l&rsquo;ai rencontr\u00e9 quelque part entre Berne et Zurich \u00e0 l&rsquo;occasion d&rsquo;un championnat suisse senior (j&rsquo;ai oubli\u00e9 o\u00f9 se d\u00e9roulait le championnat). C&rsquo;\u00e9tait la premi\u00e8re fois que nous nous rencontrions apr\u00e8s 20 ans ou plus. Une amie m&rsquo;accompagnait, elle voulait voir du tennis de table, elle est vietnamienne. Il nous a invit\u00e9es \u00e0 nous asseoir \u00e0 sa table la veille car nous \u00e9tions dans le m\u00eame h\u00f4tel. Nous avons parl\u00e9 ( en fran\u00e7ais, il parlait couramment) et au bout d&rsquo;un moment il a demand\u00e9 \u00e0 mon amie : d&rsquo;o\u00f9 venez-vous et elle a dit Gen\u00e8ve. Il lui a demand\u00e9 avec un l\u00e9ger accent suisse allemand : <em>voui, mais avant ?<\/em><\/p>\n<p><em>Mich\u00e8le Stirn<\/em><\/p>\n<p><em>\u00a0<\/em><\/p>\n<p>Cher Anton, nous nous sommes rencontr\u00e9s il y a plus de 54 ans. Gr\u00e2ce \u00e0 notre passion commune, le tennis de table, et \u00e0 d&rsquo;innombrables manifestations TT, voyages, organisations de cours, camps d&rsquo;entra\u00eenement (et bien s\u00fbr aussi des f\u00eates d&rsquo;anniversaire), notre amiti\u00e9 s&rsquo;est approfondie. Je te remercie chaleureusement pour les nombreuses ann\u00e9es, jours et heures que nous avons pu passer ensemble.<\/p>\n<p>Repose en paix, Adieu my dear friend !<\/p>\n<p><em>Theresia F\u00f6ldy<\/em><\/p>\n<p>&nbsp;<\/p>\n<p>Anton Lehmann \u00e9tait une personne pleine d&rsquo;humour, engag\u00e9e et combative, avec laquelle j&rsquo;ai toujours aim\u00e9 \u00e9changer et qui va me manquer.<\/p>\n<p><em>Thomas Busin<\/em><\/p>\n<p>&nbsp;<\/p>\n<p>J&rsquo;ai trouv\u00e9 qu&rsquo;Anton Lehmann \u00e9tait une personne incroyablement polyvalente, curieuse et ouverte. \u00ab\u00a0Anton tu nous manques !\u00a0\u00bb<\/p>\n<p><em>Thomas Sadecky<\/em><\/p>\n","protected":false},"excerpt":{"rendered":"<p>Je n&rsquo;ai pas encore le temps de mourir ! Ces mots, Anton Lehmann les a prononc\u00e9s ou \u00e9crits \u00e0 plusieurs&hellip;<\/p>\n","protected":false},"author":8,"featured_media":25214,"comment_status":"closed","ping_status":"closed","sticky":false,"template":"","format":"standard","meta":{"_monsterinsights_skip_tracking":false,"_monsterinsights_sitenote_active":false,"_monsterinsights_sitenote_note":"","_monsterinsights_sitenote_category":0,"footnotes":""},"categories":[120],"tags":[],"class_list":["post-25218","post","type-post","status-publish","format-standard","has-post-thumbnail","hentry","category-stt-news-kategorie-fr"],"_links":{"self":[{"href":"https:\/\/www.swisstabletennis.ch\/fr\/wp-json\/wp\/v2\/posts\/25218","targetHints":{"allow":["GET"]}}],"collection":[{"href":"https:\/\/www.swisstabletennis.ch\/fr\/wp-json\/wp\/v2\/posts"}],"about":[{"href":"https:\/\/www.swisstabletennis.ch\/fr\/wp-json\/wp\/v2\/types\/post"}],"author":[{"embeddable":true,"href":"https:\/\/www.swisstabletennis.ch\/fr\/wp-json\/wp\/v2\/users\/8"}],"replies":[{"embeddable":true,"href":"https:\/\/www.swisstabletennis.ch\/fr\/wp-json\/wp\/v2\/comments?post=25218"}],"version-history":[{"count":0,"href":"https:\/\/www.swisstabletennis.ch\/fr\/wp-json\/wp\/v2\/posts\/25218\/revisions"}],"wp:featuredmedia":[{"embeddable":true,"href":"https:\/\/www.swisstabletennis.ch\/fr\/wp-json\/wp\/v2\/media\/25214"}],"wp:attachment":[{"href":"https:\/\/www.swisstabletennis.ch\/fr\/wp-json\/wp\/v2\/media?parent=25218"}],"wp:term":[{"taxonomy":"category","embeddable":true,"href":"https:\/\/www.swisstabletennis.ch\/fr\/wp-json\/wp\/v2\/categories?post=25218"},{"taxonomy":"post_tag","embeddable":true,"href":"https:\/\/www.swisstabletennis.ch\/fr\/wp-json\/wp\/v2\/tags?post=25218"}],"curies":[{"name":"wp","href":"https:\/\/api.w.org\/{rel}","templated":true}]}}