{"id":25413,"date":"2023-09-13T13:45:41","date_gmt":"2023-09-13T11:45:41","guid":{"rendered":"https:\/\/www.swisstabletennis.ch\/?p=25413"},"modified":"2023-09-14T08:40:04","modified_gmt":"2023-09-14T06:40:04","slug":"une-suisse-discrete-aux-ce-par-equipes","status":"publish","type":"post","link":"https:\/\/www.swisstabletennis.ch\/fr\/une-suisse-discrete-aux-ce-par-equipes\/","title":{"rendered":"Une Suisse discr\u00e8te aux CE par \u00e9quipes"},"content":{"rendered":"<h6>Du 10 au 12 septembre, l\u2019\u00e9quipe nationale suisse de tennis de table s&rsquo;est rendue \u00e0 Malm\u00f6 pour participer aux tr\u00e8s attendus Championnats europ\u00e9ens par \u00e9quipes. Malheureusement, la Suisse n&rsquo;a pas \u00e9t\u00e9 en mesure de faire valoir son jeu et a essuy\u00e9 des d\u00e9faites cuisantes. Elle a cependant acquis une exp\u00e9rience enrichisante tout en d\u00e9montrant un bon niveau de jeu.<\/h6>\n<p>&nbsp;<\/p>\n<p>Texte: Raouf Morsi \/ Photos: ETTU<\/p>\n<p>&nbsp;<\/p>\n<p>L&rsquo;\u00e9quipe, compos\u00e9e d&rsquo;Elias Hardmeier, Chaitanya Vepa, Pedro Osiro et Lo\u00efc Stoll, a \u00e9t\u00e9 plac\u00e9e dans le groupe E, o\u00f9 elle a \u00e9t\u00e9 confront\u00e9e \u00e0 deux adversaires redoutables.<br \/>\nFace \u00e0 la Croatie, lors du premier match, Lo\u00efc Stoll a pu tenir t\u00eate \u00e0 Andrej Gacina (54\u00e8me mondial), mais l&rsquo;attaque du num\u00e9ro un croatien a fini par faire conc\u00e9der le Suisse sur le score de 0-3 (8-11 ; 7-11 ; 6-11). Elias Hardmeier n&rsquo;a pas r\u00e9ussi \u00e0 s&rsquo;imposer contre Tomislav Pucar, subissant une lourde d\u00e9faite de 0-3 (5-11 ; 4-11 ; 3-11). Pedro Osiro, quant \u00e0 lui, s&rsquo;est battu avec vaillance contre Filip Zeljok, poussant le Croate jusqu&rsquo;au cinqui\u00e8me set. Cependant, ce dernier a finalement remport\u00e9 le set d\u00e9cisif (8-11 ; 9-11 ; 11-8 ; 11-7 ; 4-11), scellant ainsi la d\u00e9faite de l&rsquo;\u00e9quipe suisse sur un score de 0-3.<\/p>\n<figure id=\"attachment_25410\" aria-describedby=\"caption-attachment-25410\" style=\"width: 1024px\" class=\"wp-caption alignnone\"><a href=\"https:\/\/www.swisstabletennis.ch\/wp-content\/uploads\/2023\/09\/53182225547_16dd70eddd_k-1024x683.jpg\"><img fetchpriority=\"high\" decoding=\"async\" class=\"wp-image-25410 size-large\" src=\"https:\/\/www.swisstabletennis.ch\/wp-content\/uploads\/2023\/09\/53182225547_16dd70eddd_k-1024x683.jpg\" alt=\"\" width=\"1024\" height=\"683\" srcset=\"https:\/\/www.swisstabletennis.ch\/wp-content\/uploads\/2023\/09\/53182225547_16dd70eddd_k-1024x683.jpg 1024w, https:\/\/www.swisstabletennis.ch\/wp-content\/uploads\/2023\/09\/53182225547_16dd70eddd_k-300x200.jpg 300w, https:\/\/www.swisstabletennis.ch\/wp-content\/uploads\/2023\/09\/53182225547_16dd70eddd_k-768x512.jpg 768w, https:\/\/www.swisstabletennis.ch\/wp-content\/uploads\/2023\/09\/53182225547_16dd70eddd_k-391x260.jpg 391w, https:\/\/www.swisstabletennis.ch\/wp-content\/uploads\/2023\/09\/53182225547_16dd70eddd_k-1536x1024.jpg 1536w, https:\/\/www.swisstabletennis.ch\/wp-content\/uploads\/2023\/09\/53182225547_16dd70eddd_k-370x247.jpg 370w, https:\/\/www.swisstabletennis.ch\/wp-content\/uploads\/2023\/09\/53182225547_16dd70eddd_k-818x545.jpg 818w, https:\/\/www.swisstabletennis.ch\/wp-content\/uploads\/2023\/09\/53182225547_16dd70eddd_k-406x271.jpg 406w, https:\/\/www.swisstabletennis.ch\/wp-content\/uploads\/2023\/09\/53182225547_16dd70eddd_k-600x400.jpg 600w, https:\/\/www.swisstabletennis.ch\/wp-content\/uploads\/2023\/09\/53182225547_16dd70eddd_k-500x333.jpg 500w, https:\/\/www.swisstabletennis.ch\/wp-content\/uploads\/2023\/09\/53182225547_16dd70eddd_k-400x267.jpg 400w, https:\/\/www.swisstabletennis.ch\/wp-content\/uploads\/2023\/09\/53182225547_16dd70eddd_k-32x21.jpg 32w, https:\/\/www.swisstabletennis.ch\/wp-content\/uploads\/2023\/09\/53182225547_16dd70eddd_k.jpg 2048w\" sizes=\"(max-width: 1024px) 100vw, 1024px\" \/><\/a><figcaption id=\"caption-attachment-25410\" class=\"wp-caption-text\">Pedro Osiro<\/figcaption><\/figure>\n<p>Deux jours plus tard, l&rsquo;\u00e9quipe suisse a d\u00fb affronter nos voisins autrichiens. Elias Hardmeier a encore eu du mal \u00e0 trouver son rythme et a subi une nouvelle d\u00e9faite de 0-3 (5-11 ; 8-11 ; 2-11) contre Andreas Levenko. Malgr\u00e9 un premier set encourageant, Lo\u00efc Stoll n&rsquo;a pas r\u00e9ussi \u00e0 prendre le dessus avec sa d\u00e9fense et a fini par s&rsquo;incliner sur le score de 0-3 (14-16 ; 7-11 ; 2-11). Pedro Osiro n&rsquo;a pas r\u00e9ussi \u00e0 r\u00e9p\u00e9ter sa performance contre la Croatie et a \u00e9galement termin\u00e9 son match sur le score de 0-3 (8-11 ; 4-11 ; 3-11) concluant ainsi une nouvelle d\u00e9faite 0-3 pour l\u2019\u00e9quipe suisse.<\/p>\n<figure id=\"attachment_25408\" aria-describedby=\"caption-attachment-25408\" style=\"width: 1024px\" class=\"wp-caption alignnone\"><a href=\"https:\/\/www.swisstabletennis.ch\/wp-content\/uploads\/2023\/09\/53177240296_2dd1b1014e_k-1024x683.jpg\"><img decoding=\"async\" class=\"wp-image-25408 size-large\" src=\"https:\/\/www.swisstabletennis.ch\/wp-content\/uploads\/2023\/09\/53177240296_2dd1b1014e_k-1024x683.jpg\" alt=\"\" width=\"1024\" height=\"683\" srcset=\"https:\/\/www.swisstabletennis.ch\/wp-content\/uploads\/2023\/09\/53177240296_2dd1b1014e_k-1024x683.jpg 1024w, https:\/\/www.swisstabletennis.ch\/wp-content\/uploads\/2023\/09\/53177240296_2dd1b1014e_k-300x200.jpg 300w, https:\/\/www.swisstabletennis.ch\/wp-content\/uploads\/2023\/09\/53177240296_2dd1b1014e_k-768x512.jpg 768w, https:\/\/www.swisstabletennis.ch\/wp-content\/uploads\/2023\/09\/53177240296_2dd1b1014e_k-391x260.jpg 391w, https:\/\/www.swisstabletennis.ch\/wp-content\/uploads\/2023\/09\/53177240296_2dd1b1014e_k-1536x1024.jpg 1536w, https:\/\/www.swisstabletennis.ch\/wp-content\/uploads\/2023\/09\/53177240296_2dd1b1014e_k-370x247.jpg 370w, https:\/\/www.swisstabletennis.ch\/wp-content\/uploads\/2023\/09\/53177240296_2dd1b1014e_k-818x545.jpg 818w, https:\/\/www.swisstabletennis.ch\/wp-content\/uploads\/2023\/09\/53177240296_2dd1b1014e_k-406x271.jpg 406w, https:\/\/www.swisstabletennis.ch\/wp-content\/uploads\/2023\/09\/53177240296_2dd1b1014e_k-600x400.jpg 600w, https:\/\/www.swisstabletennis.ch\/wp-content\/uploads\/2023\/09\/53177240296_2dd1b1014e_k-500x333.jpg 500w, https:\/\/www.swisstabletennis.ch\/wp-content\/uploads\/2023\/09\/53177240296_2dd1b1014e_k-400x267.jpg 400w, https:\/\/www.swisstabletennis.ch\/wp-content\/uploads\/2023\/09\/53177240296_2dd1b1014e_k-32x21.jpg 32w, https:\/\/www.swisstabletennis.ch\/wp-content\/uploads\/2023\/09\/53177240296_2dd1b1014e_k.jpg 2048w\" sizes=\"(max-width: 1024px) 100vw, 1024px\" \/><\/a><figcaption id=\"caption-attachment-25408\" class=\"wp-caption-text\">Elias Hardmeier<\/figcaption><\/figure>\n<p>L&rsquo;objectif majeur, qui \u00e9tait que chaque joueur remporte individuellement une ou deux victoires, n&rsquo;a malheureusement pas \u00e9t\u00e9 r\u00e9alis\u00e9, mais la performance globale a \u00e9t\u00e9 \u00e0 la hauteur des attentes. Pedro Osiro s&rsquo;est trouv\u00e9 tout pr\u00e8s d&rsquo;atteindre cet objectif lors de son affrontement contre la Croatie. Lo\u00efc Stoll, quant \u00e0 lui, a d\u00e9montr\u00e9 un niveau de jeu remarquable, en particulier lors de son match contre la Croatie.<\/p>\n<p>Il est essentiel de noter que les joueurs suisses ont \u00e9t\u00e9 confront\u00e9s \u00e0 une concurrence f\u00e9roce, parfois m\u00eame \u00e0 des joueurs de renomm\u00e9e internationale. Cette situation met en lumi\u00e8re les d\u00e9fis consid\u00e9rables auxquels ils sont confront\u00e9s dans leur qu\u00eate de succ\u00e8s au niveau europ\u00e9en.<\/p>\n<p>Il est important de noter que les r\u00e9sultats ne refl\u00e8tent pas toujours la tension des matchs ni l&rsquo;\u00e9volution du jeu. Par exemple, la mani\u00e8re dont Lo\u00efc Stoll a r\u00e9ussi \u00e0 remonter un set alors qu&rsquo;il \u00e9tait en retard de trois points est un t\u00e9moignage de sa d\u00e9termination. De plus, il est \u00e9vident que le niveau de jeu des joueurs suisses s&rsquo;est nettement am\u00e9lior\u00e9 depuis les derniers tournois WTT, ce qui montre leur engagement continu envers l&rsquo;am\u00e9lioration de leurs comp\u00e9tences.<\/p>\n<p><a href=\"https:\/\/www.ettu.org\/en\/events\/european-teams-championships-\/final-stage\/\">R\u00e9sultats<\/a><\/p>\n","protected":false},"excerpt":{"rendered":"<p>Du 10 au 12 septembre, l\u2019\u00e9quipe nationale suisse de tennis de table s&rsquo;est rendue \u00e0 Malm\u00f6 pour participer aux tr\u00e8s&hellip;<\/p>\n","protected":false},"author":8,"featured_media":25407,"comment_status":"closed","ping_status":"closed","sticky":false,"template":"","format":"standard","meta":{"_monsterinsights_skip_tracking":false,"_monsterinsights_sitenote_active":false,"_monsterinsights_sitenote_note":"","_monsterinsights_sitenote_category":0,"footnotes":""},"categories":[118],"tags":[],"class_list":["post-25413","post","type-post","status-publish","format-standard","has-post-thumbnail","hentry","category-sport-d-elite"],"_links":{"self":[{"href":"https:\/\/www.swisstabletennis.ch\/fr\/wp-json\/wp\/v2\/posts\/25413","targetHints":{"allow":["GET"]}}],"collection":[{"href":"https:\/\/www.swisstabletennis.ch\/fr\/wp-json\/wp\/v2\/posts"}],"about":[{"href":"https:\/\/www.swisstabletennis.ch\/fr\/wp-json\/wp\/v2\/types\/post"}],"author":[{"embeddable":true,"href":"https:\/\/www.swisstabletennis.ch\/fr\/wp-json\/wp\/v2\/users\/8"}],"replies":[{"embeddable":true,"href":"https:\/\/www.swisstabletennis.ch\/fr\/wp-json\/wp\/v2\/comments?post=25413"}],"version-history":[{"count":0,"href":"https:\/\/www.swisstabletennis.ch\/fr\/wp-json\/wp\/v2\/posts\/25413\/revisions"}],"wp:featuredmedia":[{"embeddable":true,"href":"https:\/\/www.swisstabletennis.ch\/fr\/wp-json\/wp\/v2\/media\/25407"}],"wp:attachment":[{"href":"https:\/\/www.swisstabletennis.ch\/fr\/wp-json\/wp\/v2\/media?parent=25413"}],"wp:term":[{"taxonomy":"category","embeddable":true,"href":"https:\/\/www.swisstabletennis.ch\/fr\/wp-json\/wp\/v2\/categories?post=25413"},{"taxonomy":"post_tag","embeddable":true,"href":"https:\/\/www.swisstabletennis.ch\/fr\/wp-json\/wp\/v2\/tags?post=25413"}],"curies":[{"name":"wp","href":"https:\/\/api.w.org\/{rel}","templated":true}]}}