{"id":25656,"date":"2023-09-27T15:00:16","date_gmt":"2023-09-27T13:00:16","guid":{"rendered":"https:\/\/www.swisstabletennis.ch\/?p=25656"},"modified":"2023-09-27T15:00:16","modified_gmt":"2023-09-27T13:00:16","slug":"des-medailles-remportees-lors-de-lopen-en-serbie","status":"publish","type":"post","link":"https:\/\/www.swisstabletennis.ch\/fr\/des-medailles-remportees-lors-de-lopen-en-serbie\/","title":{"rendered":"Des m\u00e9dailles remport\u00e9es lors de l&rsquo;Open en Serbie"},"content":{"rendered":"<h6>Comme pr\u00e9c\u00e9demment mentionn\u00e9 dans notre premier article sur l&rsquo;Open de Serbie, l&rsquo;\u00e9quipe suisse s&rsquo;est qualifi\u00e9e pour la finale face \u00e0 l&rsquo;\u00e9quipe hongroise num\u00e9ro un. Malgr\u00e9 le fait que les Suissesses avaient d\u00e9j\u00e0 affront\u00e9 la m\u00eame \u00e9quipe la veille, elles \u00e9taient d\u00e9termin\u00e9es \u00e0 remporter la m\u00e9daille d&rsquo;or.<\/h6>\n<p>&nbsp;<\/p>\n<p>Texte : Raouf Morsi \/ Photos : Priv\u00e9<\/p>\n<p>&nbsp;<\/p>\n<p><a href=\"https:\/\/www.swisstabletennis.ch\/fr\/akhyata-patra-et-enya-hu-atteignent-la-finale-par-equipe\/\">Lire la premi\u00e8re partie<\/a><\/p>\n<p>Le premier match a oppos\u00e9 Enya Hu \u00e0 Lizett Fazekas. Malgr\u00e9 une performance solide d&rsquo;Enya Hu, elle n&rsquo;a pas r\u00e9ussi \u00e0 d\u00e9stabiliser son adversaire et a d\u00fb s&rsquo;incliner 0-3 (7:11 ; 6:11 ; 5:11). De l&rsquo;autre c\u00f4t\u00e9, Akhyata Patra a remport\u00e9 en toute s\u00e9r\u00e9nit\u00e9 sa rencontre contre Szonja Sz\u00f6gi avec un score de 3-0 (11:7 ; 11:7 ; 11:2).<\/p>\n<p>Le match en double a \u00e9t\u00e9 tendu \u00e0 chaque set, mais les Suissesses ont finalement pr\u00e9valu avec un score de 3-0 (11:9 ; 12:10 ; 11:9).<\/p>\n<p>Lorsqu&rsquo;il ne restait plus qu&rsquo;un match \u00e0 remporter pour d\u00e9crocher la m\u00e9daille d&rsquo;or, Akhyata Patra n&rsquo;a malheureusement pas r\u00e9ussi \u00e0 remporter son match contre Lizett Fazekas malgr\u00e9 un excellent d\u00e9but et un troisi\u00e8me set tr\u00e8s serr\u00e9. Le score final \u00e9tait de 1-3 (11:2 ; 6:11 ; 10:12 ; 6:11), laissant la rencontre entre Enya Hu et Szonja Sz\u00f6gi d\u00e9terminer la couleur de la m\u00e9daille que les joueuses rapporteraient.<\/p>\n<p>Enya Hu a remport\u00e9 avec confiance le premier set, mais apr\u00e8s avoir perdu deux sets cons\u00e9cutifs, la jeune Suissesse a progressivement perdu sa concentration et a finalement \u00e9t\u00e9 battue 1-3 (11:7 ; 7:11 ; 5:11 ; 2:11).<\/p>\n<p>Bien que la m\u00e9daille d&rsquo;or ait \u00e9chapp\u00e9 de peu \u00e0 la Suisse, ce duo a montr\u00e9 sa capacit\u00e9 d&rsquo;adaptation apr\u00e8s un seul match contre la m\u00eame \u00e9quipe la veille, et a prouv\u00e9 qu&rsquo;elle \u00e9tait comp\u00e9titive \u00e0 un niveau europ\u00e9en \u00e9lev\u00e9.<\/p>\n<p><strong>Matchs de groupe U13 :<\/strong><\/p>\n<p>Les athl\u00e8tes suisses ont continu\u00e9 \u00e0 briller dans diff\u00e9rentes cat\u00e9gories. Enya Hu a commenc\u00e9 cette phase avec un match captivant contre Nada Radojcic de Serbie. Malgr\u00e9 la r\u00e9sistance farouche de son adversaire, Enya Hu a finalement triomph\u00e9 en cinq sets tendus (11:8 ; 11:13 ; 11:8 ; 9:11 ; 11:5). La benjamine a encha\u00een\u00e9 avec une victoire en trois sets nets contre Monika Stajkovska de Mac\u00e9doine du Nord (11:4 ; 11:2 ; 12:10), ajoutant ainsi une autre victoire \u00e0 son impressionnante s\u00e9rie de performances individuelles.<\/p>\n<p>De son c\u00f4t\u00e9, Akhyata Patra a \u00e9galement d\u00e9montr\u00e9 sa puissance en battant Emili Miul de Serbie en trois sets nets (11:4 ; 11:8 ; 11:6). Elle a \u00e9galement livr\u00e9 un match passionnant contre Nada Dulovic de Bosnie, remportant le match en quatre sets (11:3 ; 13:11 ; 8:11 ; 11:8). La journ\u00e9e d&rsquo;Akhyata Patra s&rsquo;est termin\u00e9e sur une autre victoire 3-0 contre la Hongroise Izabell Ivanics (11:8 ; 11:8 ; 11:9), laissant la Suisse avec un bilan de 5 victoires et 0 d\u00e9faites dans cette cat\u00e9gorie.<\/p>\n<p><strong>Matchs de groupe U15 :<\/strong><\/p>\n<p>La cat\u00e9gorie U15 a \u00e9t\u00e9 plus comp\u00e9titive, mais les deux athl\u00e8tes suisses ont r\u00e9ussi \u00e0 se distinguer.<\/p>\n<p>Akhyata Patra a d\u00e9but\u00e9 avec un match contre Teodora Miul de Serbie. Apr\u00e8s un premier set difficile, elle a trouv\u00e9 son rythme et a remport\u00e9 le match 3-1, en particulier en dominant le quatri\u00e8me set (7:11 ; 11:3 ; 11:0 ; 11:6). Dans un match contre Elisa Meyer de l&rsquo;Allemagne, Akhyata Patra a montr\u00e9 de la r\u00e9silience, mais a finalement perdu 1-3 (9:11 ; 11:9 ; 5:11 ; 9:11) face \u00e0 une adversaire coriace. Elle a ensuite poursuivi sur sa lanc\u00e9e en affrontant Izabell Ivanics de Hongrie, remportant ce match avec autorit\u00e9 en quatre sets (11:9 ; 12:14 ; 11:6 ; 11:5).<\/p>\n<p>De son c\u00f4t\u00e9, Enya Hu a \u00e9galement impressionn\u00e9 dans la cat\u00e9gorie U15 simple. Elle a d\u00e9but\u00e9 avec une victoire convaincante en trois sets contre Nada Radojcic de Serbie (12:10 ; 11:6 ; 11:5). Son match suivant contre Nela Ondrusova de Slovaquie a \u00e9t\u00e9 tr\u00e8s disput\u00e9, mais Enya Hu a montr\u00e9 sa r\u00e9silience en remportant le match 3-2 (11:2 ; 11:9 ; 9:11 ; 10:12 ; 11:6), ajoutant ainsi une victoire pr\u00e9cieuse \u00e0 son palmar\u00e8s. Enya Hu a continu\u00e9 sa s\u00e9rie de victoires en battant Monika Stajkovska de Mac\u00e9doine du Nord en trois sets nets (11:8 ; 11:9 ; 13:11), terminant la journ\u00e9e sans aucune d\u00e9faite.<\/p>\n<p><strong>Tableau principal U13 :<\/strong><\/p>\n<p>Dans le Top8, Enya Hu a affront\u00e9 la Hongroise Zsofia Fegyver dans un match intense. Malgr\u00e9 sa d\u00e9termination, Enya a finalement d\u00fb s&rsquo;incliner 1-3 (11:13 ; 9:11 ; 11:6 ; 8:11).<\/p>\n<p>En revanche, Akhyata Patra a r\u00e9alis\u00e9 une performance impressionnante dans le top 8 en affrontant Teodora Sudzum de Serbie. Elle a montr\u00e9 sa capacit\u00e9 de r\u00e9sistance apr\u00e8s avoir perdu le premier set en remportant le match 3:1 (9:11 ; 11:9 ; 11:3 ; 11:6), prouvant ainsi sa capacit\u00e9 \u00e0 s&rsquo;adapter et \u00e0 rebondir.<\/p>\n<p>En demi-finale, Akhyata Patra a toutefois affront\u00e9 Lizett Fezakas de Hongrie. Malheureusement, malgr\u00e9 ses efforts, elle a d\u00fb s&rsquo;incliner 0-3 (7:11 ; 7:11 ; 9:11), mais elle a d\u00e9croch\u00e9 tout de m\u00eame la m\u00e9daille de bronze.<\/p>\n<p><strong>Tableau principal U15 :<\/strong><\/p>\n<p>Akhyata Patra a d\u00e9marr\u00e9 dans le Top32 U15 avec un match contre Fani Jovanoska de Mac\u00e9doine. Malgr\u00e9 quelques moments tendus, elle a finalement remport\u00e9 le match 3-1 (11:7 ; 14:12 ; 4:11 ; 11:8). Le Top16 a apport\u00e9 un d\u00e9fi encore plus grand pour Akhyata Patra, alors qu&rsquo;elle affrontait la redoutable Szonja Sz\u00f6gi de Hongrie. Ce match tendu s&rsquo;est conclu par une d\u00e9faite 2-3 (3:11 ; 11:7 ; 9:11 ; 11:4 ; 4:11), mettant en lumi\u00e8re le niveau de jeu de la championne en match d&rsquo;\u00e9quipe.<\/p>\n<p>De l&rsquo;autre c\u00f4t\u00e9, Enya Hu a continu\u00e9 \u00e0 briller. Ayant atteint directement le Top16, elle a rencontr\u00e9 Zsofia Fegyver de Hongrie et a livr\u00e9 une performance impressionnante, remportant le match en quatre sets (10:12 ; 11:5 ; 11:9 ; 11:9). Cependant, Enya Hu a \u00e9t\u00e9 confront\u00e9e \u00e0 une autre adversaire hongroise coriace, Sophie Barcsai, dans les quarts de finale U15. Malgr\u00e9 ses efforts, elle a finalement \u00e9t\u00e9 battue 0-3 (7:11 ; 6:11 ; 9:11).<\/p>\n<p><strong>Tableau principal U13 double mixte :<\/strong><\/p>\n<p>Akhyata Patra &amp; Abraham Sellado d&rsquo;Angleterre ont entam\u00e9 le tour principal du double mixte avec un match difficile contre le duo serbe compos\u00e9 d&rsquo;Ignjat Jakovljev &amp; Emili Miul. Le match s&rsquo;est d\u00e9roul\u00e9 en cinq sets palpitants, mais c&rsquo;est finalement le duo helv\u00e9tico-anglais qui a \u00e9merg\u00e9 victorieux avec un score de 3-2 (10:12 ; 11:4 ; 11:8 ; 6:11 ; 11:8). Leur d\u00e9termination et leur capacit\u00e9 \u00e0 revenir dans le match ont \u00e9t\u00e9 impressionnantes.<\/p>\n<p>Cependant, dans un autre match contre Malik Severinsen du Danemark &amp; Szonja Sz\u00f6gi de la Hongrie, notre duo a \u00e9t\u00e9 confront\u00e9 \u00e0 une opposition coriace. Malgr\u00e9 une lutte acharn\u00e9e, ils ont finalement conc\u00e9d\u00e9 sur le score 1-3 (4:11 ; 15:13 ; 10:12 ; 9:11), mettant fin \u00e0 leur parcours dans cette cat\u00e9gorie.<\/p>\n<p>De l&rsquo;autre c\u00f4t\u00e9, Enya Hu &amp; Peadar Sheridan d&rsquo;Irlande ont \u00e9galement montr\u00e9 leur potentiel dans le double mixte. Ils ont commenc\u00e9 par un match convaincant contre Nikola Miladinovic &amp; Nada Radojcic de Serbie, remportant le match 3-0 (11:4 ; 11:7 ; 11:2) avec une performance solide.<\/p>\n<p>Dans leur deuxi\u00e8me match, Enya Hu &amp; Peadar Sheridan ont affront\u00e9 Vukasin Kecman &amp; Nada Dulovic de Bosnie-Herz\u00e9govine. Malgr\u00e9 des moments tendus, le duo a r\u00e9ussi \u00e0 l&#8217;emporter 3-1 (11:6 ; 9:11 ; 11:7 ; 11:8).<\/p>\n<p>En demi-finale, ils ont rencontr\u00e9 les redoutables Malik Severinsen &amp; Szonja Sz\u00f6gi, qui avaient \u00e9limin\u00e9 l&rsquo;\u00e9quipe d&rsquo;Akhyata Patra juste auparavant. Malgr\u00e9 une lutte acharn\u00e9e, ils d\u00fb \u00e9galement s&rsquo;avouer vaincus avec un score de 1-3 (6:11 ; 11:7 ; 7:11 ; 7:11), mais ils sont tout de m\u00eame repartis avec un troph\u00e9e.<\/p>\n<p><a href=\"https:\/\/www.swisstabletennis.ch\/wp-content\/uploads\/2023\/09\/382770421_1049403953094481_6645288562581752722_n-1024x937.jpg\"><img fetchpriority=\"high\" decoding=\"async\" class=\"alignnone wp-image-25660 size-large\" src=\"https:\/\/www.swisstabletennis.ch\/wp-content\/uploads\/2023\/09\/382770421_1049403953094481_6645288562581752722_n-1024x937.jpg\" alt=\"\" width=\"1024\" height=\"937\" srcset=\"https:\/\/www.swisstabletennis.ch\/wp-content\/uploads\/2023\/09\/382770421_1049403953094481_6645288562581752722_n-1024x937.jpg 1024w, https:\/\/www.swisstabletennis.ch\/wp-content\/uploads\/2023\/09\/382770421_1049403953094481_6645288562581752722_n-300x275.jpg 300w, https:\/\/www.swisstabletennis.ch\/wp-content\/uploads\/2023\/09\/382770421_1049403953094481_6645288562581752722_n-768x703.jpg 768w, https:\/\/www.swisstabletennis.ch\/wp-content\/uploads\/2023\/09\/382770421_1049403953094481_6645288562581752722_n-1536x1406.jpg 1536w, https:\/\/www.swisstabletennis.ch\/wp-content\/uploads\/2023\/09\/382770421_1049403953094481_6645288562581752722_n-370x339.jpg 370w, https:\/\/www.swisstabletennis.ch\/wp-content\/uploads\/2023\/09\/382770421_1049403953094481_6645288562581752722_n-818x749.jpg 818w, https:\/\/www.swisstabletennis.ch\/wp-content\/uploads\/2023\/09\/382770421_1049403953094481_6645288562581752722_n-406x372.jpg 406w, https:\/\/www.swisstabletennis.ch\/wp-content\/uploads\/2023\/09\/382770421_1049403953094481_6645288562581752722_n-600x549.jpg 600w, https:\/\/www.swisstabletennis.ch\/wp-content\/uploads\/2023\/09\/382770421_1049403953094481_6645288562581752722_n-500x458.jpg 500w, https:\/\/www.swisstabletennis.ch\/wp-content\/uploads\/2023\/09\/382770421_1049403953094481_6645288562581752722_n-400x366.jpg 400w, https:\/\/www.swisstabletennis.ch\/wp-content\/uploads\/2023\/09\/382770421_1049403953094481_6645288562581752722_n-32x29.jpg 32w, https:\/\/www.swisstabletennis.ch\/wp-content\/uploads\/2023\/09\/382770421_1049403953094481_6645288562581752722_n.jpg 2048w\" sizes=\"(max-width: 1024px) 100vw, 1024px\" \/><\/a><\/p>\n<p>\u00ab\u00a0<em>Akhyata a r\u00e9alis\u00e9 un tr\u00e8s bon tournoi dans l&rsquo;ensemble et a fait de gros progr\u00e8s. Sa pr\u00e9sence \u00e0 la table s&rsquo;est fortement am\u00e9lior\u00e9e et a \u00e9t\u00e9 positive de bout en bout. De plus, sa mani\u00e8re de jouer \u00e9tait fondamentalement active. Elle n&rsquo;a pas attendu les erreurs de son adversaire, mais a essay\u00e9 de marquer elle-m\u00eame les points. Vers la fin du tournoi, apr\u00e8s plus de 30 matches, elle n&rsquo;a pas pu maintenir sa bonne condition physique, sinon elle aurait pu faire encore mieux. Nous devons encore travailler sur la pers\u00e9v\u00e9rance.<\/em>\u00a0\u00bb<\/p>\n<p>\u00ab\u00a0<em>Enya a eu de tr\u00e8s bonnes phases au cours du tournoi. Parfois, elle veut forcer le point trop vite, puis elle frappe les balles trop fort et commet des erreurs. D\u00e8s qu&rsquo;Enya se d\u00e9place bien et donne de la rotation aux balles, elle a un niveau de jeu tr\u00e8s \u00e9lev\u00e9 pour son \u00e2ge. Elle est alors capable de jouer de longs \u00e9changes et de gagner des points. Dans l&rsquo;ensemble, les deux ont montr\u00e9 une tr\u00e8s bonne performance sur laquelle nous pouvons continuer \u00e0 construire<\/em>\u00a0\u00bb a comment\u00e9 l&rsquo;entra\u00eeneur Pedro Pelz<\/p>\n<p><a href=\"https:\/\/www.ettu.org\/en\/events\/europe-youth-series\/serbia-open\/\">R\u00e9sultats<\/a><\/p>\n<p><a href=\"https:\/\/www.swisstabletennis.ch\/wp-content\/uploads\/2023\/09\/Pedro-Pelz-coaching-Serbia-Open.jpg\"><img decoding=\"async\" class=\"alignnone wp-image-25651 size-full\" src=\"https:\/\/www.swisstabletennis.ch\/wp-content\/uploads\/2023\/09\/Pedro-Pelz-coaching-Serbia-Open.jpg\" alt=\"\" width=\"756\" height=\"429\" srcset=\"https:\/\/www.swisstabletennis.ch\/wp-content\/uploads\/2023\/09\/Pedro-Pelz-coaching-Serbia-Open.jpg 756w, https:\/\/www.swisstabletennis.ch\/wp-content\/uploads\/2023\/09\/Pedro-Pelz-coaching-Serbia-Open-300x170.jpg 300w, https:\/\/www.swisstabletennis.ch\/wp-content\/uploads\/2023\/09\/Pedro-Pelz-coaching-Serbia-Open-370x210.jpg 370w, https:\/\/www.swisstabletennis.ch\/wp-content\/uploads\/2023\/09\/Pedro-Pelz-coaching-Serbia-Open-406x230.jpg 406w, https:\/\/www.swisstabletennis.ch\/wp-content\/uploads\/2023\/09\/Pedro-Pelz-coaching-Serbia-Open-600x340.jpg 600w, https:\/\/www.swisstabletennis.ch\/wp-content\/uploads\/2023\/09\/Pedro-Pelz-coaching-Serbia-Open-500x284.jpg 500w, https:\/\/www.swisstabletennis.ch\/wp-content\/uploads\/2023\/09\/Pedro-Pelz-coaching-Serbia-Open-400x227.jpg 400w, https:\/\/www.swisstabletennis.ch\/wp-content\/uploads\/2023\/09\/Pedro-Pelz-coaching-Serbia-Open-32x18.jpg 32w, https:\/\/www.swisstabletennis.ch\/wp-content\/uploads\/2023\/09\/Pedro-Pelz-coaching-Serbia-Open-270x152.jpg 270w\" sizes=\"(max-width: 756px) 100vw, 756px\" \/><\/a><\/p>\n<p>&nbsp;<\/p>\n","protected":false},"excerpt":{"rendered":"<p>Comme pr\u00e9c\u00e9demment mentionn\u00e9 dans notre premier article sur l&rsquo;Open de Serbie, l&rsquo;\u00e9quipe suisse s&rsquo;est qualifi\u00e9e pour la finale face \u00e0&hellip;<\/p>\n","protected":false},"author":8,"featured_media":25666,"comment_status":"closed","ping_status":"closed","sticky":false,"template":"","format":"standard","meta":{"_monsterinsights_skip_tracking":false,"_monsterinsights_sitenote_active":false,"_monsterinsights_sitenote_note":"","_monsterinsights_sitenote_category":0,"footnotes":""},"categories":[118],"tags":[],"class_list":["post-25656","post","type-post","status-publish","format-standard","has-post-thumbnail","hentry","category-sport-d-elite"],"_links":{"self":[{"href":"https:\/\/www.swisstabletennis.ch\/fr\/wp-json\/wp\/v2\/posts\/25656","targetHints":{"allow":["GET"]}}],"collection":[{"href":"https:\/\/www.swisstabletennis.ch\/fr\/wp-json\/wp\/v2\/posts"}],"about":[{"href":"https:\/\/www.swisstabletennis.ch\/fr\/wp-json\/wp\/v2\/types\/post"}],"author":[{"embeddable":true,"href":"https:\/\/www.swisstabletennis.ch\/fr\/wp-json\/wp\/v2\/users\/8"}],"replies":[{"embeddable":true,"href":"https:\/\/www.swisstabletennis.ch\/fr\/wp-json\/wp\/v2\/comments?post=25656"}],"version-history":[{"count":0,"href":"https:\/\/www.swisstabletennis.ch\/fr\/wp-json\/wp\/v2\/posts\/25656\/revisions"}],"wp:featuredmedia":[{"embeddable":true,"href":"https:\/\/www.swisstabletennis.ch\/fr\/wp-json\/wp\/v2\/media\/25666"}],"wp:attachment":[{"href":"https:\/\/www.swisstabletennis.ch\/fr\/wp-json\/wp\/v2\/media?parent=25656"}],"wp:term":[{"taxonomy":"category","embeddable":true,"href":"https:\/\/www.swisstabletennis.ch\/fr\/wp-json\/wp\/v2\/categories?post=25656"},{"taxonomy":"post_tag","embeddable":true,"href":"https:\/\/www.swisstabletennis.ch\/fr\/wp-json\/wp\/v2\/tags?post=25656"}],"curies":[{"name":"wp","href":"https:\/\/api.w.org\/{rel}","templated":true}]}}